
{"id":4477,"date":"2018-03-22T23:03:20","date_gmt":"2018-03-22T22:03:20","guid":{"rendered":"https:\/\/passent.blog.polityka.pl\/?p=4477"},"modified":"2018-03-23T07:19:13","modified_gmt":"2018-03-23T06:19:13","slug":"za-malo-i-za-pozno","status":"publish","type":"post","link":"https:\/\/blog.polityka.pl\/passent\/2018\/03\/22\/za-malo-i-za-pozno\/","title":{"rendered":"Za ma\u0142o i za p\u00f3\u017ano"},"content":{"rendered":"<p>Jeszcze wczoraj, ba, jeszcze dzisiaj rano obowi\u0105zywa\u0142o has\u0142o \u201eNie oddamy ani guzika\u201d. W meczu Polska kontra reszta \u015bwiata mieli\u015bmy we wszystkim racj\u0119: s\u0142usznie rz\u0105d nie publikowa\u0142 orzecze\u0144 Trybuna\u0142u, s\u0142usznie minister m\u00f3g\u0142 sam, wedle w\u0142asnego widzimisi\u0119, mianowa\u0107 i odwo\u0142ywa\u0107 prezes\u00f3w s\u0105d\u00f3w, s\u0142usznie bronimy nowelizacji ustawy o IPN, \u017ceby nikt na \u015bwiecie nas nie pomawia\u0142, s\u0142usznie kobiety w s\u0105dach maj\u0105 orzeka\u0107 do 60., a nie \u2013 jak m\u0119\u017cczy\u017ani \u2013 do 65. roku id itp.<br \/>\n<!--more--><br \/>\nJe\u015bli kto\u015b by\u0142 przeciwko dobrej zmianie, to tylko \u201eulica i zagranica\u201d. Z USA \u2013 stosunki \u015bwietne. Lepszych nie by\u0142o. Z Bruksel\u0105 \u2013 toczy si\u0119 dialog. Izrael? Izrael nie b\u0119dzie nam stanowi\u0142 praw. Jeste\u015bmy suwerenni, powstali\u015bmy z kolan, cho\u0107 opozycji i mediom g\u0142\u00f3wnego \u015bcieku to si\u0119 mo\u017ce nie podoba\u0107. Wenecja niczego nie rozumie. Obama, Kerry, Tillerson byli niedoinformowani. Komisja Europejska to nie jest rz\u0105d, Parlament Europejski to nie jest nasz Sejm.<\/p>\n<p>A\u017c tu nagle, w czwartek, 22 marca, co\u015b p\u0119k\u0142o. Orzeczenia Trybuna\u0142u Konstytucyjnego, cho\u0107 ju\u017c dzi\u015b bez znaczenia, tylko \u201ehistoryczne\u201d, rz\u0105d jednak opublikuje. Dlaczego? &#8222;To gest pod adresem Unii Europejskiej&#8221; \u2013 m\u00f3wi pose\u0142 Ast (PiS). Czy gest, kt\u00f3ry polega na tym, \u017ce po latach og\u0142asza si\u0119 orzeczenie dzi\u015b ju\u017c zabytkowe, nie jest pusty? Liczymy na to, \u017ce \u201eurz\u0119dnicy\u201d w Brukseli tego nie skojarz\u0105.<\/p>\n<p>Poprawimy ustaw\u0119 o IPN, bo idea, \u017ceby goni\u0107 po ca\u0142ym \u015bwiecie ka\u017cdego, kto nas szkaluje, jest \u201edysfunkcjonalna\u201d i narusza powag\u0119 pa\u0144stwa polskiego \u2013 m\u00f3wi minister Ziobro, patron ustawy, z powodu kt\u00f3rej Izrael i Waszyngton podnios\u0142y alarm, a przed nimi robili to ju\u017c powa\u017cni, przyzwoici ludzie w Polsce i za granic\u0105.<\/p>\n<p>Minister sprawiedliwo\u015bci, zanim odwo\u0142a lub mianuje prezesa s\u0105du, b\u0119dzie teraz musia\u0142 konsultowa\u0107 si\u0119 z kolegium s\u0119dzi\u00f3w itd. itd.<\/p>\n<p>Co to wszystko oznacza? Po pierwsze, zgadzam si\u0119 z prof. \u015apiewakiem, kt\u00f3ry powiedzia\u0142 w TVN 24, \u017ce w konfrontacji z Polsk\u0105 Unia Europejska przegra\u0142a, Polska ju\u017c wygra\u0142a batali\u0119 z UE o praworz\u0105dno\u015b\u0107. Trzej legalnie wybrani s\u0119dziowie nadal nie zasiadaj\u0105 w Trybunale Konstytucyjnym, a trzech zasiadaj\u0105cych nie mo\u017ce orzeka\u0107 (!) &#8211; nie mamy wi\u0119c TK. Minister Ziobro ju\u017c wymieni\u0142 dziesi\u0105tki prezes\u00f3w i wiceprezes\u00f3w s\u0105d\u00f3w, bez \u017cadnych konsultacji. Podobnie sta\u0142o si\u0119 z KRS \u2013 kiedy\u015b wybieran\u0105 przez s\u0119dzi\u00f3w, dzisiaj przez polityk\u00f3w. W sumie dobra zmiana si\u0119 dokona\u0142a i \u2013 jak m\u00f3wi minister Czaputowicz \u2013 wi\u0119ksze zmiany oznacza\u0142yby katastrof\u0119 wymiaru sprawiedliwo\u015bci.<\/p>\n<p>Najnowsza oferta rz\u0105du polskiego ma stworzy\u0107 wra\u017cenie, \u017ce rz\u0105d polski jest elastyczny, idzie na ust\u0119pstwa, wyci\u0105ga r\u0119k\u0119, a faktycznie pozoruje, gdy\u017c wymiar sprawiedliwo\u015bci jest zgwa\u0142cony, podobnie jak konstytucja. Terasz wida\u0107, sk\u0105d bra\u0142a si\u0119 ta szybko\u015b\u0107 we wdra\u017caniu dobrej zmiany \u2013 dwa dni na ustaw\u0119, jedna noc na podpis prezydenta i teraz Unia Europejska jest postawiona wobec fakt\u00f3w dokonanych. Zwolennicy elastyczno\u015bci wobec Polski dostali \u201eargumenty\u201d, wi\u0119c mo\u017ce jeszcze jedno lub dwa pa\u0144stwa do\u0142\u0105cz\u0105 do W\u0119gier i pa\u0144stw ba\u0142tyckich w obronie polskiego rz\u0105du.<\/p>\n<p>Wreszcie ju\u017c sam fakt, \u017ce rz\u0105d w Warszawie ugina si\u0119 pod presj\u0105 ulicy i \u2013 przede wszystkim &#8211; zagranicy, \u015bwiadczy o tym, \u017ce op\u00f3r nie jest bez sensu. Musi trwa\u0107.<\/p>\n","protected":false},"excerpt":{"rendered":"<p>Jeszcze wczoraj, ba, jeszcze dzisiaj rano obowi\u0105zywa\u0142o has\u0142o \u201eNie oddamy ani guzika\u201d. W meczu Polska kontra reszta \u015bwiata mieli\u015bmy we wszystkim racj\u0119: s\u0142usznie rz\u0105d nie publikowa\u0142 orzecze\u0144 Trybuna\u0142u, s\u0142usznie minister m\u00f3g\u0142 sam, wedle w\u0142asnego widzimisi\u0119, mianowa\u0107 i odwo\u0142ywa\u0107 prezes\u00f3w s\u0105d\u00f3w, s\u0142usznie bronimy nowelizacji ustawy o IPN, \u017ceby nikt na \u015bwiecie nas nie pomawia\u0142, s\u0142usznie kobiety [&hellip;]<\/p>\n","protected":false},"author":4,"featured_media":0,"comment_status":"open","ping_status":"closed","sticky":false,"template":"","format":"standard","meta":{"footnotes":""},"categories":[1],"tags":[],"_links":{"self":[{"href":"https:\/\/blog.polityka.pl\/passent\/wp-json\/wp\/v2\/posts\/4477"}],"collection":[{"href":"https:\/\/blog.polityka.pl\/passent\/wp-json\/wp\/v2\/posts"}],"about":[{"href":"https:\/\/blog.polityka.pl\/passent\/wp-json\/wp\/v2\/types\/post"}],"author":[{"embeddable":true,"href":"https:\/\/blog.polityka.pl\/passent\/wp-json\/wp\/v2\/users\/4"}],"replies":[{"embeddable":true,"href":"https:\/\/blog.polityka.pl\/passent\/wp-json\/wp\/v2\/comments?post=4477"}],"version-history":[{"count":4,"href":"https:\/\/blog.polityka.pl\/passent\/wp-json\/wp\/v2\/posts\/4477\/revisions"}],"predecessor-version":[{"id":4481,"href":"https:\/\/blog.polityka.pl\/passent\/wp-json\/wp\/v2\/posts\/4477\/revisions\/4481"}],"wp:attachment":[{"href":"https:\/\/blog.polityka.pl\/passent\/wp-json\/wp\/v2\/media?parent=4477"}],"wp:term":[{"taxonomy":"category","embeddable":true,"href":"https:\/\/blog.polityka.pl\/passent\/wp-json\/wp\/v2\/categories?post=4477"},{"taxonomy":"post_tag","embeddable":true,"href":"https:\/\/blog.polityka.pl\/passent\/wp-json\/wp\/v2\/tags?post=4477"}],"curies":[{"name":"wp","href":"https:\/\/api.w.org\/{rel}","templated":true}]}}