
{"id":449,"date":"2008-05-30T00:10:59","date_gmt":"2008-05-29T22:10:59","guid":{"rendered":"http:\/\/passent.blog.polityka.pl\/?p=449"},"modified":"2008-05-30T00:55:29","modified_gmt":"2008-05-29T22:55:29","slug":"to-byl-maj","status":"publish","type":"post","link":"https:\/\/blog.polityka.pl\/passent\/2008\/05\/30\/to-byl-maj\/","title":{"rendered":"To by\u0142 maj!"},"content":{"rendered":"<p><strong>Jest zbyt pi\u0119knie (mam na my\u015bli pogod\u0119), \u017ceby psu\u0107 sobie humor, potraktujmy wi\u0119c sprawy lekko, najlepiej z francusk\u0105 lekko\u015bci\u0105, bo zamierzam zacz\u0105\u0107 od wizyty prezydenta Sarkozy&#8217;ego<\/strong>.<\/p>\n<p>Niekt\u00f3re gazety w Polsce uzna\u0142y ju\u017c sam fakt, i\u017c do wizyty dosz\u0142o, za sukces, bo niesnaski na linii prezydent \u2013 premier grozi\u0142y, i\u017c prezydent Francji odwo\u0142a podr\u00f3\u017c. To bzdura! Nie jeste\u015bmy Malt\u0105 czy Andor\u0105, \u017ceby przyjazd prezydenta sam przez si\u0119 by\u0142 sukcesem. Ju\u017c raczej przypominamy Clochmerle, poniewa\u017c co rusz to skandal. Wizyta przebieg\u0142a na szcz\u0119\u015bcie bez kompromitacji, media skupione by\u0142y na perliczce, a politycy na Carli Bruni, co \u015bwiadczy o ich poziomie. Wiele zachwyt\u00f3w wywo\u0142a\u0142o przem\u00f3wienie prezydenta Francji w Zgromadzeniu Narodowym. Przem\u00f3wienie by\u0142o poprawne, a zachwyty \u015bwiadcz\u0105 o tym, \u017ce w Polsce jest popyt na dobre przem\u00f3wienia prezydenckie, jest to tzw. popyt od\u0142o\u017cony. Sensacji wizyta nie przynios\u0142a, zapowied\u017a otwarcia francuskiego rynku pracy jest wa\u017cna i przyjemna, ale nie zaskakuj\u0105ca. Du\u017co wi\u0119cej po takiej wizycie trudno si\u0119 spodziewa\u0107, francuski go\u015b\u0107 robi tournee po Europie, kt\u00f3rej wkr\u00f3tce b\u0119dzie przewodniczy\u0142, dobrze wi\u0119c mie\u0107 z nim dobre stosunki. I tyle.<\/p>\n<p>Gorzej wygl\u0105da\u0142a wyprawa prezydenta Kaczy\u0144skiego do Gruzji dla uczczenia 90. rocznicy og\u0142oszenia niepodleg\u0142o\u015bci tego kraju. Jak s\u0142usznie <a href=\"http:\/\/szostkiewicz.blog.polityka.pl\/?p=339\" target=\"_blank\"><strong>zauwa\u017cy\u0142 na swoim blogu Adam Szostkiewicz<\/strong><\/a>, Wiadomo\u015bci TVP dozna\u0142y z tego powodu uniesienia, uruchomiono studio w Tbilisi, Polak \u2013 Gruzin dwa bratanki itd. Ponad po\u0142owa Wiadomo\u015bci dotyczy\u0142a tego tematu, jak gdyby to by\u0142o wydarzenie historyczne, na miar\u0119 wystrzelenia pierwszego Sputnika lub l\u0105dowania na Ksi\u0119\u017cycu. A to tylko nasz prezydent wyl\u0105dowa\u0142 w Tbilisi, gdzie prowadzi polityk\u0119 nieco ksi\u0119\u017cycow\u0105, wbrew zasadzie \u201eszukaj przyjaci\u00f3\u0142 blisko, a wrog\u00f3w daleko\u201d.<\/p>\n<p>Przyjaci\u00f3\u0142 daleko szuka\u0142a tak\u017ce CBA, anga\u017cuj\u0105c FBI do zdemaskowania korupcji pos\u0142anki Beaty Sawickiej. Pomijam w tej chwili pytanie, czy anga\u017cowanie zagranicznej agencji do rozpracowania wewn\u0119trznej sprawy polskiej jest zgodne z prawem. Ale nawet gdyby nie by\u0142o wbrew przepisom, to powstaje pytanie, czy sprawa Beaty Sawickiej by\u0142a a\u017c takiego kalibru, \u017ce nale\u017ca\u0142o absorbowa\u0107 najbardziej znan\u0105 i pot\u0119\u017cn\u0105 s\u0142u\u017cb\u0119 na \u015bwiecie. Rozumia\u0142bym, gdyby chodzi\u0142o o spraw\u0119 donios\u0142\u0105, np. porwanie znanego polityka lub dyplomaty (jak pani Betancourt w Kolumbii), lub inny akt terroryzmu, ale o ile mi wiadomo \u2013 Platforma Obywatelska nie jest organizacj\u0105 terrorystyczn\u0105. A pos\u0142anka, kt\u00f3ra obiecuje za\u0142atwi\u0107 dzia\u0142k\u0119 na Helu i korzy\u015b\u0107 z prywatyzacji szpitala, to chyba jednak zbyt ma\u0142a p\u0142otka, \u017ceby trzeba by\u0142o podsuwa\u0107 jej na haczyku agent\u00f3w jedynego supermocarstwa. No, chyba \u017ce chodzi\u0142o o skompromitowanie opozycji \u2013 w\u00f3wczas wszystkie chwyty s\u0105 dozwolone.<\/p>\n<p>Donald Tusk jest tak niemrawy w rozliczaniu IV RP, \u017ce wida\u0107, i\u017c postawi\u0142 sobie za cel przywr\u00f3ceniu w Polsce spokoju i dobrych obyczaj\u00f3w. A mo\u017ce ma jeszcze jeden cel \u2013 dowie\u017a\u0107 si\u0119 tak do prezydentury, czemu nigdy nie zaprzeczy\u0142, i co nie jest niczym zdro\u017cnym. Pewien cudzoziemiec zapyta\u0142 mnie niedawno, dlaczego Donald Tusk mia\u0142by pragn\u0105\u0107 prezydentury, skoro premier ma 80 proc. w\u0142adzy, a prezydent \u2013 20 proc. Odpowiedzia\u0142em, \u017ce: 1) Ka\u017cdy \u017co\u0142nierz chce zosta\u0107 marsza\u0142kiem. 2) Wa\u0142\u0119sa i Kwa\u015bniewski s\u0105 postaciami takiego formatu, \u017ce by\u0142oby przyjemnie znale\u017a\u0107 si\u0119 z nimi w jednym szeregu. 3) Lech Kaczy\u0144ski uprawia taki model prezydentury, \u017ce przyjemnie by\u0142oby zosta\u0107 jego nast\u0119pc\u0105. 4) Prezydent Tusk plus premier Schetyna to dopiero by\u0142oby 100 proc. w\u0142adzy, co jest celem ka\u017cdego polityka. \u017be bracia K &amp; K tak\u0105 okazj\u0119 zmarnowali, to tylko jeden bodziec wi\u0119cej, \u017ceby im pokaza\u0107, \u201ejak zwyci\u0119\u017ca\u0107 mamy.\u201d<\/p>\n<p>Wreszcie projekt reformy samorz\u0105dowej, \u201emetropolie\u201d, decentralizacja w\u0142adzy. Kr\u00f3tko pisz\u0105c &#8211; popieram. Jaros\u0142aw Kaczy\u0144ski nies\u0142usznie straszy \u201elandyzacj\u0105\u201d, nawi\u0105zuj\u0105c do skojarze\u0144 z Niemcami (dziadek w Wehrmachcie, Herr Tusk itd.). System federalny narzucili Niemcom po II Wojnie alianci, przede wszystkim Amerykanie, zadowoleni ze swojej struktury stanowej. Chcieli tym samym os\u0142abi\u0107 w\u0142adz\u0119 centraln\u0105 RFN, \u017ceby ju\u017c nigdy nie zachcia\u0142o si\u0119 jednego, silnego pa\u0144stwa dowodzonego przez jednego przyw\u00f3dc\u0119. System land\u00f3w (kt\u00f3re maj\u0105 swoje parlamenty, rz\u0105dy, premier\u00f3w) powoduje, \u017ce w\u0142adza centralna ma kr\u00f3tkie r\u0119ce (pragnienie Kaczy\u0144skich jest dok\u0142adnie odwrotne \u2013 akcentuj\u0105 oni si\u0142\u0119 pa\u0144stwa, a nie prowincji ani samorz\u0105d\u00f3w). \u201eLandyzacja\u201d zak\u0142ada podzia\u0142 w\u0142adzy i \u015brodk\u00f3w. Zapobiega degeneracji opozycji, zw\u0142aszcza d\u0142ugotrwa\u0142ej, bowiem mo\u017cna by\u0107 w opozycji w Bundestagu i straci\u0107 w\u0142adz\u0119 w centrum, w skali kraju, ale zachowa\u0107 j\u0105 w landach, a wi\u0119c nie by\u0107 zwolnionym od odpowiedzialno\u015bci i nie by\u0107 tylko \u201ena nie\u201d. System niemiecki sprawdza si\u0119 w mediach publicznych \u2013 w radiu i w telewizji. Wreszcie system federalny jest zgodny z duchem globalizacji oraz integracji europejskiej, kiedy mniej licz\u0105 si\u0119 organizmy pa\u0144stwowe, a ro\u015bnie znaczenie &#8222;ma\u0142ych ojczyzn\u201d \u2013 miast, prowincji i land\u00f3w. Dlatego moja reakcja brzmi \u201eyes, yes, yes\u201d.<\/p>\n<p>Poza tym decentralizacja i jej projekt przedstawiony przez Tuska to zr\u0119czne posuni\u0119cie \u2013 pokazuje, \u017ce rz\u0105d co\u015b robi, ma\u0142o kogo antagonizuje, koszty polityczne s\u0105 niewielkie. W sumie \u2013 mo\u017ce si\u0119 Platformie op\u0142aca\u0107.<\/p>\n<p>\u201eI to by by\u0142o na tyle\u201d \u2013 jak zwyk\u0142 ko\u0144czy\u0107 Jan Tadeusz Stanis\u0142awski.<\/p>\n","protected":false},"excerpt":{"rendered":"<p>Jest zbyt pi\u0119knie (mam na my\u015bli pogod\u0119), \u017ceby psu\u0107 sobie humor, potraktujmy wi\u0119c sprawy lekko, najlepiej z francusk\u0105 lekko\u015bci\u0105, bo zamierzam zacz\u0105\u0107 od wizyty prezydenta Sarkozy&#8217;ego. Niekt\u00f3re gazety w Polsce uzna\u0142y ju\u017c sam fakt, i\u017c do wizyty dosz\u0142o, za sukces, bo niesnaski na linii prezydent \u2013 premier grozi\u0142y, i\u017c prezydent Francji odwo\u0142a podr\u00f3\u017c. To bzdura! [&hellip;]<\/p>\n","protected":false},"author":4,"featured_media":0,"comment_status":"open","ping_status":"open","sticky":false,"template":"","format":"standard","meta":{"footnotes":""},"categories":[1],"tags":[],"_links":{"self":[{"href":"https:\/\/blog.polityka.pl\/passent\/wp-json\/wp\/v2\/posts\/449"}],"collection":[{"href":"https:\/\/blog.polityka.pl\/passent\/wp-json\/wp\/v2\/posts"}],"about":[{"href":"https:\/\/blog.polityka.pl\/passent\/wp-json\/wp\/v2\/types\/post"}],"author":[{"embeddable":true,"href":"https:\/\/blog.polityka.pl\/passent\/wp-json\/wp\/v2\/users\/4"}],"replies":[{"embeddable":true,"href":"https:\/\/blog.polityka.pl\/passent\/wp-json\/wp\/v2\/comments?post=449"}],"version-history":[{"count":0,"href":"https:\/\/blog.polityka.pl\/passent\/wp-json\/wp\/v2\/posts\/449\/revisions"}],"wp:attachment":[{"href":"https:\/\/blog.polityka.pl\/passent\/wp-json\/wp\/v2\/media?parent=449"}],"wp:term":[{"taxonomy":"category","embeddable":true,"href":"https:\/\/blog.polityka.pl\/passent\/wp-json\/wp\/v2\/categories?post=449"},{"taxonomy":"post_tag","embeddable":true,"href":"https:\/\/blog.polityka.pl\/passent\/wp-json\/wp\/v2\/tags?post=449"}],"curies":[{"name":"wp","href":"https:\/\/api.w.org\/{rel}","templated":true}]}}