
{"id":4504,"date":"2018-03-31T13:43:58","date_gmt":"2018-03-31T11:43:58","guid":{"rendered":"https:\/\/passent.blog.polityka.pl\/?p=4504"},"modified":"2018-03-31T23:29:01","modified_gmt":"2018-03-31T21:29:01","slug":"mazurek-od-dudy-i-pisanka-od-tuska","status":"publish","type":"post","link":"https:\/\/blog.polityka.pl\/passent\/2018\/03\/31\/mazurek-od-dudy-i-pisanka-od-tuska\/","title":{"rendered":"Mazurek od Dudy i pisanka od Tuska"},"content":{"rendered":"<p>Podobaj\u0105 mi si\u0119 pisanki od Dudy i Tuska. Andrzej Duda zawetowa\u0142 ob\u0142\u0105kan\u0105 ustaw\u0119 degradacyjn\u0105. PiS jest \u201ezaskoczony\u201d, rzeczniczce PiS nie podoba si\u0119 mazurek od Dudy.<br \/>\n<!--more--><br \/>\nMacierewicz (patron projektowanej ustawy) jest z\u0142y, w decyzji prezydenta widzi dalszy ci\u0105g okr\u0105g\u0142ego sto\u0142u i Magdalenki. (Czy\u017cby tam uzgodniono degradacj\u0119, obni\u017cenie rent i emerytur?). M\u015bciwo\u015b\u0107 i zaciek\u0142o\u015b\u0107 autor\u00f3w ustawy ka\u017ce przypuszcza\u0107, \u017ce jeszcze dojdzie do wykopywania zw\u0142ok, usuwania grob\u00f3w z presti\u017cowych miejsc i cmentarzy, oczywi\u015bcie usuwania z ksi\u0105\u017cek, fotografii etc.<\/p>\n<p>Tylko patrze\u0107, jak wygrzebane z cmentarza zw\u0142oki zostan\u0105 skremowane i rozrzucone z helikoptera nad morzem, tak jak Izrael post\u0105pi\u0142 z Eichmannem. Dobrze, \u017ce Andrzej Duda si\u0119 opami\u0119ta\u0142, dostrzeg\u0142, \u017ce ustawa jest niesprawiedliwa i sprzeczna z prawem. \u0141adnie zachowa\u0142a si\u0119 Monika Jaruzelska. Nawet zrywa\u0107 pagony trzeba umie\u0107.<\/p>\n<p>Przy okazji prezydent pokaza\u0142, \u017ce jego zale\u017cno\u015b\u0107 od PiS nie jest stuprocentowa, a gdy sonda\u017ce Nowogrodzkiej spadaj\u0105, g\u0142owa pa\u0144stwa musi my\u015ble\u0107 o swoim interesie. Stara si\u0119 zachowa\u0107 margines samodzielno\u015bci, oczywi\u015bcie w\u0105ski, bo prezydent my\u015bli zasadniczo to, co prezes i PiS. Wszak to ich prezydent.<\/p>\n<p>Podoba mi si\u0119 pisanka od Tuska. W wywiadzie dla Andrzeja Morozowskiego (TVN 24) powiedzia\u0142, \u017ce nie wybiera si\u0119 na emerytur\u0119, trzy razy w tygodniu przebiega 10 km. Nie kre\u015bli dok\u0142adnych scenariuszy, ale nie ukrywa, \u017ce po up\u0142ywie kadencji przewodnicz\u0105cego Rady Europejskiej zamierza wr\u00f3ci\u0107 do Polski (pisz\u0119 \u201edo Polski\u201d, bo gdybym napisa\u0142 \u201edo kraju\u201d, to zaraz pojawi\u0142yby si\u0119 insynuacje, \u017ce \u201ewr\u00f3ci do Niemiec, do ciotki Angeli\u201d). W Brukseli b\u0119dzie dba\u0142 o polski interes narodowy (czytaj: tak\u017ce finansowy), ale nie o interesy Prawa i Sprawiedliwo\u015bci. Przeciwnie, PiS nie jest wieczny &#8211; m\u00f3wi i ma nadziej\u0119, \u017ce si\u0142y demokracji odsun\u0105 go od w\u0142adzy. Wtedy Tusk by\u0142by \u201enajszcz\u0119\u015bliwszym cz\u0142owiekiem na \u015bwiecie\u201d.<\/p>\n<p>Nie tylko on. (A ilu b\u0119dzie niezadowolonych!). Wszystkim blogowiczkom i blogowiczom \u017cycz\u0119 weso\u0142ych \u015bwi\u0105t, smacznych mazurk\u00f3w i kolorowych pisanek.<\/p>\n","protected":false},"excerpt":{"rendered":"<p>Podobaj\u0105 mi si\u0119 pisanki od Dudy i Tuska. Andrzej Duda zawetowa\u0142 ob\u0142\u0105kan\u0105 ustaw\u0119 degradacyjn\u0105. PiS jest \u201ezaskoczony\u201d, rzeczniczce PiS nie podoba si\u0119 mazurek od Dudy.<\/p>\n","protected":false},"author":4,"featured_media":0,"comment_status":"open","ping_status":"closed","sticky":false,"template":"","format":"standard","meta":{"footnotes":""},"categories":[1],"tags":[],"_links":{"self":[{"href":"https:\/\/blog.polityka.pl\/passent\/wp-json\/wp\/v2\/posts\/4504"}],"collection":[{"href":"https:\/\/blog.polityka.pl\/passent\/wp-json\/wp\/v2\/posts"}],"about":[{"href":"https:\/\/blog.polityka.pl\/passent\/wp-json\/wp\/v2\/types\/post"}],"author":[{"embeddable":true,"href":"https:\/\/blog.polityka.pl\/passent\/wp-json\/wp\/v2\/users\/4"}],"replies":[{"embeddable":true,"href":"https:\/\/blog.polityka.pl\/passent\/wp-json\/wp\/v2\/comments?post=4504"}],"version-history":[{"count":3,"href":"https:\/\/blog.polityka.pl\/passent\/wp-json\/wp\/v2\/posts\/4504\/revisions"}],"predecessor-version":[{"id":4507,"href":"https:\/\/blog.polityka.pl\/passent\/wp-json\/wp\/v2\/posts\/4504\/revisions\/4507"}],"wp:attachment":[{"href":"https:\/\/blog.polityka.pl\/passent\/wp-json\/wp\/v2\/media?parent=4504"}],"wp:term":[{"taxonomy":"category","embeddable":true,"href":"https:\/\/blog.polityka.pl\/passent\/wp-json\/wp\/v2\/categories?post=4504"},{"taxonomy":"post_tag","embeddable":true,"href":"https:\/\/blog.polityka.pl\/passent\/wp-json\/wp\/v2\/tags?post=4504"}],"curies":[{"name":"wp","href":"https:\/\/api.w.org\/{rel}","templated":true}]}}