
{"id":4509,"date":"2018-04-02T23:26:22","date_gmt":"2018-04-02T21:26:22","guid":{"rendered":"https:\/\/passent.blog.polityka.pl\/?p=4509"},"modified":"2018-04-03T03:42:34","modified_gmt":"2018-04-03T01:42:34","slug":"jaka-piekna-katastrofa-podkomisji","status":"publish","type":"post","link":"https:\/\/blog.polityka.pl\/passent\/2018\/04\/02\/jaka-piekna-katastrofa-podkomisji\/","title":{"rendered":"Jaka pi\u0119kna katastrofa podkomisji"},"content":{"rendered":"<p>Za kilka dni lud pisowski, a wraz z nim ca\u0142y \u015bwiat mia\u0142 pozna\u0107 prawd\u0119 o katastrofie, pardon, o zamachu smole\u0144skim.<br \/>\n<!--more--><br \/>\nDzie\u0144 po dniu, miesi\u0105c po miesi\u0105cu prezes Kaczy\u0144ski zapowiada\u0142, \u017ce jeste\u015bmy bli\u017cej prawdy, coraz bli\u017cej, jak najbli\u017cej prawdy mo\u017cna tylko by\u0107. I ju\u017c za rok, za dzie\u0144, za chwil\u0119&#8230; Kiedy prawdy innej ni\u017c prawda oficjalna komisji Millera nie by\u0142o mo\u017cna znale\u017a\u0107, kiedy jeden po drugim pada\u0142y rozmaite domys\u0142y i wymys\u0142y o zamachu, wybuchu etc., prezes Kaczy\u0144ski wykona\u0142 krok wstecz: je\u017celi nie poznamy ca\u0142ej prawdy, to dowiemy si\u0119, \u017ce ca\u0142ej prawdy pozna\u0107 nie mo\u017cna.<\/p>\n<p>Jeszcze niedawno mo\u017cna by\u0142o pozna\u0107 ca\u0142\u0105 prawd\u0119 o zamachu, o brzozie, o spisku, bla, bla. A dzisiaj okazuje si\u0119, \u017ce zapowiadana na ostatni\u0105 96. miesi\u0119cznic\u0119 prawda jednak si\u0119 nie objawi. Teraz mamy czeka\u0107 na ustalenia tajemniczych ekspert\u00f3w ameryka\u0144skich, kt\u00f3rzy mo\u017ce za rok, mo\u017ce za dwa dojd\u0105 nie wiadomo do czego. Na pewno nie b\u0119dzie to przed wyborami.<\/p>\n<p>Jest to pe\u0142ne fiasko nieko\u0144cz\u0105cych si\u0119 zapowiedzi, \u017ce prawda jest na wyci\u0105gni\u0119cie r\u0119ki. Dow\u00f3d na to, \u017ce \u017caden powa\u017cny autorytet mi\u0119dzynarodowy nie chce podpisa\u0107 politycznie poprawnych bredni. Poprzedni przewodnicz\u0105cy podkomisji MON, pono\u0107 wybitny ekspert ameryka\u0144ski, po prostu zbieg\u0142 do USA. Na jego miejscu stan\u0105\u0142 wybitny specjalista od katastrof Antoni Macierewicz.<\/p>\n<p>I kiedy byli\u015bmy ju\u017c o w\u0142os od prawdy, g\u0142\u00f3wny wtajemniczony sam uleg\u0142 katastrofie, zosta\u0142 odwo\u0142any ze stanowiska szefa MON i przesuni\u0119ty do rezerwy kadrowej. Jego autorytet zosta\u0142 nadszarpni\u0119ty do tego stopnia, \u017ce teraz sam prezes Kaczy\u0144ski og\u0142osi\u0142 wszem wobec, i\u017c \u201esiewodnia koncerta nie budiet\u201d. Uda\u0142o si\u0119 ludziom namiesza\u0107 w g\u0142owach, co czwarty wierzy w zamach, a wiara \u2013 jak wiadomo \u2013 dowod\u00f3w nie wymaga.<\/p>\n<p>Jaka pi\u0119kna katastrofa! K\u0142ania si\u0119 Grek Zorba. Szkoda tylko, \u017ce za nasze pieni\u0105dze i ca\u0142kiem niepotrzebnie, bo istoty raportu polskiej Komisji do Badania Wypadk\u00f3w Lotniczych nie zdo\u0142a\u0142 podwa\u017cy\u0107 \u2013 jest to pow\u00f3d do dumy, a zamiast tego mamy powody do wstydu.<\/p>\n","protected":false},"excerpt":{"rendered":"<p>Jaka pi\u0119kna katastrofa!<\/p>\n","protected":false},"author":4,"featured_media":4514,"comment_status":"open","ping_status":"closed","sticky":false,"template":"","format":"standard","meta":{"footnotes":""},"categories":[1],"tags":[],"_links":{"self":[{"href":"https:\/\/blog.polityka.pl\/passent\/wp-json\/wp\/v2\/posts\/4509"}],"collection":[{"href":"https:\/\/blog.polityka.pl\/passent\/wp-json\/wp\/v2\/posts"}],"about":[{"href":"https:\/\/blog.polityka.pl\/passent\/wp-json\/wp\/v2\/types\/post"}],"author":[{"embeddable":true,"href":"https:\/\/blog.polityka.pl\/passent\/wp-json\/wp\/v2\/users\/4"}],"replies":[{"embeddable":true,"href":"https:\/\/blog.polityka.pl\/passent\/wp-json\/wp\/v2\/comments?post=4509"}],"version-history":[{"count":3,"href":"https:\/\/blog.polityka.pl\/passent\/wp-json\/wp\/v2\/posts\/4509\/revisions"}],"predecessor-version":[{"id":4513,"href":"https:\/\/blog.polityka.pl\/passent\/wp-json\/wp\/v2\/posts\/4509\/revisions\/4513"}],"wp:featuredmedia":[{"embeddable":true,"href":"https:\/\/blog.polityka.pl\/passent\/wp-json\/wp\/v2\/media\/4514"}],"wp:attachment":[{"href":"https:\/\/blog.polityka.pl\/passent\/wp-json\/wp\/v2\/media?parent=4509"}],"wp:term":[{"taxonomy":"category","embeddable":true,"href":"https:\/\/blog.polityka.pl\/passent\/wp-json\/wp\/v2\/categories?post=4509"},{"taxonomy":"post_tag","embeddable":true,"href":"https:\/\/blog.polityka.pl\/passent\/wp-json\/wp\/v2\/tags?post=4509"}],"curies":[{"name":"wp","href":"https:\/\/api.w.org\/{rel}","templated":true}]}}