
{"id":451,"date":"2008-06-05T00:22:02","date_gmt":"2008-06-04T22:22:02","guid":{"rendered":"http:\/\/passent.blog.polityka.pl\/?p=451"},"modified":"2008-06-05T10:00:37","modified_gmt":"2008-06-05T08:00:37","slug":"szczesliwy-kraj","status":"publish","type":"post","link":"https:\/\/blog.polityka.pl\/passent\/2008\/06\/05\/szczesliwy-kraj\/","title":{"rendered":"Szcz\u0119\u015bliwy kraj"},"content":{"rendered":"<p>Polska to jednak szcz\u0119\u015bliwy kraj. Czym bowiem pasjonuj\u0105 si\u0119 rodacy? Pierwszy przyk\u0142ad z brzegu \u2013 raport Julii Pitery. Kiedy us\u0142ysza\u0142em, \u017ce zosta\u0142 opublikowany, s\u0105dzi\u0142em, \u017ce chodzi o raport na temat nieprawid\u0142owo\u015bci w CBA i grzech\u00f3w Mariusza Kami\u0144skiego, na kt\u00f3rego chucha i dmucha premier Tusk. O tym raporcie mo\u017ce warto by porozmawia\u0107, ale pozostaje tajny \u0142amane przez poufny. Podobnie jak mityczny raport Macierewicza w sprawie likwidacji WSI, kt\u00f3ry musi by\u0107 strasznie d\u0142ugi, bo prezydent go czyta i czyta, i przeczyta\u0107 nie mo\u017ce. Jest bardzo zaj\u0119ty ocieplaniem swojego wizerunku. Micha\u0142 Kami\u0144ski opakowuje prezydenta w styropian, \u017ceby nie by\u0142o wida\u0107 jego prawdziwego oblicza. Jedyny raport ujawniony dotyczy nadu\u017cywania przez ministr\u00f3w PiS kart kredytowych. Fakty ujawnione w tym \u201eraporcie\u201d s\u0105 tak b\u0142ahe (spinki do mankiet\u00f3w etc., w dodatku 95 proc. wydatk\u00f3w zosta\u0142o zwr\u00f3conych), \u017ce nadaj\u0105 si\u0119 do notatki ksi\u0119gowej, ale nie do raportu minister odpowiedzialnej za walk\u0119 z korupcj\u0105. I to w czasie, kiedy wiceministrowie zdrowia padaj\u0105 jeden po drugim z powodu choroby korupcyjnej.<\/p>\n<p>Szcz\u0119\u015bliwy to kraj, w kt\u00f3rym tematem debaty jest bicie dzieci. Wszak ka\u017cdy cz\u0142owiek zdrowy na umy\u015ble wie, \u017ce bicie kogokolwiek, a ju\u017c zw\u0142aszcza istot bezbronnych, jakimi s\u0105 dzieci, jest niedopuszczalne. Je\u017celi komu\u015b pu\u015bci\u0142y nerwy i da\u0142 klapsa, co jest zjawiskiem do\u015b\u0107 powszechnym, to na pewno jest to pora\u017cka i nie ma si\u0119 czym chwali\u0107. Tymczasem s\u0142ysza\u0142em w Radiu TOK FM publicyst\u0119 \u201eRz.\u201d Tomasza Terlikowskiego, jak m\u00f3wi\u0142, \u017ce rz\u0105d nie b\u0119dzie mu si\u0119 wtr\u0105ca\u0142 do spraw jego rodziny, bo \u017caden urz\u0119dnik pa\u0144stwowy nie b\u0119dzie si\u0119 po\u015bwi\u0119ca\u0142 dla jego dzieci, a on, tj. T.T. i jego \u017cona s\u0105 gotowi dla dzieci nawet odda\u0107 \u017cycie. Takie rozumowanie budzi m\u00f3j sprzeciw, poniewa\u017c bicie dzieci ma miejsce przede wszystkim w rodzinie. Wiele kl\u0119sk spo\u0142ecznych ma miejsce w zaciszu rodziny, w tym alkoholizm oraz bicie kobiet. Cz\u0142onkowie rodziny musz\u0105 korzysta\u0107 z praw obywatelskich i nie mo\u017cna gwa\u0142tu (a bicie jest form\u0105 gwa\u0142tu) ukrywa\u0107 za parawanem rodziny.<\/p>\n<p>Nikt rozs\u0105dny nie b\u0119dzie za powodu klapsa nasy\u0142a\u0142 na kogo\u015b policji, ale zakaz bicia dzieci powinien by\u0107 idea\u0142em, do jakiego d\u0105\u017cymy. Ja sam pami\u0119tam, jak da\u0142em kiedy\u015b klapsa dziecku, i to cudzemu, na oczach jego matki. Ch\u0142opiec ten trzyma\u0142 w r\u0119ku kluczyki do samochodu i bawi\u0142 si\u0119 w ten spos\u00f3b, \u017ce rysowa\u0142 tym kluczykiem po moim samochodzie. Zaapelowa\u0142em kilkakrotnie do jego rozs\u0105dku, ale ani ch\u0142opiec, ani jego mamusia nie reagowali, wi\u0119c uciek\u0142em si\u0119 do przemocy i kluczyki odebra\u0142em. Mamusia latoro\u015bli, Ewa Frykowska, by\u0142a oburzona, \u017ce ja \u201ebij\u0119 dziecko, i to jej\u201d. Widocznie mia\u0142em szcz\u0119\u015bliw\u0105 r\u0119k\u0119, bo \u201ech\u0142opczyk\u201d jest dzi\u015b znanym prawnikiem w Londynie albo w Pary\u017cu, a ja ci\u0105gle ubolewam, \u017ce si\u0119 da\u0142em wtedy sprowokowa\u0107, i to dziecku. Wychowanie bez bicia to idea\u0142, do kt\u00f3rego pasuje gruzi\u0144ski toast: \u201eWypijmy za sukces naszej beznadziejnej sprawy!\u201d<\/p>\n<p>Szcz\u0119\u015bliwy to kraj, w kt\u00f3rym pi\u0142ka no\u017cna jest taka wa\u017cna, \u017ce premier podejmuje \u015bniadaniem reprezentacj\u0119 narodow\u0105 zanim co\u015b jeszcze ugra\u0142a i strzeli\u0142a cho\u0107by jedn\u0105 bramk\u0119. Donald Tusk, mi\u0142o\u015bnik futbolu, powinien by\u0142 pojecha\u0107 do Klagenfurtu, najlepiej pokaza\u0107 si\u0119 na trybunach z kanclerz Merkel i umacnia\u0107 w ten spos\u00f3b przyja\u017a\u0144 polsko &#8211; niemieck\u0105. Niestety, da\u0142 si\u0119 zakrzycze\u0107 z powodu wrzawy podniesionej na tle podr\u00f3\u017cy do Peru i do Chile. Zszed\u0142 z boiska, poniewa\u017c opozycja i media graj\u0105 nie fair. Szkoda, \u017ce si\u0119 przestraszy\u0142. I to drugi raz, bo na igrzyska olimpijskie te\u017c nie jedzie.<\/p>\n","protected":false},"excerpt":{"rendered":"<p>Polska to jednak szcz\u0119\u015bliwy kraj. Czym bowiem pasjonuj\u0105 si\u0119 rodacy? Pierwszy przyk\u0142ad z brzegu \u2013 raport Julii Pitery. Kiedy us\u0142ysza\u0142em, \u017ce zosta\u0142 opublikowany, s\u0105dzi\u0142em, \u017ce chodzi o raport na temat nieprawid\u0142owo\u015bci w CBA i grzech\u00f3w Mariusza Kami\u0144skiego, na kt\u00f3rego chucha i dmucha premier Tusk. O tym raporcie mo\u017ce warto by porozmawia\u0107, ale pozostaje tajny \u0142amane [&hellip;]<\/p>\n","protected":false},"author":4,"featured_media":0,"comment_status":"open","ping_status":"open","sticky":false,"template":"","format":"standard","meta":{"footnotes":""},"categories":[1],"tags":[],"_links":{"self":[{"href":"https:\/\/blog.polityka.pl\/passent\/wp-json\/wp\/v2\/posts\/451"}],"collection":[{"href":"https:\/\/blog.polityka.pl\/passent\/wp-json\/wp\/v2\/posts"}],"about":[{"href":"https:\/\/blog.polityka.pl\/passent\/wp-json\/wp\/v2\/types\/post"}],"author":[{"embeddable":true,"href":"https:\/\/blog.polityka.pl\/passent\/wp-json\/wp\/v2\/users\/4"}],"replies":[{"embeddable":true,"href":"https:\/\/blog.polityka.pl\/passent\/wp-json\/wp\/v2\/comments?post=451"}],"version-history":[{"count":0,"href":"https:\/\/blog.polityka.pl\/passent\/wp-json\/wp\/v2\/posts\/451\/revisions"}],"wp:attachment":[{"href":"https:\/\/blog.polityka.pl\/passent\/wp-json\/wp\/v2\/media?parent=451"}],"wp:term":[{"taxonomy":"category","embeddable":true,"href":"https:\/\/blog.polityka.pl\/passent\/wp-json\/wp\/v2\/categories?post=451"},{"taxonomy":"post_tag","embeddable":true,"href":"https:\/\/blog.polityka.pl\/passent\/wp-json\/wp\/v2\/tags?post=451"}],"curies":[{"name":"wp","href":"https:\/\/api.w.org\/{rel}","templated":true}]}}