
{"id":4515,"date":"2018-04-05T22:56:06","date_gmt":"2018-04-05T20:56:06","guid":{"rendered":"https:\/\/passent.blog.polityka.pl\/?p=4515"},"modified":"2018-04-06T06:22:11","modified_gmt":"2018-04-06T04:22:11","slug":"koryto-wylalo","status":"publish","type":"post","link":"https:\/\/blog.polityka.pl\/passent\/2018\/04\/05\/koryto-wylalo\/","title":{"rendered":"Koryto wyla\u0142o"},"content":{"rendered":"<p>Prawo i Sprawiedliwo\u015b\u0107 mo\u017ce ju\u017c rywalizowa\u0107 z dru\u017cyn\u0105 pi\u0142karsk\u0105 AS Roma. W meczu przegranym z FC Barcelona 1:4, Rzymianie strzelili sobie samym, do w\u0142asnej bramki, dwa gole! Dru\u017cyna PiS jest jednak nie gorsza i w ostatnim okresie strzela sobie jedna za drug\u0105 bramki samob\u00f3jcze.<br \/>\n<!--more--><br \/>\nGol pierwszy: Smole\u0144sk. Latami, miesi\u0105cami prezes i Macierewicz zapewniali, \u017ce jeste\u015bmy coraz bli\u017cej prawdy i ju\u017c za miesi\u0105c&#8230; A teraz okazuje si\u0119, \u017ce za kilka dni, w czasie ostatniej miesi\u0119cznicy, raportu nie b\u0119dzie. Mo\u017ce za rok, za dwa, kto wie&#8230; To nie pierwszy samob\u00f3j. Racj\u0119 mieli ci, kt\u00f3rzy w obliczu ogromnej przewagi PiS (Sejm, Senat, rz\u0105d, media publiczne) pocieszali si\u0119, i\u017c partia Kaczy\u0144skiego mo\u017ce si\u0119 tylko zapl\u0105ta\u0107 we w\u0142asne nogi. No i doigra\u0142a si\u0119.<\/p>\n<p>Gol drugi: premie i nagrody dla ministr\u00f3w z pani\u0105 premier na czele. Nie chodzi tylko o pieni\u0105dze, bo te \u2013 cho\u0107 znaczne &#8211; nie s\u0105 wielkie jak na cz\u0142onk\u00f3w rz\u0105du. Roczna premia wynosi\u0142a tyle, ile kosztuje \u015bredni samoch\u00f3d. Chodzi o metody. O sta\u0142e \u201enagrody\u201d, kt\u00f3re nie s\u0105 nagrodami, tylko drug\u0105 pensj\u0105 wyp\u0142acan\u0105 po cichu. Tymczasem PiS dochodzi\u0142 do w\u0142adzy pod has\u0142ami \u201es\u0142u\u017cba, pokora, skromno\u015b\u0107\u201d (w odr\u00f3\u017cnieniu od o\u015bmiorniczek Platformy, kt\u00f3re w tym \u015bwietle staj\u0105 si\u0119 ju\u017c wy\u0142\u0105cznie symboliczne).<\/p>\n<p>Chodzi o to, \u017ce taki spos\u00f3b (i wysoko\u015b\u0107) nagradzania nie by\u0142 jawnie zakomunikowany i zaakceptowany przez odpowiednie cia\u0142o (Sejm?) oraz opini\u0119 publiczn\u0105. Kiedy sprawa wysz\u0142a na jaw (w odpowiedzi na interpelacj\u0119 pos\u0142a Brejzy z PO), podchwyci\u0142y j\u0105 media i pooosz\u0142o! Ma\u0142o jest spraw tak dra\u017cliwych i podatnych na demagogi\u0119 oraz populizm jak zarobki przy korycie. B\u0119d\u0105c samemu mistrzem jednego i drugiego, demagogii i populizmu, PiS nadzia\u0142 si\u0119 na w\u0142asne wid\u0142y.<\/p>\n<p>Najpierw prezes zach\u0119ci\u0142 Beat\u0119 Szyd\u0142o, \u017ceby \u201epokaza\u0142a pazurki\u201d, bo premie si\u0119 nale\u017ca\u0142y i nie b\u0119dziemy \u201eulega\u0107 szale\u0144stwu\u201d, potem by\u0142a premier (pod nieobecno\u015b\u0107 Morawieckiego), zach\u0119cona, pokaza\u0142a pazury, skrzycza\u0142a pos\u0142\u00f3w opozycji, gotowa\u0142a si\u0119 ze z\u0142o\u015bci i dosta\u0142a stoj\u0105c\u0105 owacj\u0119 pos\u0142\u00f3w koalicji rz\u0105dz\u0105cej, by po kilku dniach genialny strateg wykona\u0142 kolejny wspania\u0142y manewr, sam uleg\u0142 szale\u0144stwu i wszystko odwo\u0142a\u0142. Ministrowie \u201ezdecydowali\u201d odda\u0107 swoje premie na Caritas (czytaj: Ko\u015bci\u00f3\u0142 \u2013 jakim prawem, nie wiadomo), pensje wszystkich pos\u0142\u00f3w i senator\u00f3w zostan\u0105 obni\u017cone o 20 proc. (co ma uderzy\u0107 tak\u017ce opozycj\u0119 po portfelach), obni\u017ceniu maj\u0105 ulec pensje w\u0142odarzy miast i wsi (teoretycznie ustalane przez samorz\u0105dy), a kto z koalicji za tym nie zag\u0142osuje \u2013 nie trafi na listy wyborcze. Nagrody odwo\u0142ane, ale skutki polityczne pozostan\u0105. Dobre dla kabaretu \u201ePo\u017car w burdelu\u201d.<\/p>\n<p>Jeszcze w czwartek, 5 kwietnia, pose\u0142 minister Sasin, elokwentny jak zwykle, broni\u0142 w telewizji premii i nagr\u00f3d dla rz\u0105du, a po po\u0142udniu ju\u017c si\u0119 od nich dystansowa\u0142. Koalicja rz\u0105dz\u0105ca wykona\u0142a w ty\u0142 zwrot, i to z przytupem. Zapl\u0105ta\u0142a si\u0119 we w\u0142asne nogi. Oficjalne uzasadnienie: premie i nagrody by\u0142y zas\u0142u\u017cone, ale spo\u0142ecze\u0144stwo ich nie akceptuje, a my jeste\u015bmy ze spo\u0142ecze\u0144stwem, ws\u0142uchujemy si\u0119 w g\u0142os narodu, nar\u00f3d wie lepiej, od dzi\u015b ma by\u0107 skromnie, do w\u0142adzy nie idzie si\u0119 dla pieni\u0119dzy, to jest s\u0142u\u017cba, bla, bla, bla&#8230; Niech Platforma zwr\u00f3ci miliardy nale\u017cne za VAT!<\/p>\n<p>Wicepremier Szyd\u0142o zosta\u0142a kolejny raz upokorzona (przypominam 27:1), strach pomy\u015ble\u0107, co ta kobieta my\u015bli o prezesie. Zn\u00f3w dostanie bukiet r\u00f3\u017c. Premier Morawiecki pomini\u0119ty, prezes pokaza\u0142, kto tu rz\u0105dzi, i nie ponosi \u017cadnej odpowiedzialno\u015bci \u2013 ani za premie, ani za ich dyskredytacj\u0119. Pos\u0142owie i pracownicy medi\u00f3w rz\u0105dowych o\u015bmieszeni. Walka buldog\u00f3w pod dywanem jest nieuchronna. Ministrowie zostali potraktowani jak dzieci, dostali \u201ezas\u0142u\u017cone\u201d nagrody, kt\u00f3re teraz maj\u0105 wysup\u0142a\u0107 i zwr\u00f3ci\u0107 do skarbonki. Prezes odjecha\u0142, a reszta zosta\u0142a z r\u0119k\u0105 w korycie.<\/p>\n","protected":false},"excerpt":{"rendered":"<p>Dru\u017cyna PiS strzela sobie jedna za drug\u0105 bramki samob\u00f3jcze.<\/p>\n","protected":false},"author":4,"featured_media":4519,"comment_status":"open","ping_status":"closed","sticky":false,"template":"","format":"standard","meta":{"footnotes":""},"categories":[1],"tags":[],"_links":{"self":[{"href":"https:\/\/blog.polityka.pl\/passent\/wp-json\/wp\/v2\/posts\/4515"}],"collection":[{"href":"https:\/\/blog.polityka.pl\/passent\/wp-json\/wp\/v2\/posts"}],"about":[{"href":"https:\/\/blog.polityka.pl\/passent\/wp-json\/wp\/v2\/types\/post"}],"author":[{"embeddable":true,"href":"https:\/\/blog.polityka.pl\/passent\/wp-json\/wp\/v2\/users\/4"}],"replies":[{"embeddable":true,"href":"https:\/\/blog.polityka.pl\/passent\/wp-json\/wp\/v2\/comments?post=4515"}],"version-history":[{"count":3,"href":"https:\/\/blog.polityka.pl\/passent\/wp-json\/wp\/v2\/posts\/4515\/revisions"}],"predecessor-version":[{"id":4518,"href":"https:\/\/blog.polityka.pl\/passent\/wp-json\/wp\/v2\/posts\/4515\/revisions\/4518"}],"wp:featuredmedia":[{"embeddable":true,"href":"https:\/\/blog.polityka.pl\/passent\/wp-json\/wp\/v2\/media\/4519"}],"wp:attachment":[{"href":"https:\/\/blog.polityka.pl\/passent\/wp-json\/wp\/v2\/media?parent=4515"}],"wp:term":[{"taxonomy":"category","embeddable":true,"href":"https:\/\/blog.polityka.pl\/passent\/wp-json\/wp\/v2\/categories?post=4515"},{"taxonomy":"post_tag","embeddable":true,"href":"https:\/\/blog.polityka.pl\/passent\/wp-json\/wp\/v2\/tags?post=4515"}],"curies":[{"name":"wp","href":"https:\/\/api.w.org\/{rel}","templated":true}]}}