
{"id":452,"date":"2008-06-09T00:00:36","date_gmt":"2008-06-08T22:00:36","guid":{"rendered":"http:\/\/passent.blog.polityka.pl\/?p=452"},"modified":"2008-06-08T23:55:00","modified_gmt":"2008-06-08T21:55:00","slug":"sport-i-polityka","status":"publish","type":"post","link":"https:\/\/blog.polityka.pl\/passent\/2008\/06\/09\/sport-i-polityka\/","title":{"rendered":"Sport i polityka"},"content":{"rendered":"<p><img loading=\"lazy\" decoding=\"async\" src=\"http:\/\/passent.blog.polityka.pl\/wp-content\/uploads\/0podolski450.jpg\" alt=\"0podolski450.jpg\" title=\"0podolski450.jpg\" align=\"middle\" border=\"0\" height=\"300\" width=\"450\" \/><\/p>\n<p><em>Bramkostrzelny Lukas Podolski, Niemcy. Fot. PicsUnited \/ REPORTER<\/em><\/p>\n<p>Lubi\u0119 sport, lubi\u0119 odg\u0142os pi\u0142eczki tenisowej na kortach, napisa\u0142em dwie ksi\u0105\u017cki o sporcie, lubi\u0119 atmosfer\u0119 pe\u0142nych trybun na stadionie pi\u0142karskim tu\u017c przed rozpocz\u0119ciem meczu, czyli tzw. oczekiwanie na widowisko, ale nie lubi\u0119 tej pseudopatriotycznej mobilizacji, tego wymachiwania chor\u0105giewkami, wywieszania flag narodowych, wojny futbolowej, tego udawania, \u017ce wszyscy jeste\u015bmy bra\u0107mi i kibicujemy \u201enaszym ch\u0142opcom\u201d. Ta pseudojedno\u015b\u0107 narodowa ma miejsce tylko dlatego, \u017ce na chwil\u0119 uda\u0142o si\u0119 znale\u017a\u0107 wsp\u00f3lnego wroga. Wczoraj byli nimi Niemcy, jutro b\u0119d\u0105 Austriacy, pojutrze Chorwaci, a na co dzie\u0144 s\u0105 nimi inni Polacy. Notabene nasza reprezentacja zagra\u0142a wczoraj na swoim normalnym poziomie, Niemcy s\u0105 po prostu lepsi, wynik 0:2 jest sprawiedliwy, mecz by\u0142 fair, czego nale\u017cy \u017cyczy\u0107 tak\u017ce naszym politykom.<\/p>\n<p>Spoza flag i sztandar\u00f3w widz\u0119 twarz prezydenta RP, kt\u00f3ry m\u00f3wi, \u017ce by\u0142y prezydent by\u0142 \u201eBolkiem\u201d. S\u0105dz\u0119, \u017ce prezydent Lech Kaczy\u0144ski nie powinien si\u0119 w tej sprawie wypowiada\u0107. Na pytanie telewizji Polsat powinien odpowiedzie\u0107, \u017ce prezydent nie jest od wypowiadania si\u0119 w takich sprawach, nie jest od zast\u0119powania s\u0105d\u00f3w i historyk\u00f3w, od tego jest niezale\u017cne s\u0105downictwo, s\u0105 historycy, uczeni, naoczni \u015bwiadkowie, wreszcie sam zainteresowany. S\u0105dz\u0119, \u017ce prezydent Kaczy\u0144ski nie umia\u0142 wznie\u015b\u0107 si\u0119 ponad podzia\u0142y, bo nawet je\u017celi \u2013 za\u0142\u00f3\u017cmy, wbrew wyrokom s\u0105d\u00f3w \u2013 Lech Wa\u0142\u0119sa mia\u0142 chwile s\u0142abo\u015bci, a potem kluczy\u0142, mo\u017ce nawet stara\u0142 si\u0119 zatrze\u0107 \u015blady &#8211; to nie zmienia to faktu, \u017ce gdyby nie walczy\u0142 z komun\u0105, to by go esbecja nie niepokoi\u0142a. Teczka Jaros\u0142awa Kaczy\u0144skiego nie by\u0142a chyba jedyn\u0105, w kt\u00f3rej znalaz\u0142a si\u0119 fa\u0142szywka. S\u0105dy i historycy mog\u0105 w sprawie Wa\u0142\u0119sy wydawa\u0107 r\u00f3\u017cne wyroki, ale Historia przez du\u017ce \u201eH\u201d wyrok ju\u017c wyda\u0142a: Lech Wa\u0142\u0119sa ocali\u0142 Polsk\u0119 przed tragedi\u0105, jest symbolem obalenia tyranii i pod jego pomnikiem powinni\u015bmy sk\u0142ada\u0107 kwiaty, a nie pr\u00f3bowa\u0107 go obali\u0107, \u017ceby samemu stan\u0105\u0107 na cokole. Kto jest bez winy niech pierwszy rzuci kamieniem. Prawda sprzed 30 lat mo\u017ce by\u0107 dla Wa\u0142\u0119sy niewygodna, ale kto jest taki naiwny, by s\u0105dzi\u0107, \u017ce jego pogromcom chodzi g\u0142\u00f3wnie o prawd\u0119?<\/p>\n<p>Pr\u00f3by ocieplenia wizerunku prezydenta \u2013 kolacyjka w restauracji, szaliczek reprezentacji narodowej, pokazywanie si\u0119 w towarzystwie dzieci \u2013 wszystko to jest niweczone przez jego niefortunne wypowiedzi.<\/p>\n<p>Inna sprawa wo\u0142aj\u0105ca o pomst\u0119 do nieba, to los zgwa\u0142conej, lub w inny spos\u00f3b wykorzystanej, 14-letniej dziewczyny, kt\u00f3rej obro\u0144cy \u017cycia odmawiaj\u0105 prawa do aborcji, wywieraj\u0105 presj\u0119 na lekarzy, wtargn\u0119li na komisariat, chodz\u0105 za ni\u0105 krok w krok, terroryzuj\u0105 otoczenie, \u015brodowisko, lekarzy, funkcjonariuszy pa\u0144stwowych, po to, \u017ceby zastraszeni nie zastosowali si\u0119 do przepis\u00f3w obowi\u0105zuj\u0105cej ustawy \u2013 jednej z najbardziej restrykcyjnych w Europie, nie wiadomo dlaczego nazywanej \u201ekompromisem\u201d.<\/p>\n<p>Ciemnoty i chamstwa nie zas\u0142oni si\u0119 flagami narodowymi i wiwatowaniem na cze\u015b\u0107 \u2018naszych ch\u0142opc\u00f3w\u2019. Oni maj\u0105 gra\u0107 fair, a zw\u0142aszcza by\u0107 traktowani fair, podczas kiedy nam wolno wszystko. Wczoraj w \u015aniadaniu w Radiu Zet s\u0142ysza\u0142em jak pose\u0142 PiS (nazwiska nie wymieni\u0119, bo obieca\u0142em sobie, \u017ce nie b\u0119d\u0119 si\u0119 nim nie zajmowa\u0107) dwukrotnie powt\u00f3rzy\u0142, \u017ce min. Sikorski \u201echlapie ozorem\u201d i jest kabotynem. Dla mnie taki pose\u0142 jest kibolem i jest mi wstyd, \u017ce reprezentuje nas ta sama dru\u017cyna narodowa.<\/p>\n","protected":false},"excerpt":{"rendered":"<p>Bramkostrzelny Lukas Podolski, Niemcy. Fot. PicsUnited \/ REPORTER Lubi\u0119 sport, lubi\u0119 odg\u0142os pi\u0142eczki tenisowej na kortach, napisa\u0142em dwie ksi\u0105\u017cki o sporcie, lubi\u0119 atmosfer\u0119 pe\u0142nych trybun na stadionie pi\u0142karskim tu\u017c przed rozpocz\u0119ciem meczu, czyli tzw. oczekiwanie na widowisko, ale nie lubi\u0119 tej pseudopatriotycznej mobilizacji, tego wymachiwania chor\u0105giewkami, wywieszania flag narodowych, wojny futbolowej, tego udawania, \u017ce wszyscy [&hellip;]<\/p>\n","protected":false},"author":4,"featured_media":0,"comment_status":"open","ping_status":"open","sticky":false,"template":"","format":"standard","meta":{"footnotes":""},"categories":[1],"tags":[],"_links":{"self":[{"href":"https:\/\/blog.polityka.pl\/passent\/wp-json\/wp\/v2\/posts\/452"}],"collection":[{"href":"https:\/\/blog.polityka.pl\/passent\/wp-json\/wp\/v2\/posts"}],"about":[{"href":"https:\/\/blog.polityka.pl\/passent\/wp-json\/wp\/v2\/types\/post"}],"author":[{"embeddable":true,"href":"https:\/\/blog.polityka.pl\/passent\/wp-json\/wp\/v2\/users\/4"}],"replies":[{"embeddable":true,"href":"https:\/\/blog.polityka.pl\/passent\/wp-json\/wp\/v2\/comments?post=452"}],"version-history":[{"count":0,"href":"https:\/\/blog.polityka.pl\/passent\/wp-json\/wp\/v2\/posts\/452\/revisions"}],"wp:attachment":[{"href":"https:\/\/blog.polityka.pl\/passent\/wp-json\/wp\/v2\/media?parent=452"}],"wp:term":[{"taxonomy":"category","embeddable":true,"href":"https:\/\/blog.polityka.pl\/passent\/wp-json\/wp\/v2\/categories?post=452"},{"taxonomy":"post_tag","embeddable":true,"href":"https:\/\/blog.polityka.pl\/passent\/wp-json\/wp\/v2\/tags?post=452"}],"curies":[{"name":"wp","href":"https:\/\/api.w.org\/{rel}","templated":true}]}}