
{"id":4520,"date":"2018-04-08T23:14:22","date_gmt":"2018-04-08T21:14:22","guid":{"rendered":"https:\/\/passent.blog.polityka.pl\/?p=4520"},"modified":"2018-04-09T08:17:27","modified_gmt":"2018-04-09T06:17:27","slug":"prezes-pracuje-dla-tuska","status":"publish","type":"post","link":"https:\/\/blog.polityka.pl\/passent\/2018\/04\/08\/prezes-pracuje-dla-tuska\/","title":{"rendered":"Prezes pracuje dla Tuska"},"content":{"rendered":"<p>Kryzys wok\u00f3\u0142 nagr\u00f3d przyznanych ministrom oraz sobie samej przez premier Szyd\u0142o i obni\u017cek zapowiedzianych przez prezesa Kaczy\u0144skiego pokazuje, \u017ce przynajmniej w tej sprawie Polska nierz\u0105dem stoi. (Ale s\u0105 i inne przyk\u0142ady).<br \/>\n<!--more--><br \/>\nGdyby Polska by\u0142a rz\u0105dzona w miar\u0119 poprawnie, to obowi\u0105zywa\u0142aby ustawa o wynagrodzeniach w administracji publicznej. Od referenta do premiera mo\u017cna by powi\u0105za\u0107 p\u0142ace np. z przeci\u0119tn\u0105 p\u0142ac\u0105 w kraju, w gospodarce, w administracji &#8211; i porozumie\u0107 si\u0119, \u017ce np. pensja premiera r\u00f3wna si\u0119 pi\u0119ciu przeci\u0119tnym p\u0142acom, ministra odpowiednio mniej itd. itp.<\/p>\n<p>Ale w Polsce by\u0142oby trudno si\u0119 porozumie\u0107, wobec czego wyczynia si\u0119 \u0142ama\u0144ce z nagrodami, z \u201etanim pa\u0144stwem\u201d i podobne bzdury. Wychodzi na to, \u017ce im mniej zarabiaj\u0105 cz\u0142onkowie rz\u0105du czy pos\u0142owie, tym lepiej. Bzdura, ale w\u0142adza boi si\u0119 populist\u00f3w. Jak tak dalej p\u00f3jdzie, to premier nie b\u0119dzie jedynym milionerem w rz\u0105dzie. B\u0119dziemy mieli rz\u0105d milioner\u00f3w pracuj\u0105cych za darmo.<\/p>\n<p>Ostatnie s\u0142owo w rz\u0105dzie ma jak zwykle pose\u0142, prezes PiS, cho\u0107 faktycznie jest to kompetencja premiera Morawieckiego, kt\u00f3ry milczy w sprawie nagr\u00f3d, gdy\u017c ca\u0142y rok by\u0142 wicepremierem i nie mo\u017ce udawa\u0107, \u017ce jest zaskoczony. A prezes Kaczy\u0144ski m\u00f3wi \u201eg\u0142os ludu g\u0142osem Boga\u201d \u2013 czyli rz\u0105dz\u0105 ulica, bazar, internet, a konkretnie sonda\u017ce. Ten sam prezes, kt\u00f3ry zach\u0119ca\u0142 by\u0142\u0105 premier, \u017ceby pokaza\u0142a pazurki, nast\u0119pnego dnia jej te pazurki przyci\u0105\u0142. To s\u0105 kpiny z Morawieckiego i Szyd\u0142o, kt\u00f3ra kolejny raz zosta\u0142a o\u015bmieszona, jak wtedy, gdy przegra\u0142a 27:1 z Tuskiem.<\/p>\n<p>Tusk tymczasem wyszed\u0142 na I miejsce w rankingu zaufania &#8211; mimo nieustannych na\u0144 atak\u00f3w prawicy. Ma 42,8 proc. zaufania i 42,7 proc. braku zaufania, Duda 36 proc. \u201eza\u201d oraz a\u017c 49,2 proc. braku zaufania. Morawiecki odpowiednio 36,5 oraz 43,9. Najwi\u0119ksz\u0105 nieufno\u015b\u0107 budz\u0105 Macierewicz i Kaczy\u0144ski, bardzo niskie zaufanie budz\u0105 Ziobro i Szyd\u0142o (ok. 25 proc.).<\/p>\n<p>Pozycja Tuska jeszcze na pewno nieraz si\u0119 zmieni. Tym razem na jego awans ci\u0119\u017cko pracowa\u0142 rz\u0105d i jego kolejne pora\u017cki: degradacja genera\u0142\u00f3w i oficer\u00f3w, ciche nagrody i premie dla ministr\u00f3w oraz dla by\u0142ej premier, mi\u0119dzynarodowa kompromitacja w sprawie praworz\u0105dno\u015bci, konflikt wok\u00f3\u0142 wsp\u00f3\u0142odpowiedzialno\u015bci za Holokaust, wyrzucanie milion\u00f3w na propagandow\u0105, maj\u0105c\u0105 trwa\u0107 dwa lata wypraw\u0119 jachtem dooko\u0142a \u015bwiata (koszt oko\u0142o 20 mln z\u0142). Do tego doda\u0107 trzeba gigantyczne sprz\u0105tanie po ministrze Macierewiczu w resorcie obrony, gdzie nowy minister B\u0142aszczak zwolni\u0142 wszystkich wiceministr\u00f3w (opr\u00f3cz jednego) oraz wielu dyrektor\u00f3w, jak gdyby przejmowa\u0142 ministerstwo z r\u0105k opozycji.<\/p>\n<p>Opozycja, a konkretnie Platforma, ma do odnotowania pierwszy, d\u0142ugo oczekiwany sukces: \u201ekarawan\u0119 wstydu\u201d, kt\u00f3ra zmusi\u0142a prezesa Kaczy\u0144skiego do odwo\u0142ania nagr\u00f3d oraz do zapowiedzi bezsensownej obni\u017cki zarobk\u00f3w dla pos\u0142\u00f3w, prezydent\u00f3w miast, starost\u00f3w itd. To wszystko wola ludu i dla dobra ludu \u2013 tak jak je pojmuje Jaros\u0142aw Kaczy\u0144ski. Prezes pracuje na rzecz Tuska, a ten prostak nawet nie powie \u201edzi\u0119kuj\u0119\u201d.<\/p>\n","protected":false},"excerpt":{"rendered":"<p>Tusk tymczasem wyszed\u0142 na I miejsce w rankingu zaufania.<\/p>\n","protected":false},"author":4,"featured_media":4525,"comment_status":"open","ping_status":"closed","sticky":false,"template":"","format":"standard","meta":{"footnotes":""},"categories":[1],"tags":[],"_links":{"self":[{"href":"https:\/\/blog.polityka.pl\/passent\/wp-json\/wp\/v2\/posts\/4520"}],"collection":[{"href":"https:\/\/blog.polityka.pl\/passent\/wp-json\/wp\/v2\/posts"}],"about":[{"href":"https:\/\/blog.polityka.pl\/passent\/wp-json\/wp\/v2\/types\/post"}],"author":[{"embeddable":true,"href":"https:\/\/blog.polityka.pl\/passent\/wp-json\/wp\/v2\/users\/4"}],"replies":[{"embeddable":true,"href":"https:\/\/blog.polityka.pl\/passent\/wp-json\/wp\/v2\/comments?post=4520"}],"version-history":[{"count":4,"href":"https:\/\/blog.polityka.pl\/passent\/wp-json\/wp\/v2\/posts\/4520\/revisions"}],"predecessor-version":[{"id":4524,"href":"https:\/\/blog.polityka.pl\/passent\/wp-json\/wp\/v2\/posts\/4520\/revisions\/4524"}],"wp:featuredmedia":[{"embeddable":true,"href":"https:\/\/blog.polityka.pl\/passent\/wp-json\/wp\/v2\/media\/4525"}],"wp:attachment":[{"href":"https:\/\/blog.polityka.pl\/passent\/wp-json\/wp\/v2\/media?parent=4520"}],"wp:term":[{"taxonomy":"category","embeddable":true,"href":"https:\/\/blog.polityka.pl\/passent\/wp-json\/wp\/v2\/categories?post=4520"},{"taxonomy":"post_tag","embeddable":true,"href":"https:\/\/blog.polityka.pl\/passent\/wp-json\/wp\/v2\/tags?post=4520"}],"curies":[{"name":"wp","href":"https:\/\/api.w.org\/{rel}","templated":true}]}}