
{"id":4527,"date":"2018-04-11T12:45:47","date_gmt":"2018-04-11T10:45:47","guid":{"rendered":"https:\/\/passent.blog.polityka.pl\/?p=4527"},"modified":"2018-04-11T13:17:45","modified_gmt":"2018-04-11T11:17:45","slug":"pomnik-polski","status":"publish","type":"post","link":"https:\/\/blog.polityka.pl\/passent\/2018\/04\/11\/pomnik-polski\/","title":{"rendered":"Pomnik Polski"},"content":{"rendered":"<p>Niew\u0105tpliwie pomnik si\u0119 nale\u017ca\u0142, nie tylko ofiarom oraz ich rodzinom, ale nam wszystkim, gdy\u017c bez pami\u0119ci, wsp\u00f3\u0142czucia i historii nie spos\u00f3b \u017cy\u0107.<br \/>\n<!--more--><br \/>\nWszyscy wiemy, \u017ce do ostatniej chwili trwa\u0142a brudna wojna o pomnik, przede wszystkim ze strony Prawa i Sprawiedliwo\u015bci, kt\u00f3re domaga\u0142o si\u0119 pomnika na Krakowskim Przedmie\u015bciu i nigdzie indziej, cho\u0107 gdy wzi\u0119\u0142o w\u0142adz\u0119 i spraw\u0119 we w\u0142asne r\u0119ce, okaza\u0142o si\u0119, \u017ce nie Krakowskie Przedmie\u015bcie. W\u0142adze zmieni\u0142y konserwator\u00f3w i lokalizacj\u0119 potajemnie, podst\u0119pnie i k\u0142amliwie, jakoby czyni\u0142y to z my\u015bl\u0105 o obronno\u015bci kraju. To marna sztuczka i \u015bwiadectwo obyczaj\u00f3w. Zapewne Platforma i prezydent Gronkiewicz-Waltz mog\u0142y wykaza\u0107 wi\u0119cej zrozumienia, ale sp\u00f3r o pomnik by\u0142 na r\u0119k\u0119 PiS, by\u0142 cz\u0119\u015bci\u0105 wojny smole\u0144skiej, kt\u00f3ra \u2013 przypomnijmy \u2013 by\u0142a z kolei pochodn\u0105 wojny PO \u2013 PiS.<\/p>\n<p>Prof. Krystyna Skarzy\u0144ska, znana psycholog spo\u0142eczna, zwr\u00f3ci\u0142a w Radiu TOK FM uwag\u0119, \u017ce spos\u00f3b budowy pomnika przypomina tragiczny lot do Smole\u0144ska: to samo lekcewa\u017cenie procedur, reali\u00f3w, konkursu, lokalizacji, ten sam sp\u00f3r, ta sama improwizacja i upolitycznienie.<\/p>\n<p>Jak by\u0142o \u2013 ka\u017cdy widzi. Wojewoda z PiS wy\u0142\u0105czy\u0142 plac Pi\u0142sudskiego z gestii w\u0142adz stolicy, po czym w sekrecie, w ukryciu, pod namiotem zbudowano pomnik ofiar katastrofy smole\u0144skiej. Na pewno w spos\u00f3b niegodny ofiar, troch\u0119 na z\u0142o\u015b\u0107, \u017ceby mie\u0107 ostatnie s\u0142owo. Te ostatnie s\u0142owa brzmia\u0142y jak zwykle pojednawczo, prezydent i prezes m\u00f3wili, \u017ce ten pomnik ma \u0142\u0105czy\u0107, a nie dzieli\u0107, \u017ce to ma by\u0107 monument jedno\u015bci i wsp\u00f3lnoty. Oby, ale my\u015bl\u0119, \u017ce niepr\u0119dko tak si\u0119 stanie. (Prezes \u015bwi\u0119tuje zwyci\u0119stwo, ale jest to zwyci\u0119stwo gorzkie, kt\u00f3re przypomina postawiony na si\u0142\u0119 kamie\u0144 na terenie Urz\u0119du Miasta).<\/p>\n<p>By\u0107 mo\u017ce kiedy\u015b tak b\u0119dzie, ale zarazem fruwaj\u0105 w powietrzu \u201ezdradzieckie mordy, mordercy\u201d i inne obelgi ze s\u0142ownika wsp\u00f3lnoty. A sam pomnik? Sam pomnik nie jest z\u0142y, aczkolwiek schody (trap?) do nieba to nie jest podobno oryginalny pomys\u0142, inni zrobili to wcze\u015bniej. Ale to osobna sprawa.<\/p>\n<p>Natomiast zdecydowanie nie podoba mi si\u0119 lokalizacja pomnika, niewielka bry\u0142a jak gdyby przypadkowa na tle ogromnego placu, bez kontekstu, ewidentnie nie projektowana z my\u015bl\u0105 o tym miejscu. Dla politycznych sponsor\u00f3w miejsce jest politycznie stosowne, na tym placu b\u0119d\u0105 tylko trzy pomniki: Pi\u0142sudskiego, Ofiar Katastrofy i Lecha Kaczy\u0144skiego, kt\u00f3ry wyst\u0105pi w podw\u00f3jnej roli \u2013 prezydenta i ofiary.<\/p>\n<p>Poniewa\u017c pomnik ofiar stan\u0105\u0142 blisko Grobu Nieznanego \u017bo\u0142nierza \u2013 miejsca dla Polak\u00f3w \u015bwi\u0119tego, przed kt\u00f3rym dzie\u0144 i noc stoi warta honorowa \u2013 od tej chwili ka\u017cda delegacja, ka\u017cdy prezydent czy monarcha, kt\u00f3ry odwiedzi nasz kraj, b\u0119dzie musia\u0142 uda\u0107 si\u0119 pod Pomnik Polski i dowiedzie\u0107 si\u0119 o polskiej katastrofie.<\/p>\n","protected":false},"excerpt":{"rendered":"<p>Wszyscy wiemy, \u017ce do ostatniej chwili trwa\u0142a brudna wojna o pomnik.<\/p>\n","protected":false},"author":4,"featured_media":4528,"comment_status":"open","ping_status":"closed","sticky":false,"template":"","format":"standard","meta":{"footnotes":""},"categories":[1],"tags":[],"_links":{"self":[{"href":"https:\/\/blog.polityka.pl\/passent\/wp-json\/wp\/v2\/posts\/4527"}],"collection":[{"href":"https:\/\/blog.polityka.pl\/passent\/wp-json\/wp\/v2\/posts"}],"about":[{"href":"https:\/\/blog.polityka.pl\/passent\/wp-json\/wp\/v2\/types\/post"}],"author":[{"embeddable":true,"href":"https:\/\/blog.polityka.pl\/passent\/wp-json\/wp\/v2\/users\/4"}],"replies":[{"embeddable":true,"href":"https:\/\/blog.polityka.pl\/passent\/wp-json\/wp\/v2\/comments?post=4527"}],"version-history":[{"count":3,"href":"https:\/\/blog.polityka.pl\/passent\/wp-json\/wp\/v2\/posts\/4527\/revisions"}],"predecessor-version":[{"id":4531,"href":"https:\/\/blog.polityka.pl\/passent\/wp-json\/wp\/v2\/posts\/4527\/revisions\/4531"}],"wp:featuredmedia":[{"embeddable":true,"href":"https:\/\/blog.polityka.pl\/passent\/wp-json\/wp\/v2\/media\/4528"}],"wp:attachment":[{"href":"https:\/\/blog.polityka.pl\/passent\/wp-json\/wp\/v2\/media?parent=4527"}],"wp:term":[{"taxonomy":"category","embeddable":true,"href":"https:\/\/blog.polityka.pl\/passent\/wp-json\/wp\/v2\/categories?post=4527"},{"taxonomy":"post_tag","embeddable":true,"href":"https:\/\/blog.polityka.pl\/passent\/wp-json\/wp\/v2\/tags?post=4527"}],"curies":[{"name":"wp","href":"https:\/\/api.w.org\/{rel}","templated":true}]}}