
{"id":453,"date":"2008-06-11T12:42:11","date_gmt":"2008-06-11T10:42:11","guid":{"rendered":"http:\/\/passent.blog.polityka.pl\/?p=453"},"modified":"2008-06-11T12:42:11","modified_gmt":"2008-06-11T10:42:11","slug":"meldunki-z-placu-boju","status":"publish","type":"post","link":"https:\/\/blog.polityka.pl\/passent\/2008\/06\/11\/meldunki-z-placu-boju\/","title":{"rendered":"Meldunki z placu boju"},"content":{"rendered":"<p><strong>Kiedy zasiadam do medi\u00f3w, czuj\u0119 si\u0119 jak dow\u00f3dca, kt\u00f3ry odbiera meldunki z r\u00f3\u017cnych front\u00f3w. Oto wnioski, jakie wyci\u0105gam<\/strong>.\u00a0<\/p>\n<p><strong>BITWA O WA\u0141\u0118S\u0118<\/strong>. Sam prezydent Kaczy\u0144ski, nie po raz pierwszy (tym razem w \u201eRzeczpospolitej\u201d), w\u0142\u0105czy\u0142 si\u0119 do bitwy o \u201eBolka\u201d. Niepotrzebnie anga\u017cuje autorytet prezydenta w ten sp\u00f3r. Moje stanowisko jest nast\u0119puj\u0105ce \u2013 nie ma znaczenia, czy we wczesnych latach 70. Wa\u0142\u0119sa by\u0142 \u201eBolkiem\u201d, niech historycy badaj\u0105, s\u0105dy rozstrzygaj\u0105. Je\u015bli by\u0142, to m\u00f3g\u0142 to przyzna\u0107, ale by\u0107 mo\u017ce nie znalaz\u0142 w sobie si\u0142y. Je\u015bli nie by\u0142 \u2013 ma prawo walczy\u0107 o swoje dobre imi\u0119. Przyznanie nic by zreszt\u0105 w oczach jego przeciwnik\u00f3w nie pomog\u0142o, bo ludzie, kt\u00f3rzy chc\u0105 obali\u0107 mit Wa\u0142\u0119sy, Solidarno\u015bci i Okr\u0105g\u0142ego Sto\u0142u, nigdy nie ustan\u0105 w swoich niskich zamiarach. Im jest wszystko jedno &#8211; Wa\u0142\u0119sa by\u0142 czy nie by\u0142 \u201eBolkiem\u201d \u2013 skoro z czasem \u201ewielkim przyw\u00f3dc\u0105 by\u0142\u201d i to dopiero trzeba wed\u0142ug nich \u201eodk\u0142ama\u0107\u201d. Ma to natomiast znaczenie dla braci Kaczy\u0144skich oraz ich poplecznik\u00f3w w IPN, kt\u00f3rzy chcieliby napisa\u0107 histori\u0119 obalenia komunizmu od nowa, nie w imi\u0119 \u017cadnej prawdy \u2013 jak twierdz\u0105, ale w imi\u0119 powi\u0119kszenia swoich zas\u0142ug kosztem dorobku Wa\u0142\u0119sy i jego otoczenia, kt\u00f3re wybra\u0142o okr\u0105g\u0142y st\u00f3\u0142. \u015awiat wie, \u017ce Wa\u0142\u0119sa by\u0142 bohaterem, a bli\u017aniacy stanowi\u0105 curiosum. Oni chcieliby to odwr\u00f3ci\u0107. I o to chodzi, a nie o \u017cadnego \u201eBolka\u201d.\u00a0\u00a0<\/p>\n<p><strong>BITWA O \u201eAGAT\u0118\u201d<\/strong>. Przypadek 14-letniej \u201eAgaty\u201d, kt\u00f3ra zasz\u0142a w ci\u0105\u017c\u0119, przypomina, \u017ce spo\u0142ecze\u0144stwo jest w wi\u0119kszo\u015bci konserwatywne, dotyczy to tak\u017ce, a mo\u017ce przede wszystkim Ko\u015bcio\u0142a, po cz\u0119\u015bci tak\u017ce \u015brodowiska lekarskiego. Obro\u0144cy \u017cycia w bia\u0142ych fartuchach (ordynator w szpitalu w Lublinie) i w czarnych sutannach id\u0105 rami\u0119 w rami\u0119, a niekt\u00f3rzy wywieraj\u0105 na ni\u0105 i na rodzin\u0119 niedopuszczaln\u0105 presj\u0119. Podobnie jak w sprawie \u201eBolka\u201d nie chodzi o \u201eBolka\u201d, tak w sprawie \u201eAgaty\u201d nie chodzi o ni\u0105, ale o to, \u017ceby postawi\u0107 na swoim. Nie jestem zwolennikiem przerywania ci\u0105\u017cy, uwa\u017cam aborcj\u0119 za z\u0142o, ale jeszcze wi\u0119kszym z\u0142em jest pa\u0144stwo wyznaniowe, w kt\u00f3rym restrykcyjna ustawa nawet w uzasadnionych przypadkach nie mo\u017ce by\u0107 wykonywana, poniewa\u017c faktycznie rz\u0105dzi pani ordynator i pan proboszcz. \u201eAgata\u201d i jej prawni opiekunowie powinni decydowa\u0107 sami. Trwa wojna o to, czy Polska b\u0119dzie normalnym krajem europejskim XXI wieku, gdzie aborcja jest ostateczno\u015bci\u0105, ale jednak jest, czy te\u017c b\u0119dzie pa\u0144stwem wyznaniowym, w kt\u00f3rym brak odwa\u017cnych, \u017ceby sta\u0107 na gruncie prawa. U\u015bwiadomienie seksualne powinno by\u0107 w szko\u0142ach tak powszechne i faktycznie obowi\u0105zuj\u0105ce, jak katecheza, za\u015b \u015brodki antykoncepcyjne r\u00f3wnie dost\u0119pne jak ksi\u0105\u017ceczki do nabo\u017ce\u0144stwa. Nawet w Hiszpanii w publicznej s\u0142u\u017cbie zdrowia, dziewczyna \u2013 po rozmowie z lekarzem \u2013 mo\u017ce dosta\u0107 pigu\u0142k\u0119 typu \u201enazajutrz rano\u201d, co wprowadzono za rz\u0105d\u00f3w konserwatywnej Partii Ludowej.\u00a0\u00a0\u00a0<\/p>\n<p><strong>BITWA O SLD<\/strong>. Nie widz\u0119 nic z\u0142ego w tym, \u017ce Napieralski jest szefem SLD, a Olejniczak pozostanie na czele klubu parlamentarnego. Albo to jest pat, albo m\u0105dre rozstrzygni\u0119cie. Je\u017celi b\u0119d\u0105 umieli wsp\u00f3\u0142pracowa\u0107, to mo\u017ce to wyj\u015b\u0107 lewicy na korzy\u015b\u0107. Odsuni\u0119cie Olejniczaka przez Napieralskiego nie by\u0142oby uzasadnione, bior\u0105c pod uwag\u0119, \u017ce obaj ciesz\u0105 si\u0119 mniej wi\u0119cej podobnym poparciem w partii. Zwy\u017cka poparcia w badaniach opinii z 6 do 10 proc. nie musi by\u0107 trwa\u0142a, mo\u017ce by\u0107 wynikiem \u201enadobecno\u015bci\u201d SLD w mediach, form\u0105 uznania cz\u0119\u015bci elektoratu dla otwartej, demokratycznej rywalizacji obu lider\u00f3w, wreszcie &#8211; jest skutkiem dominacji prawicy na scenie politycznej i braku alternatywy dla SLD. Poparcie ze strony 10 proc. to jednak nie jest du\u017co (by\u0142o ponad 40 proc.) i nie jest gwarantowane. Przestrzegam przed nadmiernym optymizmem. Potrzebny jest czytelny program, jasne stanowisko (nieobecno\u015b\u0107 w paradzie r\u00f3wno\u015bci to b\u0142\u0105d, KTO\u015a powinien by\u0142 by\u0107), r\u00f3wnie\u017c w bitwie o \u201eAgat\u0119\u201d lewica powinna by\u0107 widoczna. SLD powinno przesta\u0107 zajmowa\u0107 si\u0119 sob\u0105 i jak najszybciej broni\u0107 swoich zasad (je\u015bli je ma\u2026).\u00a0\u00a0<\/p>\n<p><strong>BITWA O IRLANDI\u0118<\/strong>. We czwartek referendum \u201elizbo\u0144skie\u201d w Irlandii \u2013 jedynym kraju, kt\u00f3ry ratyfikuje \u201eLizbon\u0119\u201d w ten spos\u00f3b. Traktat wisi na w\u0142osku. B\u00f3j jest wyr\u00f3wnany. Podoba\u0142 mi si\u0119 komentarz w \u201eGW\u201d, kt\u00f3rego autor twierdzi\u0142, \u017ce polski premier (a mo\u017ce nawet prezydent) powinien pojecha\u0107 do Dublina i namawia\u0107 tamtejszych Polak\u00f3w, by g\u0142osowali \u201eza\u201d. A nasi przyw\u00f3dcy bardziej maj\u0105 w g\u0142owie pi\u0142k\u0119 no\u017cn\u0105 lub \u201eBolka\u201d (ka\u017cdy gra w co\u015b innego), ni\u017c to, co naprawd\u0119 wa\u017cne.\u00a0\u00a0<\/p>\n<p><strong>BITWA O EURO 2008<\/strong>. Jestem umiarkowanym kibicem. We czwartek b\u0119d\u0119 kibicowa\u0142 \u201enaszym ch\u0142opcom\u201d, \u201ebia\u0142o-czerwonym\u201d itp. Ale kiedy patrz\u0119 na te zapijaczone g\u0119by kiboli, ubranych w barwy narodowe i pokazywane do znudzenia w telewizji, to mam ochot\u0119 wy\u0142\u0105czy\u0107 telewizor. Rozumiem prof. prof. Magdalen\u0119 \u015arod\u0119 i Janusza Czapi\u0144skiego, kt\u00f3rzy dystansuj\u0105 si\u0119 (w TVN24) od tego szale\u0144stwa, nie chc\u0105, \u017ceby \u015bwiat wariowa\u0142 na punkcie pi\u0142ki no\u017cnej, ale nie zgadzam si\u0119, \u017ce to wszystko komercja. Nie. Gdzie\u015b na dnie pozostaje prawdziwy sport, odwieczna rywalizacja, pi\u0119kna gra, kt\u00f3rej wynik pozostaje do ko\u0144ca otwarty (pomijam korupcj\u0119 na poziomie klubowym). Szwedzi, Hiszpanie i Niemcy pokazali ju\u017c pi\u0142k\u0119 najwy\u017cszym poziomie. To poziom dla naszych niedost\u0119pny, ale licz\u0119, \u017ce w meczu o wszystko z Austri\u0105 wstydu nie przynios\u0105.<\/p>\n","protected":false},"excerpt":{"rendered":"<p>Kiedy zasiadam do medi\u00f3w, czuj\u0119 si\u0119 jak dow\u00f3dca, kt\u00f3ry odbiera meldunki z r\u00f3\u017cnych front\u00f3w. Oto wnioski, jakie wyci\u0105gam.\u00a0 BITWA O WA\u0141\u0118S\u0118. Sam prezydent Kaczy\u0144ski, nie po raz pierwszy (tym razem w \u201eRzeczpospolitej\u201d), w\u0142\u0105czy\u0142 si\u0119 do bitwy o \u201eBolka\u201d. Niepotrzebnie anga\u017cuje autorytet prezydenta w ten sp\u00f3r. Moje stanowisko jest nast\u0119puj\u0105ce \u2013 nie ma znaczenia, czy we [&hellip;]<\/p>\n","protected":false},"author":4,"featured_media":0,"comment_status":"open","ping_status":"open","sticky":false,"template":"","format":"standard","meta":{"footnotes":""},"categories":[1],"tags":[],"_links":{"self":[{"href":"https:\/\/blog.polityka.pl\/passent\/wp-json\/wp\/v2\/posts\/453"}],"collection":[{"href":"https:\/\/blog.polityka.pl\/passent\/wp-json\/wp\/v2\/posts"}],"about":[{"href":"https:\/\/blog.polityka.pl\/passent\/wp-json\/wp\/v2\/types\/post"}],"author":[{"embeddable":true,"href":"https:\/\/blog.polityka.pl\/passent\/wp-json\/wp\/v2\/users\/4"}],"replies":[{"embeddable":true,"href":"https:\/\/blog.polityka.pl\/passent\/wp-json\/wp\/v2\/comments?post=453"}],"version-history":[{"count":0,"href":"https:\/\/blog.polityka.pl\/passent\/wp-json\/wp\/v2\/posts\/453\/revisions"}],"wp:attachment":[{"href":"https:\/\/blog.polityka.pl\/passent\/wp-json\/wp\/v2\/media?parent=453"}],"wp:term":[{"taxonomy":"category","embeddable":true,"href":"https:\/\/blog.polityka.pl\/passent\/wp-json\/wp\/v2\/categories?post=453"},{"taxonomy":"post_tag","embeddable":true,"href":"https:\/\/blog.polityka.pl\/passent\/wp-json\/wp\/v2\/tags?post=453"}],"curies":[{"name":"wp","href":"https:\/\/api.w.org\/{rel}","templated":true}]}}