
{"id":4533,"date":"2018-04-12T23:14:29","date_gmt":"2018-04-12T21:14:29","guid":{"rendered":"https:\/\/passent.blog.polityka.pl\/?p=4533"},"modified":"2018-04-13T17:34:34","modified_gmt":"2018-04-13T15:34:34","slug":"feralna-trzynastka-2","status":"publish","type":"post","link":"https:\/\/blog.polityka.pl\/passent\/2018\/04\/12\/feralna-trzynastka-2\/","title":{"rendered":"Feralna trzynastka"},"content":{"rendered":"<p>Oto przekaz dzienny &#8211; 13 punkt\u00f3w na pi\u0105tek 13 kwietnia i nast\u0119pne.<br \/>\n<!--more--><br \/>\nKomorowski \u2013 zaw\u0142aszczy\u0142 urz\u0105d prezydenta, winny zaniedba\u0144 bezpo\u015brednio po zamachu smole\u0144skim. Prominentny my\u015bliwy. Przes\u0142uchany na razie w charakterze \u015bwiadka, na razie tylko trzy godziny.<\/p>\n<p>Tusk \u2013 herszt polsko-rosyjskiej bandy zdradzieckiej, kt\u00f3ra zamordowa\u0142a prezydenta i 95 pozosta\u0142ych os\u00f3b. Biega trzy razy w tygodniu 10 km, wkr\u00f3tce dobiegnie. Na razie przes\u0142uchiwany w charakterze \u015bwiadka, ale m\u0142yny prawa i sprawiedliwo\u015bci&#8230;<\/p>\n<p>Neumann S\u0142awomir (PO) \u2013 podejrzany o przyj\u0119cie \u0142ap\u00f3wki. Na razie&#8230;<br \/>\nGaw\u0142owski Stanis\u0142aw (PO) \u2013 podejrzany, do aresztu, na razie&#8230;<br \/>\nGasiuk-Pihowicz Kamila \u2013 w sprawie cywilnej, na razie&#8230;<br \/>\nRyszard Petru \u2013 patrz wy\u017cej, na razie&#8230;<\/p>\n<p>Czuchnowski Wojciech \u2013 poszukiwany, wyszed\u0142 z roli dziennikarza w nieznanym kierunku, wyrostek z \u201eGazety Michnika\u201d, kt\u00f3ry nie umie si\u0119 zachowa\u0107 na konferencji prasowej i opanowa\u0107 swoich zwierz\u0119cych odruch\u00f3w. Obrazi\u0142 ministra Macierewicza, kwestionuj\u0105c jego prawdom\u00f3wno\u015b\u0107.<\/p>\n<p>Paw\u0142owicz Krystyna &#8211; profesor prawa, pos\u0142anka Prawa i Sprawiedliwo\u015bci, skandalistka o manierach przekupki, popularna w\u015br\u00f3d dziennikarzy, kt\u00f3rzy czekaj\u0105, a\u017c otworzy buzi\u0119. Podobnie jak prezes u\u017cywa s\u0142owa \u201emorda\u201d.<\/p>\n<p>Raport techniczny \u2013 owoc dwuletniej pracy komisji ministra Macierewicza, kt\u00f3ry ma zast\u0105pi\u0107 \u201eraport\u201d pa\u0144stwowej komisji Millera. Dokument miejscami udany, miejscami nieudany, na pewno lepszy od \u201eraportu\u201d gen. Anodiny, miejscami gorszy.<\/p>\n<p>Wprowadzanie skromno\u015bci &#8211; b\u0119dzie skromniej, du\u017co skromniej, wydatki na ochron\u0119 jednej osoby zostan\u0105 obci\u0119te do 1 mln z\u0142 rocznie, na podr\u00f3\u017ce do USA \u2013 do p\u00f3\u0142 miliona.<\/p>\n<p>Degradacje \u2013 zamiast w wojsku, b\u0119d\u0105 przeprowadzone na wy\u017cszych uczelniach i w postsowieckiej strukturze, jak\u0105 jest \u201ePolska\u201d Akademia Nauk. \u017byje jeszcze i pracuje ponad 570 os\u00f3b, kt\u00f3re swoje tytu\u0142y  naukowe otrzyma\u0142y w Rosji. Powinny zosta\u0107 pozbawione tytu\u0142\u00f3w i zdoby\u0107 je ponownie \u2013 tym razem w Polsce.<\/p>\n<p>Zwrot nagr\u00f3d i wp\u0142ata na Caritas &#8211; zwrot sk\u0105din\u0105d zas\u0142u\u017conych nagr\u00f3d, kt\u00f3re zosta\u0142y \u017ale odebrane przez suwerena. Wola ludu wol\u0105 Boga. (Mo\u017ce nie wol\u0105, ale musz\u0105 zasili\u0107 fundusz ko\u015bcielny, \u017ceby bro\u0144 Bo\u017ce nie wp\u0142acili na orkiestr\u0119 Owsiaka). Nie chc\u0105, ale musz\u0105.<\/p>\n<p>Frans Timmermans i wiceprzewodnicz\u0105cy Komisji Europejskiej bawi\u0142 ostatnio w Warszawie i jest pod g\u0142\u0119bokim wra\u017ceniem dobrej zmiany w wymiarze sprawiedliwo\u015bci. Czeka jeszcze na jaki\u015b pretekst, kt\u00f3ry mu pozwoli pog\u0142\u0119bi\u0107 to wra\u017cenie do sze\u015bciu st\u00f3p pod powierzchni\u0105 ziemi.<\/p>\n","protected":false},"excerpt":{"rendered":"<p>Zwrot nagr\u00f3d i wp\u0142ata na Caritas &#8211; zwrot sk\u0105din\u0105d zas\u0142u\u017conych nagr\u00f3d, kt\u00f3re zosta\u0142y \u017ale odebrane przez suwerena.<\/p>\n","protected":false},"author":4,"featured_media":4537,"comment_status":"open","ping_status":"closed","sticky":false,"template":"","format":"standard","meta":{"footnotes":""},"categories":[1],"tags":[32,30,31],"_links":{"self":[{"href":"https:\/\/blog.polityka.pl\/passent\/wp-json\/wp\/v2\/posts\/4533"}],"collection":[{"href":"https:\/\/blog.polityka.pl\/passent\/wp-json\/wp\/v2\/posts"}],"about":[{"href":"https:\/\/blog.polityka.pl\/passent\/wp-json\/wp\/v2\/types\/post"}],"author":[{"embeddable":true,"href":"https:\/\/blog.polityka.pl\/passent\/wp-json\/wp\/v2\/users\/4"}],"replies":[{"embeddable":true,"href":"https:\/\/blog.polityka.pl\/passent\/wp-json\/wp\/v2\/comments?post=4533"}],"version-history":[{"count":4,"href":"https:\/\/blog.polityka.pl\/passent\/wp-json\/wp\/v2\/posts\/4533\/revisions"}],"predecessor-version":[{"id":4538,"href":"https:\/\/blog.polityka.pl\/passent\/wp-json\/wp\/v2\/posts\/4533\/revisions\/4538"}],"wp:featuredmedia":[{"embeddable":true,"href":"https:\/\/blog.polityka.pl\/passent\/wp-json\/wp\/v2\/media\/4537"}],"wp:attachment":[{"href":"https:\/\/blog.polityka.pl\/passent\/wp-json\/wp\/v2\/media?parent=4533"}],"wp:term":[{"taxonomy":"category","embeddable":true,"href":"https:\/\/blog.polityka.pl\/passent\/wp-json\/wp\/v2\/categories?post=4533"},{"taxonomy":"post_tag","embeddable":true,"href":"https:\/\/blog.polityka.pl\/passent\/wp-json\/wp\/v2\/tags?post=4533"}],"curies":[{"name":"wp","href":"https:\/\/api.w.org\/{rel}","templated":true}]}}