
{"id":4539,"date":"2018-04-16T23:19:47","date_gmt":"2018-04-16T21:19:47","guid":{"rendered":"https:\/\/passent.blog.polityka.pl\/?p=4539"},"modified":"2018-04-17T13:23:53","modified_gmt":"2018-04-17T11:23:53","slug":"szum-banknotow","status":"publish","type":"post","link":"https:\/\/blog.polityka.pl\/passent\/2018\/04\/16\/szum-banknotow\/","title":{"rendered":"Szelest banknot\u00f3w"},"content":{"rendered":"<p>Je\u017celi Antoni Macierewicz jest schowany, a PiS rozdaje pieni\u0105dze, to znaczy, \u017ce zbli\u017caj\u0105 si\u0119 wybory. CIT spada (nielicznym), sk\u0142adka na  ZUS (jak wy\u017cej), matkom ro\u015bnie (niekt\u00f3rym), babciom i dziadkom ma by\u0107 lepiej, wnuki przynios\u0105 po 300 z\u0142otych wyprawki ka\u017cdy tu\u017c przed wyborami, i wszyscy razem rusz\u0105 po ko\u015bciele, \u015bwie\u017co naprawion\u0105 drog\u0105 lokaln\u0105, do lokalu wyborczego. Dla ka\u017cdego co\u015b mi\u0142ego.<br \/>\n<!--more--><br \/>\nLepszej maszyny wyborczej nikt jeszcze nie wymy\u015bli\u0142. Banknot stuz\u0142otowy to najlepsza kartka wyborcza. Bilety Narodowego Banku Polskiego toruj\u0105 drog\u0119 do w\u0142adzy. Jedyny legalny \u015brodek p\u0142atniczy da tobie i twojemu rz\u0105dowi maksimum zadowolenia, nie przerywaj\u0105c snu.<\/p>\n<p>Dwa razy G \u2013 godno\u015b\u0107 i got\u00f3wka \u2013 to recepta PiS na dotarcie do wyborcy, kt\u00f3ry jest spragniony jednego i drugiego. Ekonomi\u015bci mog\u0105 grymasi\u0107, \u017ce brak programu, brak wizji, ale wyborcy trudno si\u0119 do tego przyczepi\u0107. On nadstawia kiesze\u0144 i g\u0142osuje jak Pan B\u00f3g przykaza\u0142.<\/p>\n<p>A Pan B\u00f3g by\u0142 w tym tygodniu wyj\u0105tkowo \u0142askawy. Nie zagrzmia\u0142 nawet wtedy, gdy narodowcy ze swoimi pochodniami, ultranarodowymi transparentami i gro\u017anymi has\u0142ami opanowali Jasn\u0105 G\u00f3r\u0119. Przeor nabra\u0142 wody w usta. Nie odr\u00f3\u017cnia pochodni od kadzid\u0142a, czy co? Podobnie szefostwo NSZZ Solidarno\u015b\u0107 z przewodnicz\u0105cym Dud\u0105 na czele bez zmru\u017cenia oka wpu\u015bci\u0142o ONR do s\u0142ynnej Sali BHP w dawnej Stoczni Gda\u0144skiej. Idea\u0142 si\u0119gn\u0105\u0142 bruku.<\/p>\n<p>Kiedy s\u0142ysz\u0119, jak prezydent Gda\u0144ska zapewnia, \u017ce nie wiedzia\u0142, co si\u0119 \u015bwi\u0119ci, to sobie my\u015bl\u0119: gdzie s\u0105 odpowiednie s\u0142u\u017cby, gdzie jest rozpracowywanie \u015brodowisk radykalnych, czy pod nosem w\u0142adz mo\u017cna wnie\u015b\u0107 na historyczn\u0105 sal\u0119 konia troja\u0144skiego albo smoka zion\u0105cego nienawi\u015bci\u0105 i ksenofobi\u0105? Tak jak na stadion nie mo\u017cna wnie\u015b\u0107 gigantycznych transparent\u00f3w bez wsp\u00f3\u0142pracy gospodarzy, podobnie w Cz\u0119stochowie i w Gda\u0144sku kto\u015b te igrzyska pob\u0142ogos\u0142awi\u0142. ONR i jego patroni \u2013 zamiast by\u0107 pod szczeg\u00f3lnym nadzorem &#8211; sobie z nas kpi\u0105. Dla partii rz\u0105dz\u0105cej najwa\u017cniejsze jest, \u017ceby na prawo od niej nikogo nie denerwowa\u0107.<\/p>\n<p><strong>Zaproszenie<\/strong><br \/>\nEliza Olczyk (&#8222;Wprost&#8221;), Robert Felu\u015b (&#8222;Fakt&#8221;) i Jan Ordy\u0144ski (Towarzystwo Dziennikarskie) b\u0119d\u0105 naszymi go\u015b\u0107mi w Radiu TOK FM we wtorek 17 kwietnia o godz. 20.05.<\/p>\n","protected":false},"excerpt":{"rendered":"<p>Pan B\u00f3g by\u0142 w tym tygodniu wyj\u0105tkowo \u0142askawy dla PiS.<\/p>\n","protected":false},"author":4,"featured_media":4544,"comment_status":"open","ping_status":"closed","sticky":false,"template":"","format":"standard","meta":{"footnotes":""},"categories":[1],"tags":[],"_links":{"self":[{"href":"https:\/\/blog.polityka.pl\/passent\/wp-json\/wp\/v2\/posts\/4539"}],"collection":[{"href":"https:\/\/blog.polityka.pl\/passent\/wp-json\/wp\/v2\/posts"}],"about":[{"href":"https:\/\/blog.polityka.pl\/passent\/wp-json\/wp\/v2\/types\/post"}],"author":[{"embeddable":true,"href":"https:\/\/blog.polityka.pl\/passent\/wp-json\/wp\/v2\/users\/4"}],"replies":[{"embeddable":true,"href":"https:\/\/blog.polityka.pl\/passent\/wp-json\/wp\/v2\/comments?post=4539"}],"version-history":[{"count":6,"href":"https:\/\/blog.polityka.pl\/passent\/wp-json\/wp\/v2\/posts\/4539\/revisions"}],"predecessor-version":[{"id":4546,"href":"https:\/\/blog.polityka.pl\/passent\/wp-json\/wp\/v2\/posts\/4539\/revisions\/4546"}],"wp:featuredmedia":[{"embeddable":true,"href":"https:\/\/blog.polityka.pl\/passent\/wp-json\/wp\/v2\/media\/4544"}],"wp:attachment":[{"href":"https:\/\/blog.polityka.pl\/passent\/wp-json\/wp\/v2\/media?parent=4539"}],"wp:term":[{"taxonomy":"category","embeddable":true,"href":"https:\/\/blog.polityka.pl\/passent\/wp-json\/wp\/v2\/categories?post=4539"},{"taxonomy":"post_tag","embeddable":true,"href":"https:\/\/blog.polityka.pl\/passent\/wp-json\/wp\/v2\/tags?post=4539"}],"curies":[{"name":"wp","href":"https:\/\/api.w.org\/{rel}","templated":true}]}}