
{"id":455,"date":"2008-06-19T11:22:00","date_gmt":"2008-06-19T09:22:00","guid":{"rendered":"http:\/\/passent.blog.polityka.pl\/?p=455"},"modified":"2008-06-19T12:24:58","modified_gmt":"2008-06-19T10:24:58","slug":"nie-chodzi-o-walese","status":"publish","type":"post","link":"https:\/\/blog.polityka.pl\/passent\/2008\/06\/19\/nie-chodzi-o-walese\/","title":{"rendered":"Nie chodzi o Wa\u0142\u0119s\u0119"},"content":{"rendered":"<p><img loading=\"lazy\" decoding=\"async\" border=\"0\" align=\"middle\" width=\"450\" src=\"http:\/\/passent.blog.polityka.pl\/wp-content\/uploads\/0bolki450.jpg\" alt=\"0bolki450.jpg\" height=\"314\" title=\"0bolki450.jpg\" \/>\u00a0<\/p>\n<p><em>Polsat,\u00a0&#8222;Konfrontacje&#8221;. Na zdj.\u00a0Dorota Gawryluk, S\u0142awomir Cenckiewicz i\u00a0Piotr Gontarczyk. Fot. Stefan Maszewski \/REPORTER<\/em>\u00a0\u00a0<\/p>\n<p>Nie trzeba by\u0107 detektywem, \u017ceby odkry\u0107 prawdziwe motywy ataku na Wa\u0142\u0119s\u0119. Jeden \u2013 to zawi\u015b\u0107. Wielu zwolennik\u00f3w ksi\u0105\u017cki pp. Cenckiewicza i Gontarczyka podkre\u015bla, \u017ce Wa\u0142\u0119sa przypisuje sobie obalenie komunizmu, m\u00f3wi, \u017ce to on decydowa\u0142, on kierowa\u0142, on wskazywa\u0142\u2026 Rzeczywi\u015bcie, tak\u0105 nut\u0119 s\u0142ycha\u0107 w jego wypowiedziach, ale to dlatego, \u017ce Wa\u0142\u0119sa nie jest dyplomat\u0105, nie wie co to polityczna poprawno\u015b\u0107, a przede wszystkim gdyby nie jego rozd\u0119te ego \u2013 nigdy nie zosta\u0142by przyw\u00f3dc\u0105, symbolem obalenia komunizmu, nie przetrwa\u0142by w internacie. I tego zazdroszcz\u0105 mu jego przeciwnicy. Przecie\u017c ka\u017cde dziecko wie, \u017ce Wa\u0142\u0119sa sta\u0142 na czele ogromnego ruchu. M\u00f3wienie, \u017ce gdyby on si\u0119 nie wywy\u017csza\u0142, to nie by\u0142oby wyci\u0105gania sprawy Bolka, stanowi form\u0119 przyznania, \u017ce oto mamy do czynienia z aktem zemsty i zawi\u015bci.<\/p>\n<p>Drugi motyw dzia\u0142ania przeciwnik\u00f3w Wa\u0142\u0119sy to rozprawa z III RP i reanimacja IV RP. Im nie chodzi o Wa\u0142\u0119s\u0119, kt\u00f3ry stoi ju\u017c\u00a0w gabinecie figur woskowych. Im chodzi, jak to przyzna\u0142 senator Zbigniew Romaszewski wczoraj w TVP, o \u00f3w mityczny \u2018uk\u0142ad\u2019, kt\u00f3ry w dalszym ci\u0105gu panuje rzekomo nad Polsk\u0105. M\u00f3wi\u0105 \u201eWa\u0142\u0119sa\u201d, a w domy\u015ble \u201eMichnik, Geremek, Kiszczak, Tusk\u201d. Wa\u0142\u0119s\u0105 oni gardz\u0105 i nigdy nie po\u015bwi\u0119caliby mu tyle uwagi, gdyby chodzi\u0142o tylko o prawd\u0119, bo gdyby Wa\u0142\u0119sa nie by\u0142 symbolem polskiej \u2013 niedoko\u0144czonej, wykolejonej ich zdaniem \u2013 transformacji, to by mu dali spok\u00f3j. W tym sensie sp\u00f3r o Wa\u0142\u0119s\u0119 jest sporem zast\u0119pczym, dalszym ci\u0105giem kampanii politycznej, kt\u00f3ra wynios\u0142a do w\u0142adzy, a potem odsun\u0119\u0142a Prawo i Sprawiedliwo\u015b\u0107 braci Kaczy\u0144skich. To dlatego prezydent zaanga\u017cowa\u0142 si\u0119 w sp\u00f3r i stwierdzi\u0142, \u017ce Wa\u0142\u0119sa to \u2018Bolek\u2019. Maj\u0105 w swoich r\u0119kach IPN i trzeba przyzna\u0107, \u017ce umiej\u0105 ze\u0144 korzysta\u0107. Potwierdza si\u0119 zasada, \u017ce kto opanuje przesz\u0142o\u015b\u0107, ten rz\u0105dzi tera\u017aniejszo\u015bci\u0105.<\/p>\n<p>Racj\u0119 te\u017c ma Bogdan Lis, \u017ce ksi\u0105\u017cka Cenckiewicza i Gontarczyka ma swoje \u017ar\u00f3d\u0142a w\u00a0 nienawi\u015bci ich \u015brodowiska do Wa\u0142\u0119sy. To nienawi\u015b\u0107 prawicy do tych przyw\u00f3dc\u00f3w \u201eSolidarno\u015bci\u201d, kt\u00f3rych popiera\u0142a wi\u0119kszo\u015b\u0107 Polak\u00f3w, a kt\u00f3rzy usiedli do sto\u0142u z komunistami.<\/p>\n<p>Kwestia czy Wa\u0142\u0119sa by\u0142 \u2018Bolkiem\u2019 mnie nie pasjonuje. Mam wra\u017cenie, \u017ce co\u015b tam podpisa\u0142, a mo\u017ce i napisa\u0142, by\u0107 mo\u017ce\u00a0 p\u00f3\u017aniej te kartki z akt usun\u0105\u0142 \u2013 to ewentualnie sprawa dla prokuratora, przykra, ale\u00a0 ludzka. (Dlaczego nie zaj\u0105\u0142 si\u0119 tym Zbigniew Ziobro, albo Lech Kaczy\u0144ski, gdy by\u0142 ministrem Sprawiedliwo\u015bci?). Nie ma na to jednak dowod\u00f3w, zabrak\u0142o \u2018dymi\u0105cego pistoletu\u2019; nawet tacy historycy jak Antoni Dudek, kt\u00f3rzy ksi\u0105\u017ck\u0119 ju\u017c znaj\u0105, m\u00f3wi\u0105, \u017ce nosi ona charakter poszlakowy. Kto chce \u2013 ten uwierzy, bo ju\u017c i tak by\u0142 przekonany, \u017ce Wa\u0142\u0119sa to \u2018Bolek\u2019. Reszta pozostanie\u00a0 innego zdania. Ja mam wra\u017cenie, \u017ce Wa\u0142\u0119sa mia\u0142 chwile s\u0142abo\u015bci, ale nie za to go podziwiamy. Mie\u0107 chwile s\u0142abo\u015bci jest cech\u0105 ludzk\u0105 \u2013 kto ich nie ma, niech pierwszy rzuci kamieniem. Natomiast dzie\u0142o, kt\u00f3re symbolizuje Wa\u0142\u0119sa \u2013 jest nadludzkie i tego ju\u017c nikt nie pomniejszy.<\/p>\n<p>O wiele bardziej ni\u017c \u2018Bolek\u2019 interesuj\u0105ce jest to,\u00a0 co dzieje si\u0119 teraz. Trwa polowanie na bohatera narodowego, \u017ceby go unurza\u0107, poni\u017cy\u0107, nie da\u0107 mu \u017cy\u0107. Pa\u0144stwowy IPN i pa\u0144stwowa telewizja oraz sprzyjaj\u0105ce im media zosta\u0142y zaanga\u017cowane w kampani\u0119 bez precedensu, kt\u00f3ra b\u0119dzie mia\u0142a zgubne skutki dla wizerunku Polski i Solidarno\u015bci. Oczywi\u015bcie, mamy wolno\u015b\u0107 s\u0142owa i ka\u017cdy mo\u017ce bada\u0107 co chce i pisa\u0107 co chce. Ale chyba nikt nie jest taki naiwny, \u017ceby uwierzy\u0107, \u017ce mamy do czynienia z dzia\u0142aniem bezinteresownym.\u00a0 Wczorajszy wiecz\u00f3r w TVP to \u201emisja specjalna do pot\u0119gi\u201d. Robotnik, na kt\u00f3rego mia\u0142 donosi\u0107 Wa\u0142\u0119sa, nie jest mu w stanie przebaczy\u0107, a ubek zamiast uderzy\u0107 si\u0119 w piersi \u2013 pastwi si\u0119 nad Wa\u0142\u0119s\u0105 tak, jak to robi\u0142 35 lat temu. I do tego ta muzyczka i strz\u0119py dokument\u00f3w z niszczarki. Niszczarka rwie legend\u0119 na strz\u0119py. Im bardziej Wa\u0142\u0119sa b\u0119dzie poni\u017cony, tym bardziej wywy\u017cszeni b\u0119d\u0105 ci, kt\u00f3rzy nie zd\u0105\u017cyli zosta\u0107 bohaterami.<\/p>\n","protected":false},"excerpt":{"rendered":"<p>\u00a0 Polsat,\u00a0&#8222;Konfrontacje&#8221;. Na zdj.\u00a0Dorota Gawryluk, S\u0142awomir Cenckiewicz i\u00a0Piotr Gontarczyk. Fot. Stefan Maszewski \/REPORTER\u00a0\u00a0 Nie trzeba by\u0107 detektywem, \u017ceby odkry\u0107 prawdziwe motywy ataku na Wa\u0142\u0119s\u0119. Jeden \u2013 to zawi\u015b\u0107. Wielu zwolennik\u00f3w ksi\u0105\u017cki pp. Cenckiewicza i Gontarczyka podkre\u015bla, \u017ce Wa\u0142\u0119sa przypisuje sobie obalenie komunizmu, m\u00f3wi, \u017ce to on decydowa\u0142, on kierowa\u0142, on wskazywa\u0142\u2026 Rzeczywi\u015bcie, tak\u0105 nut\u0119 s\u0142ycha\u0107 [&hellip;]<\/p>\n","protected":false},"author":4,"featured_media":0,"comment_status":"open","ping_status":"open","sticky":false,"template":"","format":"standard","meta":{"footnotes":""},"categories":[1],"tags":[],"_links":{"self":[{"href":"https:\/\/blog.polityka.pl\/passent\/wp-json\/wp\/v2\/posts\/455"}],"collection":[{"href":"https:\/\/blog.polityka.pl\/passent\/wp-json\/wp\/v2\/posts"}],"about":[{"href":"https:\/\/blog.polityka.pl\/passent\/wp-json\/wp\/v2\/types\/post"}],"author":[{"embeddable":true,"href":"https:\/\/blog.polityka.pl\/passent\/wp-json\/wp\/v2\/users\/4"}],"replies":[{"embeddable":true,"href":"https:\/\/blog.polityka.pl\/passent\/wp-json\/wp\/v2\/comments?post=455"}],"version-history":[{"count":0,"href":"https:\/\/blog.polityka.pl\/passent\/wp-json\/wp\/v2\/posts\/455\/revisions"}],"wp:attachment":[{"href":"https:\/\/blog.polityka.pl\/passent\/wp-json\/wp\/v2\/media?parent=455"}],"wp:term":[{"taxonomy":"category","embeddable":true,"href":"https:\/\/blog.polityka.pl\/passent\/wp-json\/wp\/v2\/categories?post=455"},{"taxonomy":"post_tag","embeddable":true,"href":"https:\/\/blog.polityka.pl\/passent\/wp-json\/wp\/v2\/tags?post=455"}],"curies":[{"name":"wp","href":"https:\/\/api.w.org\/{rel}","templated":true}]}}