
{"id":457,"date":"2008-06-26T18:49:21","date_gmt":"2008-06-26T16:49:21","guid":{"rendered":"http:\/\/passent.blog.polityka.pl\/?p=457"},"modified":"2008-06-26T19:32:07","modified_gmt":"2008-06-26T17:32:07","slug":"chylkiem-do-waszyngtonu","status":"publish","type":"post","link":"https:\/\/blog.polityka.pl\/passent\/2008\/06\/26\/chylkiem-do-waszyngtonu\/","title":{"rendered":"Chy\u0142kiem do Waszyngtonu"},"content":{"rendered":"<p><img loading=\"lazy\" decoding=\"async\" src=\"http:\/\/passent.blog.polityka.pl\/wp-content\/uploads\/0fotyga450.jpg\" alt=\"0fotyga450.jpg\" title=\"0fotyga450.jpg\" align=\"middle\" border=\"0\" width=\"450\" height=\"300\" \/><\/p>\n<p><em>Fot. \u0141ukasz Ostalski \/ REPORTER<\/em><\/p>\n<p>Przyznaj\u0119 bez bicia \u2013 z powodu mistrzostw Europy w pi\u0142ce no\u017cnej moja aktywno\u015b\u0107 na blogu znacznie spad\u0142a, jestem ospa\u0142y jak nasi pi\u0142karze i te\u017c powinienem przeprosi\u0107 kibic\u00f3w. S\u0105dzi\u0142em, \u017ce uda mi si\u0119 tak doczo\u0142ga\u0107 do fina\u0142u, ale poderwa\u0142a mnie do walki prezydencka minister Anna Fotyga.<\/p>\n<p>Podczas kiedy nar\u00f3d \u017cyje futbolem, a elita \u2013 Bolkiem, pani minister niepostrze\u017cenie wyskoczy\u0142a do Ameryki. Gdyby\u017c to jeszcze by\u0142a podr\u00f3\u017c prywatna, wakacje w Kalifornii albo jaki\u015b wyk\u0142ad w Georgetown University za\u0142atwiony po kole\u017ce\u0144sku przez Aleksandra Kwa\u015bniewskiego, to bym zrozumia\u0142. Ale okazuje si\u0119, \u017ce szefowa Kancelarii Prezydenta RP w tajemnicy (!!!) przed premierem i ministrem spraw zagranicznych pojecha\u0142a do Waszyngtonu na szereg spotka\u0144 na wysokim szczeblu, i to w okresie, kiedy trwaj\u0105 negocjacje w sprawie tarczy, zapowiedziano wycofanie polskich oddzia\u0142\u00f3w z Iraku, prasa ameryka\u0144ska tr\u0105bi o wi\u0119zieniu i torturach w Szymanach, Czesi zbli\u017caj\u0105 si\u0119 do podpisania umowy o stacji radarowej, Litwini siedz\u0105 na \u0142awce rezerwowych w sprawie tarczy itd., itp.<\/p>\n<p>Rzadko u\u017cywam mocnych s\u0142\u00f3w, ale wydaje mi si\u0119, \u017ce to jest skandal. Polski premier, kt\u00f3ry nie wie o wizycie szefowej Kancelarii Prezydenta, wydaje si\u0119 po prostu o\u015bmieszony przez g\u0142ow\u0119 pa\u0144stwa. Nie chodzi mi o to, \u017ce Tuskowi to zaszkodzi, bo uwa\u017cam, \u017ce wr\u0119cz przeciwnie, arogancja prezydenta wy\u0142\u0105cznie mu pomo\u017ce, ale chodzi o to, \u017ce za granic\u0105 mo\u017ce powsta\u0107 wra\u017cenie, i\u017c Polska nierz\u0105dem stoi, wra\u017cenie nie tak zn\u00f3w odleg\u0142e od prawdy. Trudno sobie wyobrazi\u0107, \u017ceby szef kancelarii Sarkozy\u2019ego czy Miedwiediewa post\u0105pi\u0142 podobnie. Jad\u0105c bez uzgodnienia z premierem, min. Fotyga o\u015bmiesza siebie i prezydenta w oczach Amerykan\u00f3w, nie jest tam tak wiarygodna, jak gdyby reprezentowa\u0142a stanowisko Polski, a nie tylko stanowisko g\u0142owy pa\u0144stwa. Ciekaw jestem, czy media ameryka\u0144skie podchwyci\u0142y fakt, \u017ce pani minister reprezentuje tylko (i a\u017c) prezydenta.<\/p>\n<p>Pani minister Fotyga powinna by\u0142a jecha\u0107 wy\u0142\u0105cznie po uzgodnieniu tego faktu i po przygotowaniu podr\u00f3\u017cy z ministrem Sikorskim, akceptacji jej podr\u00f3\u017cy przez prezydenta oraz premiera. Stany Zjednoczone s\u0105 naszym najwa\u017cniejszym sojusznikiem, gwarantem naszego bezpiecze\u0144stwa, ale ten sojusz nie jest \u0142atwy ani pozbawiony cieni \u2013 pozwolili\u015bmy si\u0119 wci\u0105gn\u0105\u0107 do Iraku, nasi \u017co\u0142nierze wykonuj\u0105 tam rozkazy dow\u00f3dc\u00f3w ameryka\u0144skich, nie zawsze \u2013 delikatnie m\u00f3wi\u0105c \u2013 fortunne, kupili\u015bmy samoloty F-16 bez w\u0142a\u015bciwego zado\u015b\u0107uczynienia ze strony USA, jeste\u015bmy w delikatnej, trudnej dla nas fazie negocjacji w sprawie tarczy \u2013 projektu dalekiego od doskona\u0142o\u015bci, w\u0105tpliwego dla wielu, r\u00f3wnie\u017c w USA, polscy negocjatorzy negocjuj\u0105, w Stanach trwa kampania wyborcza, i nagle okazuje si\u0119, \u017ce minister Fotyga pojecha\u0142a do Waszyngtonu na swoj\u0105 r\u0119k\u0119, a w\u0142a\u015bciwie na r\u0119k\u0119 prezydenta. Rozumia\u0142bym to, gdyby pani minister by\u0142a cz\u0142onkiem opozycji, aczkolwiek dobre obyczaje w takiej sytuacji wymagaj\u0105, by nawet dzia\u0142acz opozycji przed tak\u0105 wizyt\u0105 pofatygowa\u0142 si\u0119 do w\u0142asnego MSZ.<\/p>\n<p>Je\u017celi premier Tusk m\u00f3wi prawd\u0119 i ani on, ani minister Sikorski nic o tej wyprawie nie wiedzieli, to uwa\u017cam wizyt\u0119 za prowokacj\u0119. Donald Tusk nie daje si\u0119 \u0142atwo sprowokowa\u0107, jest pow\u015bci\u0105gliwy w s\u0142owach, prowadzi polityk\u0119 chwilami wr\u0119cz kunktatorsk\u0105, wi\u0119c ja gwi\u017cd\u017c\u0119 za niego.<\/p>\n","protected":false},"excerpt":{"rendered":"<p>Fot. \u0141ukasz Ostalski \/ REPORTER Przyznaj\u0119 bez bicia \u2013 z powodu mistrzostw Europy w pi\u0142ce no\u017cnej moja aktywno\u015b\u0107 na blogu znacznie spad\u0142a, jestem ospa\u0142y jak nasi pi\u0142karze i te\u017c powinienem przeprosi\u0107 kibic\u00f3w. S\u0105dzi\u0142em, \u017ce uda mi si\u0119 tak doczo\u0142ga\u0107 do fina\u0142u, ale poderwa\u0142a mnie do walki prezydencka minister Anna Fotyga. Podczas kiedy nar\u00f3d \u017cyje futbolem, [&hellip;]<\/p>\n","protected":false},"author":4,"featured_media":0,"comment_status":"open","ping_status":"open","sticky":false,"template":"","format":"standard","meta":{"footnotes":""},"categories":[1],"tags":[],"_links":{"self":[{"href":"https:\/\/blog.polityka.pl\/passent\/wp-json\/wp\/v2\/posts\/457"}],"collection":[{"href":"https:\/\/blog.polityka.pl\/passent\/wp-json\/wp\/v2\/posts"}],"about":[{"href":"https:\/\/blog.polityka.pl\/passent\/wp-json\/wp\/v2\/types\/post"}],"author":[{"embeddable":true,"href":"https:\/\/blog.polityka.pl\/passent\/wp-json\/wp\/v2\/users\/4"}],"replies":[{"embeddable":true,"href":"https:\/\/blog.polityka.pl\/passent\/wp-json\/wp\/v2\/comments?post=457"}],"version-history":[{"count":0,"href":"https:\/\/blog.polityka.pl\/passent\/wp-json\/wp\/v2\/posts\/457\/revisions"}],"wp:attachment":[{"href":"https:\/\/blog.polityka.pl\/passent\/wp-json\/wp\/v2\/media?parent=457"}],"wp:term":[{"taxonomy":"category","embeddable":true,"href":"https:\/\/blog.polityka.pl\/passent\/wp-json\/wp\/v2\/categories?post=457"},{"taxonomy":"post_tag","embeddable":true,"href":"https:\/\/blog.polityka.pl\/passent\/wp-json\/wp\/v2\/tags?post=457"}],"curies":[{"name":"wp","href":"https:\/\/api.w.org\/{rel}","templated":true}]}}