
{"id":4576,"date":"2018-05-05T18:30:56","date_gmt":"2018-05-05T16:30:56","guid":{"rendered":"https:\/\/passent.blog.polityka.pl\/?p=4576"},"modified":"2018-05-07T06:54:30","modified_gmt":"2018-05-07T04:54:30","slug":"wszystko-na-sprzedaz","status":"publish","type":"post","link":"https:\/\/blog.polityka.pl\/passent\/2018\/05\/05\/wszystko-na-sprzedaz\/","title":{"rendered":"Wszystko na sprzeda\u017c"},"content":{"rendered":"<p>Nie wiem, czy Pa\u0144stwo pami\u0119taj\u0105 film Andrzeja Wajdy \u201eWszystko na sprzeda\u017c\u201d (1968\/1969). Tytu\u0142 ten przyszed\u0142 mi na my\u015bl, kiedy mowa o \u201enegocjacjach\u201d mi\u0119dzy Polsk\u0105 a Uni\u0105 Europejsk\u0105 w ramach tzw. procedury z artyku\u0142u 7.<br \/>\n<!--more--><br \/>\nWidoczna jest pewna sprzeczno\u015b\u0107 w naszej (rz\u0105dowej) postawie. Z jednej strony nieustanne wzmo\u017cenie patriotyczne, jeste\u015bmy dumnym narodem (Beata Szyd\u0142o), suwerenno\u015b\u0107 ponad wszystkim, wstajemy z kolan, stawiamy si\u0119, bo tylko takich szanuj\u0105, mamy najwi\u0119cej bohater\u00f3w, najwi\u0119cej strat, najwi\u0119cej ofiar, najwi\u0119cej drzewek, najwi\u0119cej zas\u0142ug, nie oddamy ani guzika, w og\u00f3le jeste\u015bmy naj, naj, naj. Nawet nagrod\u0119 Nobla by\u015bmy w tym roku mieli, gdyby nie klapa komitetu noblowskiego.<\/p>\n<p>Z drugiej strony \u2013 wr\u0119cz przeciwnie, targujemy si\u0119 z panem Timmermansem, kupcem holenderskim z Brukseli, kawa\u0142ek po kawa\u0142eczku wyprzedajemy historyczn\u0105 reform\u0119 systemu sprawiedliwo\u015bci, od Trybuna\u0142u Konstytucyjnego i S\u0105du Najwy\u017cszego po s\u0105dy najni\u017cszych instancji, od doboru asesor\u00f3w po uprawnienia prokuratury. Sprzedajemy jak najmniej, po male\u0144ku, ale kawa\u0142ek po kawa\u0142eczku, licz\u0105c, \u017ce ten Holender, z kt\u00f3rego niedawno Polska sobie pokpiwa\u0142a jako z nieudacznika, kt\u00f3rego partia socjalistyczna przegra\u0142a wybory z kretesem, a kt\u00f3rego teraz poklepujemy po plecach, \u017ce on si\u0119 tymi ust\u0119pstwami zadowoli\u0142.<\/p>\n<p>Uderzaj\u0105cy jest kontrast mi\u0119dzy \u201epolityk\u0105 patriotycznego frazesu\u201d (autor: Aleksander Hall) a targowiskiem zwanym negocjacjami i dyplomacj\u0105 mi\u0119dzy Polsk\u0105 a Uni\u0105. Frazesy s\u0105 patriotyczne, a decyzje dla kraju szkodliwe, o czym \u015bwiadczy osamotnienie w Europie. Rozumowanie PiS dobrze opisa\u0142 Hall: \u201eProwadzimy polityk\u0119 podmiotow\u0105, suwerenn\u0105, nic wi\u0119c dziwnego, \u017ce Polska jest krytykowana przez instytucje unijne, wyra\u017caj\u0105ce przede wszystkim interesy Niemiec i Francji i d\u0105\u017c\u0105ce do ograniczenia suwerenno\u015bci pa\u0144stw narodowych\u201d.<\/p>\n<p>Patriotyczne frazesy i mobilizowanie Polak\u00f3w przeciw Unii s\u0142u\u017c\u0105 odwr\u00f3ceniu uwagi od \u201epe\u0142zaj\u0105cego zamachu stanu\u201d, jaki ma miejsce w Polsce, w tym podporz\u0105dkowania s\u0105downictwa w\u0142adzy politycznej, w praktyce PiS &#8211; pisze Hall. Na ile Unia Europejska zdaje sobie z tego spraw\u0119 \u2013 oto jest pytanie. Czy kolejny raz Zach\u00f3d nas zawiedzie?<\/p>\n<p>Wie\u015bci, jakie docieraj\u0105 z Brukseli, budz\u0105 niepok\u00f3j, \u017ce Timmermans mo\u017ce nas odst\u0105pi\u0107 tanio, bo Brukseli zale\u017cy na zako\u0144czeniu konfliktu. A reszt\u0119 zap\u0142acimy my.<\/p>\n<p>PS Serdeczne dzi\u0119ki za wszystkie gratulacje i \u017cyczenia. WZAJEMNIE!<\/p>\n<p><strong>Zaproszenie<\/strong><br \/>\nProf. Aleksander Smolar (Fundacja Batorego) i dr Renata Mienkowska-Norkiene (UW) b\u0119d\u0105 naszymi go\u015b\u0107mi w Radiu TOK FM we wtorek 8 maja o g. 20.05.<\/p>\n","protected":false},"excerpt":{"rendered":"<p>Wie\u015bci, jakie docieraj\u0105 z Brukseli, budz\u0105 niepok\u00f3j, \u017ce Timmermans mo\u017ce nas odst\u0105pi\u0107 tanio.<\/p>\n","protected":false},"author":4,"featured_media":4581,"comment_status":"open","ping_status":"closed","sticky":false,"template":"","format":"standard","meta":{"footnotes":""},"categories":[1],"tags":[],"_links":{"self":[{"href":"https:\/\/blog.polityka.pl\/passent\/wp-json\/wp\/v2\/posts\/4576"}],"collection":[{"href":"https:\/\/blog.polityka.pl\/passent\/wp-json\/wp\/v2\/posts"}],"about":[{"href":"https:\/\/blog.polityka.pl\/passent\/wp-json\/wp\/v2\/types\/post"}],"author":[{"embeddable":true,"href":"https:\/\/blog.polityka.pl\/passent\/wp-json\/wp\/v2\/users\/4"}],"replies":[{"embeddable":true,"href":"https:\/\/blog.polityka.pl\/passent\/wp-json\/wp\/v2\/comments?post=4576"}],"version-history":[{"count":3,"href":"https:\/\/blog.polityka.pl\/passent\/wp-json\/wp\/v2\/posts\/4576\/revisions"}],"predecessor-version":[{"id":4580,"href":"https:\/\/blog.polityka.pl\/passent\/wp-json\/wp\/v2\/posts\/4576\/revisions\/4580"}],"wp:featuredmedia":[{"embeddable":true,"href":"https:\/\/blog.polityka.pl\/passent\/wp-json\/wp\/v2\/media\/4581"}],"wp:attachment":[{"href":"https:\/\/blog.polityka.pl\/passent\/wp-json\/wp\/v2\/media?parent=4576"}],"wp:term":[{"taxonomy":"category","embeddable":true,"href":"https:\/\/blog.polityka.pl\/passent\/wp-json\/wp\/v2\/categories?post=4576"},{"taxonomy":"post_tag","embeddable":true,"href":"https:\/\/blog.polityka.pl\/passent\/wp-json\/wp\/v2\/tags?post=4576"}],"curies":[{"name":"wp","href":"https:\/\/api.w.org\/{rel}","templated":true}]}}