
{"id":4582,"date":"2018-05-09T23:40:02","date_gmt":"2018-05-09T21:40:02","guid":{"rendered":"https:\/\/passent.blog.polityka.pl\/?p=4582"},"modified":"2018-05-09T23:52:17","modified_gmt":"2018-05-09T21:52:17","slug":"ciuciubabka","status":"publish","type":"post","link":"https:\/\/blog.polityka.pl\/passent\/2018\/05\/09\/ciuciubabka\/","title":{"rendered":"Ciuciubabka"},"content":{"rendered":"<p>9 maja, kiedy\u015b zwany Dniem Zwyci\u0119stwa, zosta\u0142 wygumkowany z pami\u0119ci, wkr\u00f3tce b\u0119dzie uznawany za dzie\u0144 kl\u0119ski narodowej, zamiast zwyci\u0119stwa jest przegrana, zamiast wyzwolenia jest wkroczenie, nie ma czego \u015bwi\u0119towa\u0107, ciesz\u0105 si\u0119 tylko Rosjanie.<br \/>\n<!--more--><br \/>\nMy natomiast gramy w ciuciubabk\u0119 zar\u00f3wno w Brukseli, jak i w Warszawie. W negocjacjach z Komisj\u0105 Europejsk\u0105 codziennie og\u0142aszamy jakie\u015b ust\u0119pstwo, \u017ceby natychmiast zapewni\u0107, \u017ce jest ono drugorz\u0119dne i \u201enie wypacza reformy s\u0105downictwa\u201d (pose\u0142 Piotrowicz). Strona polska og\u0142asza ust\u0119pstwa i natychmiast sama siebie dezawuuje. Nie s\u0105dz\u0119, \u017ceby uwa\u017ca\u0142a prawnik\u00f3w KE za naiwnych, wszak nawet dure\u0144 mo\u017ce przeczyta\u0107, co przedstawiciele Polski m\u00f3wi\u0105 w naszych mediach o taktyce. Polska raczej gra na czas i liczy na znu\u017cenie KE, na to, \u017ce Komisja wreszcie uzna jaki\u015b dostarczony jej przez Polsk\u0119 pretekst za wystarczaj\u0105cy, co pozwoli triumfalnie og\u0142osi\u0107 porozumienie, kt\u00f3re umo\u017cliwi ka\u017cdej ze stron zachowa\u0107 twarz, czyli zaklepa\u0107 gwa\u0142t na Temidzie.<\/p>\n<p>Najgorsze jednak ju\u017c si\u0119 sta\u0142o. Wobec naszego kraju zastosowano procedur\u0119 z artyku\u0142u 7., co jest smutnym precedensem w dziejach Unii, a pozycja Polski na arenie mi\u0119dzynarodowej jest s\u0142abiutka, co b\u0119dzie mia\u0142o konsekwencje w trwaj\u0105cych rozmowach na temat perspektywy bud\u017cetowej. Prawicowy do b\u00f3lu historyk prof. Cenckiewicz, kt\u00f3ry cz\u0119sto bywa w USA, powiedzia\u0142 dzisiaj na portalu wPolityce.pl, \u017ce wizerunek Polski w Ameryce jest fatalny, tragiczny. Zapytany, na czym to polega, wskaza\u0142 mi\u0119dzy innymi, \u017ce w planach obu stron nie ma kontakt\u00f3w na wysokim szczeblu (poza dwoma wizytami w Pentagonie ministra obrony narodowej Mariusza B\u0142aszczaka, kt\u00f3ry jednak przywozi\u0142 pieni\u0105dze na zakupy). Je\u017celi tak jest w tradycyjnie propolskiej Ameryce, to co dopiero w krajach Unii, kt\u00f3re maj\u0105 autentyczne problemy z Polsk\u0105, wi\u0119ksze ni\u017c USA? Ciuciubabka w Brukseli kiedy\u015b si\u0119 sko\u0144czy porozumieniem, ale przegrani jeste\u015bmy my.<\/p>\n<p>Na arenie krajowej z kolei trwa ciuciubabka rz\u0105du z protestuj\u0105cymi osobami z niepe\u0142nosprawno\u015bciami oraz z ich opiekunkami. Zapyta\u0142em swoich go\u015bci w TOK FM (Pawe\u0142 Kowal, Renata Mie\u0144kowska-Norkiene i Jaros\u0142aw Makowski), dlaczego rz\u0105d jest taki uparty. Przecie\u017c jeden odwo\u0142any bezsensowny propagandowy rejs patriotyczny dooko\u0142a \u015bwiata ju\u017c pozwoli\u0142 \u201eoszcz\u0119dzi\u0107\u201d ponad 10 mln z\u0142. Polska Fundacja Narodowa (moim zdaniem \u2013 do likwidacji) to mo\u017ce by\u0107 kopalnia pieni\u0119dzy na wsparcie tych nieszcz\u0119\u015bnik\u00f3w, kt\u00f3rzy d\u017awigaj\u0105 ci\u0119\u017car przez ca\u0142e \u017cycie.<\/p>\n<p>Moi go\u015bcie byli jednomy\u015blni: rz\u0105d boi si\u0119, \u017ce je\u017celi ust\u0105pi, to \u015bladem niepe\u0142nosprawnych p\u00f3jd\u0105 inne \u015brodowiska, kolejne roszczenia. Wi\u0119c gra w ciuciubabk\u0119, a to chy\u0142kiem zawrze porozumienie ze \u201eswoimi\u201d niepe\u0142nosprawnymi, a to przyjmie ustaw\u0119, kt\u00f3ra wychodzi leciutko naprzeciw protestuj\u0105cym, a to zajrzy do nich prezydent albo premier, a to im si\u0119 przytruje, \u017ce \u201eu\u017cywaj\u0105\u201d chorych jako \u017cywych tarcz, albo potrzebuj\u0105 pieni\u0119dzy na w\u0142asne wydatki (czytaj: na w\u00f3dk\u0119). Byle nie stworzy\u0107 wra\u017cenia, \u017ce rz\u0105d ust\u0105pi\u0142.<\/p>\n<p>Dobrze by by\u0142o, gdyby nie ucieka\u0107 si\u0119 do r\u00f3\u017cnych sztuczek i sko\u0144czy\u0107 z t\u0105 ciuciubabk\u0105, gdzie z jednej strony s\u0105 ludzie zdesperowani i zrozpaczeni, a z drugiej politycy, kt\u00f3rzy nie wiadomo po co wydaj\u0105 miliony na Czartoryskich.<\/p>\n","protected":false},"excerpt":{"rendered":"<p>Dobrze by by\u0142o, gdyby nie ucieka\u0107 si\u0119 do r\u00f3\u017cnych sztuczek i sko\u0144czy\u0107 z t\u0105 ciuciubabk\u0105.<\/p>\n","protected":false},"author":4,"featured_media":0,"comment_status":"open","ping_status":"closed","sticky":false,"template":"","format":"standard","meta":{"footnotes":""},"categories":[1],"tags":[],"_links":{"self":[{"href":"https:\/\/blog.polityka.pl\/passent\/wp-json\/wp\/v2\/posts\/4582"}],"collection":[{"href":"https:\/\/blog.polityka.pl\/passent\/wp-json\/wp\/v2\/posts"}],"about":[{"href":"https:\/\/blog.polityka.pl\/passent\/wp-json\/wp\/v2\/types\/post"}],"author":[{"embeddable":true,"href":"https:\/\/blog.polityka.pl\/passent\/wp-json\/wp\/v2\/users\/4"}],"replies":[{"embeddable":true,"href":"https:\/\/blog.polityka.pl\/passent\/wp-json\/wp\/v2\/comments?post=4582"}],"version-history":[{"count":3,"href":"https:\/\/blog.polityka.pl\/passent\/wp-json\/wp\/v2\/posts\/4582\/revisions"}],"predecessor-version":[{"id":4585,"href":"https:\/\/blog.polityka.pl\/passent\/wp-json\/wp\/v2\/posts\/4582\/revisions\/4585"}],"wp:attachment":[{"href":"https:\/\/blog.polityka.pl\/passent\/wp-json\/wp\/v2\/media?parent=4582"}],"wp:term":[{"taxonomy":"category","embeddable":true,"href":"https:\/\/blog.polityka.pl\/passent\/wp-json\/wp\/v2\/categories?post=4582"},{"taxonomy":"post_tag","embeddable":true,"href":"https:\/\/blog.polityka.pl\/passent\/wp-json\/wp\/v2\/tags?post=4582"}],"curies":[{"name":"wp","href":"https:\/\/api.w.org\/{rel}","templated":true}]}}