
{"id":4587,"date":"2018-05-20T23:26:16","date_gmt":"2018-05-20T21:26:16","guid":{"rendered":"https:\/\/passent.blog.polityka.pl\/?p=4587"},"modified":"2018-05-21T08:45:59","modified_gmt":"2018-05-21T06:45:59","slug":"niepelnosprawni-politycznie","status":"publish","type":"post","link":"https:\/\/blog.polityka.pl\/passent\/2018\/05\/20\/niepelnosprawni-politycznie\/","title":{"rendered":"Niepe\u0142nosprawni politycznie"},"content":{"rendered":"<p>Strajk os\u00f3b z niepe\u0142nosprawno\u015bciami oraz ich opiekunek (-\u00f3w) ods\u0142ania nowe pok\u0142ady ob\u0142udy i chamstwa. Co gorsza \u2013 ze strony os\u00f3b zajmuj\u0105cych najwy\u017csze stanowiska pa\u0144stwowe.<br \/>\n<!--more--><br \/>\nMinister m\u00f3wi, \u017ce ci ludzie \u201enie dostan\u0105 got\u00f3wki\u201d. Co to znaczy? Moim zdaniem to znaczy, \u017ce osoby z niepe\u0142nosprawno\u015bciami oraz ich opiekunki nie zas\u0142uguj\u0105 na zaufanie, mog\u0105 te pieni\u0105dze przehula\u0107, przepi\u0107, przegra\u0107 na wy\u015bcigach konnych. C\u00f3\u017c to za chamstwo!<\/p>\n<p>Po pierwsze, oni chyba wiedz\u0105 najlepiej, na co potrzebne s\u0105 pieni\u0105dze. Po drugie, ministerstwo chyba nie wie lepiej od samych poszkodowanych oraz ich rodzin. Po trzecie, sugerowanie, \u017ce kto\u015b czyha na got\u00f3wk\u0119, jest po prostu niegrzeczne i pogardliwe. Sugeruje, \u017ce strajkuj\u0105cym nie chodzi o zdrowie, tylko tak udaj\u0105. Wreszcie po czwarte, ci ludzie maj\u0105 te\u017c prawo do kina, \u0142adnej koszuli czy innych luksus\u00f3w. W sytuacji kiedy na czele rz\u0105du stoi milioner, kt\u00f3ry ma praktycznie nieograniczony dost\u0119p \u201edo got\u00f3wki\u201d, trzeba si\u0119 bardzo liczy\u0107 ze s\u0142owami. Zreszt\u0105 premier s\u0142usznie w tej sprawie milczy, niestety, m\u00f3wi\u0105 za niego inni oraz same jego czyny.<\/p>\n<p>Marsza\u0142ek Senatu roni krokodyle \u0142zy nad losem strajkuj\u0105cych, kt\u00f3rzy nie mog\u0105 za\u017cywa\u0107 k\u0105pieli ani cieszy\u0107 si\u0119 wiosn\u0105. Inny Spinoza, sk\u0105din\u0105d pose\u0142, m\u00f3wi, \u017ce niepe\u0142nosprawne dzieci u\u017cywane s\u0105 jako \u201e\u017cywe tarcze\u201d. To zwyk\u0142e \u015bwi\u0144stwo, kt\u00f3re ma odwr\u00f3ci\u0107 uwag\u0119 od tego, co wa\u017cne: niepe\u0142nosprawni w Polsce s\u0105 od lat ukryci, ich biedy i b\u00f3lu nie wida\u0107, nie wida\u0107 ich na ulicach, w sklepach, w kinach, w kawiarniach, poniewa\u017c nie maj\u0105 jak i z kim wyj\u015b\u0107 z domu, nie maj\u0105 na dobry w\u00f3zek ani na taks\u00f3wk\u0119.<\/p>\n<p>Na Zachodzie wida\u0107 w miejscach publicznych o wiele wi\u0119cej os\u00f3b z niepe\u0142nosprawno\u015bciami, poniewa\u017c spo\u0142ecze\u0144stwo (nie tylko rz\u0105d) od lat o nich pami\u0119ta i my\u015bli \u2013 o ich obuwiu, \u0142\u00f3\u017ckach, meblach, protezach, klatkach schodowych, drzwiach itd. itp. \u201e\u017bal mi jest tych dzieci (!)\u201d \u2013 m\u00f3wi marsza\u0142ek i zapewnia, \u017ce jest wra\u017cliwy (nawiasem m\u00f3wi\u0105c, z zawodu lekarz). A kto wyda\u0142 zakaz opuszczania budynku, kt\u00f3ry to zakaz przypomina s\u0142ynny ZOK (zakaz opuszczania koszar)?<\/p>\n<p>\u201eChowanie\u201d niepe\u0142noprawnych przypomina \u201echowanie\u201d os\u00f3b LGBT. Ci drudzy wychodz\u0105 z podziemia i z izolacji. Czas na tych pierwszych. \u201e\u0141atwo jest szasta\u0107 pa\u0144stwowymi pieni\u0119dzmi\u201d \u2013 powie kto\u015b i b\u0119dzie mia\u0142 racj\u0119. Ale w sytuacji gdy rz\u0105d bez ko\u0144ca tr\u0105bi o nadwy\u017cce w kasie pa\u0144stwowej, gdy wydaje miliony na bezsensowne akcje propagandowe, na spaprane kontrakty, na gigantyczne projekty \u201eod czapy\u201d \u2013 trudno by\u0107 g\u0142uchym na postulaty os\u00f3b z niepe\u0142nosprawno\u015bciami oraz dyskredytowa\u0107 je jako \u201epolityczne\u201d. Oczywi\u015bcie, \u017ce strajk ma tak\u017ce charakter polityczny. Czym\u017ce jest polityka, je\u015bli nie sztuk\u0105 rz\u0105dzenia? Nie rozumiej\u0105 tego tylko niepe\u0142nosprawni politycznie.<\/p>\n","protected":false},"excerpt":{"rendered":"<p>\u201eChowanie\u201d niepe\u0142noprawnych przypomina \u201echowanie\u201d os\u00f3b LGBT.<\/p>\n","protected":false},"author":4,"featured_media":4592,"comment_status":"open","ping_status":"closed","sticky":false,"template":"","format":"standard","meta":{"footnotes":""},"categories":[1],"tags":[],"_links":{"self":[{"href":"https:\/\/blog.polityka.pl\/passent\/wp-json\/wp\/v2\/posts\/4587"}],"collection":[{"href":"https:\/\/blog.polityka.pl\/passent\/wp-json\/wp\/v2\/posts"}],"about":[{"href":"https:\/\/blog.polityka.pl\/passent\/wp-json\/wp\/v2\/types\/post"}],"author":[{"embeddable":true,"href":"https:\/\/blog.polityka.pl\/passent\/wp-json\/wp\/v2\/users\/4"}],"replies":[{"embeddable":true,"href":"https:\/\/blog.polityka.pl\/passent\/wp-json\/wp\/v2\/comments?post=4587"}],"version-history":[{"count":2,"href":"https:\/\/blog.polityka.pl\/passent\/wp-json\/wp\/v2\/posts\/4587\/revisions"}],"predecessor-version":[{"id":4593,"href":"https:\/\/blog.polityka.pl\/passent\/wp-json\/wp\/v2\/posts\/4587\/revisions\/4593"}],"wp:featuredmedia":[{"embeddable":true,"href":"https:\/\/blog.polityka.pl\/passent\/wp-json\/wp\/v2\/media\/4592"}],"wp:attachment":[{"href":"https:\/\/blog.polityka.pl\/passent\/wp-json\/wp\/v2\/media?parent=4587"}],"wp:term":[{"taxonomy":"category","embeddable":true,"href":"https:\/\/blog.polityka.pl\/passent\/wp-json\/wp\/v2\/categories?post=4587"},{"taxonomy":"post_tag","embeddable":true,"href":"https:\/\/blog.polityka.pl\/passent\/wp-json\/wp\/v2\/tags?post=4587"}],"curies":[{"name":"wp","href":"https:\/\/api.w.org\/{rel}","templated":true}]}}