
{"id":459,"date":"2008-07-02T23:47:59","date_gmt":"2008-07-02T21:47:59","guid":{"rendered":"http:\/\/passent.blog.polityka.pl\/?p=459"},"modified":"2008-07-03T00:48:03","modified_gmt":"2008-07-02T22:48:03","slug":"wasz-prezydent-czyj-premier","status":"publish","type":"post","link":"https:\/\/blog.polityka.pl\/passent\/2008\/07\/02\/wasz-prezydent-czyj-premier\/","title":{"rendered":"Wasz prezydent &#8211; czyj premier?"},"content":{"rendered":"<p><img loading=\"lazy\" decoding=\"async\" src=\"http:\/\/passent.blog.polityka.pl\/wp-content\/uploads\/0kaczns450.jpg\" alt=\"0kaczns450.jpg\" title=\"0kaczns450.jpg\" align=\"middle\" border=\"0\" width=\"450\" height=\"568\" \/><\/p>\n<p><em>Fot. Jacek Wajszczak \/ REPORTER<\/em><\/p>\n<p><strong>Donald Tusk nie jest premierem moich marze\u0144, ale kiedy sobie pomy\u015bl\u0119, \u017ce Polsk\u0105 nadal m\u00f3g\u0142by rz\u0105dzi\u0107 tandem K&amp;K, to doceniam wynik pa\u017adziernikowych wybor\u00f3w<\/strong>.<\/p>\n<p>Najnowszy numer pana prezydenta to uznanie traktatu lizbo\u0144skiego (kt\u00f3ry on sam wynegocjowa\u0142!) za bezprzedmiotowy. Wiele ju\u017c napisano o szkodliwo\u015bci decyzji prezydenta RP, wi\u0119c ja chcia\u0142bym doda\u0107 tylko dwie uwagi. Pierwsza, \u017ce wspieraj\u0105c eurosceptyk\u00f3w, Lech Kaczy\u0144ski straci\u0142 szans\u0119 wys\u0142ania do Irlandii sygna\u0142u, \u017ce jeszcze unia nie zgin\u0119\u0142a. Zamiast frazes\u00f3w o poszanowaniu decyzji Irlandczyk\u00f3w, o uznaniu ich suwerenno\u015bci i o tym, \u017ce mog\u0105 zmieni\u0107 zdanie, ale nie od naciskiem, mo\u017cna ratyfikacj\u0119 podpisa\u0107 i nadal powtarza\u0107 bana\u0142y: \u201eMy, Was, Drodzy Irlandzcy Bracia, szanujemy, respektujemy, kochamy nad \u017cycie, ALE uwa\u017camy, \u017ce w interesie Polski jest dalsza integracja.\u201d I to jest moja druga uwaga: Wszystko, co jest dobre dla Unii, jest dobre dla Polski. Co jest bowiem alternatyw\u0105 dla integracji europejskiej? Polska na marginesie s\u0142abej Unii, wystawiona na rosyjskie i ameryka\u0144skie humory, rz\u0105dzona przez prawic\u0119 narodowo \u2013 populistyczn\u0105.<\/p>\n<p>Tylko Unia gwarantuje integracj\u0119 z Zachodem, pozycje Polski wobec USA i Rosji, erozj\u0119 nacjonalizmu i archaicznego pa\u0144stwa wyznaniowego, spo\u0142ecze\u0144stwo o\u015bwiecone i otwarte, mo\u017cliwo\u015bci dla m\u0142odzie\u017cy na ca\u0142ym kontynencie, polityk\u0119 socjaln\u0105, kt\u00f3ra pow\u015bci\u0105ga ekscesy wolnego rynku, poszanowanie praw cz\u0142owieka i jego obron\u0119 przed wszechmocnym pa\u0144stwem. Polska powinna by\u0107 w awangardzie integracji, a nie w jej ogonie. Ju\u017c o tym, co my\u015bli o nas Europa, Sarkozy i Bruksela, do kt\u00f3rej b\u0119dziemy wyci\u0105ga\u0107 r\u0119k\u0119, nie wspomn\u0119.<\/p>\n<p>Na pewno b\u0119dzie nam trudniej przekonywa\u0107 Europ\u0119, \u017ce jeste\u015bmy jej reprezentantem na Wsch\u00f3d od Bugu, trudniej nam b\u0119dzie liczy\u0107 na solidarno\u015b\u0107 energetyczn\u0105, g\u0142os Polski w Brukseli i w zakulisowych rozmowach b\u0119dzie si\u0119 liczy\u0142 mniej.<\/p>\n<p>Co na to \u201enasz premier\u201d? Jak zwykle pow\u015bci\u0105gliwie, ale zdoby\u0142 si\u0119 na krytyczne uwagi pod adresem polityki zagranicznej pa\u0142acu prezydenckiego (\u201ezagubi\u0142 si\u0119 w sprawie tarczy\u201d). W jednej sprawie premier okaza\u0142 si\u0119 nieoczekiwanie zdecydowany, to jest w sprawie odzyskania dokument\u00f3w WSI, i za to nale\u017cy mu si\u0119 plus. Tusk za wszelk\u0105 cen\u0119 unika konflikt\u00f3w i by\u0107 mo\u017ce to jest dobra droga do wygrania wybor\u00f3w, ale powoduje to, \u017ce Polska, a przynajmniej wi\u0119kszo\u015b\u0107, kt\u00f3ra g\u0142osowa\u0142a na Platform\u0119, nie ma dzi\u015b przyw\u00f3dcy. Nie ma autorytetu, kt\u00f3ry by wskazywa\u0142 dok\u0105d idziemy, do czego zmierzamy. Nie ma kogo\u015b, kto umia\u0142by przeciwstawi\u0107 \u015bwiatopogl\u0105dowi PiS sw\u00f3j zesp\u00f3\u0142 pogl\u0105d\u00f3w &#8211; w sprawie aborcji, lustracji, stosunk\u00f3w pa\u0144stwa i ko\u015bcio\u0142\u00f3w, czy afront\u00f3w, jakie go spotykaj\u0105, a kt\u00f3re znosi z anielskim spokojem. Zamiast twardo odpowiedzie\u0107 krytykom swojej wyprawy do Ameryki \u0141aci\u0144skiej i pojecha\u0107 na Euro, ten zapalony kibic wola\u0142 zosta\u0107 w domu. \u201ePolsce A\u201d brak jest przyw\u00f3dcy.<\/p>\n<p>Nie wiem, czy kunktatorstwo nie zacznie dzia\u0142a\u0107 na niekorzy\u015b\u0107 Tuska. Poczciwy premier Wielkiej Brytanii, Gordon Brown, traci poparcie z ka\u017cdym dniem, podczas gdy silne indywidualno\u015bci r\u00f3\u017cnej ma\u015bci \u2013 od Berlusconiego, poprzez Putina, Wa\u0142\u0119s\u0119 a\u017c po Zapatero, prze\u017cywaj\u0105 dobr\u0105 koniunktur\u0119.<\/p>\n<p>Zamiast \u201eczyj premier\u201d chcia\u0142bym m\u00f3c napisa\u0107 \u201enasz premier\u201d.<\/p>\n<p>***<\/p>\n<p><strong>PS<\/strong>. Na naszym blogu pojawiaj\u0105 si\u0119 rozmaite g\u0142osy. Przy\u0142\u0105czam si\u0119 do g\u0142os\u00f3w uznania pod adresem najnowszego felietonu Bronis\u0142awa \u0141agowskiego w \u201ePrzegl\u0105dzie\u201d. Ubolewam, \u017ce na naszym forum pojawi\u0142 si\u0119 g\u0142os antysemicki, a tak\u017ce wypowiedzi ad personam, nienawistne, kt\u00f3re obni\u017caj\u0105 poziom dyskusji i zniech\u0119caj\u0105 do niej innych. Moja rada: Nie wdawa\u0107 si\u0119 z takimi dyskutantami w polemik\u0119, ignorowa\u0107 ich, pos\u0142ucha\u0107 Wojciecha M\u0142ynarskiego: \u201eR\u00f3bmy swoje!\u201d.<\/p>\n","protected":false},"excerpt":{"rendered":"<p>Fot. Jacek Wajszczak \/ REPORTER Donald Tusk nie jest premierem moich marze\u0144, ale kiedy sobie pomy\u015bl\u0119, \u017ce Polsk\u0105 nadal m\u00f3g\u0142by rz\u0105dzi\u0107 tandem K&amp;K, to doceniam wynik pa\u017adziernikowych wybor\u00f3w. Najnowszy numer pana prezydenta to uznanie traktatu lizbo\u0144skiego (kt\u00f3ry on sam wynegocjowa\u0142!) za bezprzedmiotowy. Wiele ju\u017c napisano o szkodliwo\u015bci decyzji prezydenta RP, wi\u0119c ja chcia\u0142bym doda\u0107 tylko [&hellip;]<\/p>\n","protected":false},"author":4,"featured_media":0,"comment_status":"open","ping_status":"open","sticky":false,"template":"","format":"standard","meta":{"footnotes":""},"categories":[1],"tags":[],"_links":{"self":[{"href":"https:\/\/blog.polityka.pl\/passent\/wp-json\/wp\/v2\/posts\/459"}],"collection":[{"href":"https:\/\/blog.polityka.pl\/passent\/wp-json\/wp\/v2\/posts"}],"about":[{"href":"https:\/\/blog.polityka.pl\/passent\/wp-json\/wp\/v2\/types\/post"}],"author":[{"embeddable":true,"href":"https:\/\/blog.polityka.pl\/passent\/wp-json\/wp\/v2\/users\/4"}],"replies":[{"embeddable":true,"href":"https:\/\/blog.polityka.pl\/passent\/wp-json\/wp\/v2\/comments?post=459"}],"version-history":[{"count":0,"href":"https:\/\/blog.polityka.pl\/passent\/wp-json\/wp\/v2\/posts\/459\/revisions"}],"wp:attachment":[{"href":"https:\/\/blog.polityka.pl\/passent\/wp-json\/wp\/v2\/media?parent=459"}],"wp:term":[{"taxonomy":"category","embeddable":true,"href":"https:\/\/blog.polityka.pl\/passent\/wp-json\/wp\/v2\/categories?post=459"},{"taxonomy":"post_tag","embeddable":true,"href":"https:\/\/blog.polityka.pl\/passent\/wp-json\/wp\/v2\/tags?post=459"}],"curies":[{"name":"wp","href":"https:\/\/api.w.org\/{rel}","templated":true}]}}