
{"id":4594,"date":"2018-05-23T23:51:50","date_gmt":"2018-05-23T21:51:50","guid":{"rendered":"https:\/\/passent.blog.polityka.pl\/?p=4594"},"modified":"2018-05-24T07:17:49","modified_gmt":"2018-05-24T05:17:49","slug":"gorszy-sort-lepsza-sztuka","status":"publish","type":"post","link":"https:\/\/blog.polityka.pl\/passent\/2018\/05\/23\/gorszy-sort-lepsza-sztuka\/","title":{"rendered":"Gorszy sort \u2013 lepsza sztuka"},"content":{"rendered":"<p>Kultura polska \u201eidzie skacz\u0105c po g\u00f3rach\u201d \u2013 od sukcesu do sukcesu. Kolejne nagrody zdobywaj\u0105 filmy Paw\u0142a Pawlikowskiego, najpierw \u201eIda\u201d, teraz \u201eZimna wojna\u201d (nagroda za re\u017cyseri\u0119 w Cannes, pierwsze od lat trofeum dla polskiego filmu na tym festiwalu), \u201eTwarz\u201d Ma\u0142gorzaty Szumowskiej i najnowsza bomba: presti\u017cowa brytyjska nagroda literacka za powie\u015b\u0107 \u201eBieguni\u201d dla Olgi Tokarczuk. Wielki sukces polskiej pisarki i polskiej powie\u015bci prze\u0142o\u017conej na angielski.<br \/>\n<!--more--><br \/>\nWydawa\u0142oby si\u0119, \u017ce tyle laur\u00f3w dla Polski powinno ucieszy\u0107 naszych patriot\u00f3w \u2013 oto Polska wstaje z kolan, mimo rzekomo szalej\u0105cego \u201eantypolonizmu\u201d mi\u0119dzynarodowe jury nie s\u0105 w stanie pomin\u0105\u0107 kultury \u201eMade in Poland\u201d. Tymczasem na prawicy konsternacja, bo zdobywcy laur\u00f3w \u2013 Pawlikowski, Szumowska, Tokarczuk &#8211; nie nale\u017c\u0105 do w\u0142a\u015bciwej koterii, to nie Krauze z filmem \u201eSmole\u0144sk\u201d czy Rymkiewicz, poeta sk\u0105din\u0105d wybitny, ale wykolejony na prawo.<\/p>\n<p>To raczej faworyci POLITYKI (Paszporty dla Tokarczuk i Szumowskiej) oraz \u201eWyborczej\u201d, kt\u00f3ra nagrodzi\u0142a Tokarczuk przed laty (Nike), sama artystka  nie kryje swojej dezaprobaty dla IV RP. \u201eAntypolska\u201d \u201eIda\u201d zosta\u0142a przez prawic\u0119 przyj\u0119ta \u017ale (Polska brzydka, antysemicka, stalinowska prokurator z ludzk\u0105 twarz\u0105). \u201eTwarz\u201d Szumowskiej pokazuje Polsk\u0119 brzydk\u0105. Pawlikowski powiedzia\u0142 kilka s\u0142\u00f3w za du\u017co o IV RP. Krzywi\u0105 si\u0119 wi\u0119c na prawicy tak, jak w\u0142adze krzywi\u0142y si\u0119 kiedy\u015b na Nobla dla Mi\u0142osza czy Pasternaka.<\/p>\n<p>Upust swojemu niezadowoleniu da\u0142 Rafa\u0142 Ziemkiewicz, endek, kt\u00f3remu sukcesy polskich artyst\u00f3w, o dziwo, wydaj\u0105 si\u0119 nie w pe\u0142ni zas\u0142u\u017cone. Jego zdaniem to raczej wsparcie europejskich salon\u00f3w dla polskich tw\u00f3rc\u00f3w w ich walce z \u201enacjonalistycznym re\u017cimem\u201d. RAZ apeluje do laureat\u00f3w \u2013 niech odbieraj\u0105 nagrody, ale nie kwituj\u0105 pluciem na Polsk\u0119. Ciekawe, co by powiedzia\u0142 autor, gdyby nagrody otrzyma\u0142 film \u201eSmole\u0144sk\u201d, aktor Zelnik lub poeta Rymkiewicz?<\/p>\n<p>Niestety, dla polskiego publicysty wa\u017cniejsza jest polityka ni\u017c kultura i sztuka. Kiedy nie przyznaj\u0105 nagr\u00f3d \u2013 \u017ale, bo ignoruj\u0105 nasz kraj, nie potrafi\u0105 nas doceni\u0107. Kiedy nagrody przyznaj\u0105 \u2013 te\u017c niedobrze, bo dostaj\u0105 je nie nasi ulubie\u0144cy, tylko tw\u00f3rcy gorszego sortu. Sort mo\u017ce gorszy, ale kultura lepsza.<\/p>\n","protected":false},"excerpt":{"rendered":"<p>Upust swojemu niezadowoleniu da\u0142 Rafa\u0142 Ziemkiewicz.<\/p>\n","protected":false},"author":4,"featured_media":4598,"comment_status":"open","ping_status":"closed","sticky":false,"template":"","format":"standard","meta":{"footnotes":""},"categories":[1],"tags":[34,38,36,37,30],"_links":{"self":[{"href":"https:\/\/blog.polityka.pl\/passent\/wp-json\/wp\/v2\/posts\/4594"}],"collection":[{"href":"https:\/\/blog.polityka.pl\/passent\/wp-json\/wp\/v2\/posts"}],"about":[{"href":"https:\/\/blog.polityka.pl\/passent\/wp-json\/wp\/v2\/types\/post"}],"author":[{"embeddable":true,"href":"https:\/\/blog.polityka.pl\/passent\/wp-json\/wp\/v2\/users\/4"}],"replies":[{"embeddable":true,"href":"https:\/\/blog.polityka.pl\/passent\/wp-json\/wp\/v2\/comments?post=4594"}],"version-history":[{"count":4,"href":"https:\/\/blog.polityka.pl\/passent\/wp-json\/wp\/v2\/posts\/4594\/revisions"}],"predecessor-version":[{"id":4599,"href":"https:\/\/blog.polityka.pl\/passent\/wp-json\/wp\/v2\/posts\/4594\/revisions\/4599"}],"wp:featuredmedia":[{"embeddable":true,"href":"https:\/\/blog.polityka.pl\/passent\/wp-json\/wp\/v2\/media\/4598"}],"wp:attachment":[{"href":"https:\/\/blog.polityka.pl\/passent\/wp-json\/wp\/v2\/media?parent=4594"}],"wp:term":[{"taxonomy":"category","embeddable":true,"href":"https:\/\/blog.polityka.pl\/passent\/wp-json\/wp\/v2\/categories?post=4594"},{"taxonomy":"post_tag","embeddable":true,"href":"https:\/\/blog.polityka.pl\/passent\/wp-json\/wp\/v2\/tags?post=4594"}],"curies":[{"name":"wp","href":"https:\/\/api.w.org\/{rel}","templated":true}]}}