
{"id":4605,"date":"2018-05-27T22:51:56","date_gmt":"2018-05-27T20:51:56","guid":{"rendered":"https:\/\/passent.blog.polityka.pl\/?p=4605"},"modified":"2018-05-28T08:57:21","modified_gmt":"2018-05-28T06:57:21","slug":"weekend-30","status":"publish","type":"post","link":"https:\/\/blog.polityka.pl\/passent\/2018\/05\/27\/weekend-30\/","title":{"rendered":"Weekend 3:0"},"content":{"rendered":"<p>Koniec tygodnia przyni\u00f3s\u0142 kilka pomy\u015blnych wydarze\u0144.<br \/>\n<!--more--><br \/>\nReferendum w sprawie przerywania ci\u0105\u017cy w Irlandii &#8211; jednym z najbardziej katolickich pa\u0144stw Europy (i \u015bwiata) &#8211; zako\u0144czy\u0142o si\u0119 mia\u017cd\u017c\u0105cym zwyci\u0119stwem zwolennik\u00f3w liberalizacji prawa. To kolejny sukces po tym, jak w 2015 roku zalegalizowano tam ma\u0142\u017ce\u0144stwa os\u00f3b tej samej p\u0142ci.<\/p>\n<p>Dla niekt\u00f3rych to wa\u017cny krok ku \u201edechrystianizacji Europy\u201d. Dla wi\u0119kszo\u015bci &#8211; krok w kierunku wyzwolenia kobiet. \u201eNie popieram aborcji, ale uwa\u017cam, \u017ce ludzie powinni mie\u0107 prawo wyboru\u201d \u2013 taki pogl\u0105d spotyka si\u0119 cz\u0119sto w wypowiedziach dla medi\u00f3w. Jest to kolejny etap w formowaniu si\u0119 to\u017csamo\u015bci nowoczesnej Irlandii \u2013 kraju m\u0142odego, kt\u00f3ry uzyska\u0142 niepodleg\u0142o\u015b\u0107 dopiero w 1922 r.<\/p>\n<p>Konstytucja Irlandii m\u00f3wi jeszcze, \u017ce miejsce kobiety jest w domu, co jest rzekomo wa\u017cne dla pa\u0144stwa i mieszka\u0144c\u00f3w. Kierunek zmian jest jasny. Od lat 70. ubieg\u0142ego wieku zalegalizowano w Irlandii \u015brodki antykoncepcyjne, zniesiono zakaz pracy kobiet zam\u0119\u017cnych w sektorze publicznym, usankcjonowano prawnie r\u00f3wne p\u0142ace za r\u00f3wn\u0105 prac\u0119 kobiet i m\u0119\u017cczyzn. Wynik najnowszego referendum dopuszcza aborcj\u0119 po konsultacji z lekarzem do 12. tygodnia ci\u0105\u017cy, a do 24. tygodnia &#8211; je\u017celi dwaj lekarze uznaj\u0105, \u017ce ci\u0105\u017ca stanowi powa\u017cne zagro\u017cenie dla zdrowia i \u017cycia kobiety. Zmniejszy to \u201eturystyk\u0119 aborcyjn\u0105\u201d do Wielkiej Brytanii (170 tys. przypadk\u00f3w w latach 1980-2016) i innych kraj\u00f3w.<\/p>\n<p>Wynik referendum w Irlandii to wi\u0119ksze osamotnienie Polski, krok do pozostania skansenem Europy. Jestem przeciwnikiem przerywania ci\u0105\u017cy, ale nie za wszelk\u0105 cen\u0119, decyzja powinna nale\u017ce\u0107 do kobiety. Ufam, \u017ce kiedy\u015b piek\u0142o kobiet sko\u0144czy si\u0119 i w Polsce.<\/p>\n<p>W Polsce z kolei zako\u0144czy\u0142 si\u0119 strajk os\u00f3b z niepe\u0142nosprawno\u015bciami oraz ich opiekunek (-\u00f3w), kt\u00f3ry trwa\u0142 w Sejmie 40 dni. Jest to decyzja spodziewana i s\u0142uszna. (S\u0105dzi\u0142em, \u017ce ju\u017c Wa\u0142\u0119sa \u201ezako\u0144czy\u201d strajk). Osoby te s\u0105 godne podziwu, zas\u0142uguj\u0105 na nasz\u0105 wdzi\u0119czno\u015b\u0107. Jak ju\u017c pisa\u0142em, osoby niepe\u0142nosprawne w Polsce dopiero \u201ewychodz\u0105 z szafy\u201d. Jeszcze du\u017co wody up\u0142ynie, zanim b\u0119d\u0105 mog\u0142y wyj\u015b\u0107, dok\u0105d chc\u0105, zanim znikn\u0105 progi i wysokie kraw\u0119\u017cniki, ci\u0119\u017ckie drzwi i domy bez windy, puste portfele, niedost\u0119pne toalety itd.<\/p>\n<p>Strajkuj\u0105cy zdo\u0142ali otworzy\u0107 wielu ludziom oczy na los niepe\u0142nosprawnych, ich najbli\u017cszych i opiekunek. Rz\u0105d zapewne jest zadowolony, \u017ce \u201eprzetrzyma\u0142\u201d strajkuj\u0105cych, mo\u017ce uzna\u0107 zako\u0144czenie strajku za potwierdzenie swojej stanowczo\u015bci, co ka\u017ce innym \u015brodowiskom dobrze si\u0119 zastanowi\u0107, zanim wyst\u0105pi\u0105 z \u017c\u0105daniami.<\/p>\n<p>Nic bardziej mylnego. Rz\u0105d co prawda uzna\u0142 jeden postulat strajkuj\u0105cych, ale zarazem przyzna\u0142, \u017ce sytuacja finansowa pa\u0144stwa nie jest tak dobra, jak zapewnia\u0142 premier Morawiecki. Us\u0142yszeli\u015bmy wiele s\u0142\u00f3w niestosownych, jak m\u00f3wienie, \u017ce strajk jest polityczny, manipulowany przez opozycj\u0119 etc. Post\u0119powanie w\u0142adz, kt\u00f3re coraz bardziej utrudnia\u0142y \u017cycie strajkuj\u0105cym, posuwaj\u0105c si\u0119 nawet do szarpaniny ros\u0142ych funkcjonariuszy Stra\u017cy Marsza\u0142kowskiej z kobietami, by\u0142o \u017cenuj\u0105ce. Pomys\u0142 z \u201edanin\u0105 solidarno\u015bciow\u0105\u201d jest beznadziejny, to szczyt ob\u0142udy \u2013 lepiej wprowadzi\u0107 nowy pr\u00f3g podatkowy, ni\u017c urz\u0105dza\u0107 kpiny i u\u017cywa\u0107 s\u0142\u00f3w w rodzaju \u201edanina\u201d i \u201esolidarno\u015b\u0107\u201d. Ko\u015bci\u00f3\u0142 jeszcze raz nabra\u0142 wody w usta. Strajkuj\u0105cym wielkie dzi\u0119ki, wykonali wa\u017cny krok w kierunku pa\u0144stwa przyjaznego ludziom, kt\u00f3rym oby Polska kiedy\u015b si\u0119 sta\u0142a.<\/p>\n<p>Wydarzenie znacznie mniejszego kalibru, ale niezapomniane dla mi\u0142o\u015bnik\u00f3w futbolu, to mecz pi\u0142karski Real Madryt \u2013 Liverpool, kt\u00f3ry obejrza\u0142em w sobot\u0119 w towarzystwie specjalisty, jakim jest m\u00f3j wnuk (12 lat), zawodnik klubu \u201eDrukarz\u201d w Warszawie. Jak przysta\u0142o na znawc\u0119 \u2013 trafnie przewidzia\u0142 wynik, za co przekaza\u0142em mu nale\u017cne s\u0142owa uznania.<\/p>\n<p>Ale prawdziwe s\u0142owa podziwu nale\u017c\u0105 si\u0119 pi\u0142karzom. To by\u0142 wielki mecz, futbol w najlepszym wydaniu. Szybko\u015b\u0107, precyzja poda\u0144, waleczno\u015b\u0107, dramaturgia spotkania, wzloty i upadki (utrata po jednym zawodniku, w tym Salaha, z powodu kontuzji), wspania\u0142e zagrania, niezapomniany strza\u0142 Garetha Bale\u2019a z \u201eprzewrotki\u201d ty\u0142em do bramki, a tak\u017ce katastrofa bramkarza Liverpoolu, kt\u00f3ry przez nikogo nieatakowany, nonszalancko wyrzuci\u0142 pi\u0142k\u0119 prosto pod nogi do\u015bwiadczonego pi\u0142karza Realu Karima Benzemy \u2013 te i wiele innych moment\u00f3w z\u0142o\u017cy\u0142y si\u0119 na pasjonuj\u0105ce widowisko, uczt\u0119 dla milion\u00f3w. Oby by\u0142a to zapowied\u017a udanego mundialu. Ja ju\u017c szykuj\u0119 form\u0119 przed telewizorem. (O \u017cyletkarzach w polskiej pi\u0142ce \u2013 innym razem).<\/p>\n","protected":false},"excerpt":{"rendered":"<p>Koniec tygodnia przyni\u00f3s\u0142 kilka pomy\u015blnych wydarze\u0144.<\/p>\n","protected":false},"author":4,"featured_media":0,"comment_status":"open","ping_status":"closed","sticky":false,"template":"","format":"standard","meta":{"footnotes":""},"categories":[1],"tags":[],"_links":{"self":[{"href":"https:\/\/blog.polityka.pl\/passent\/wp-json\/wp\/v2\/posts\/4605"}],"collection":[{"href":"https:\/\/blog.polityka.pl\/passent\/wp-json\/wp\/v2\/posts"}],"about":[{"href":"https:\/\/blog.polityka.pl\/passent\/wp-json\/wp\/v2\/types\/post"}],"author":[{"embeddable":true,"href":"https:\/\/blog.polityka.pl\/passent\/wp-json\/wp\/v2\/users\/4"}],"replies":[{"embeddable":true,"href":"https:\/\/blog.polityka.pl\/passent\/wp-json\/wp\/v2\/comments?post=4605"}],"version-history":[{"count":3,"href":"https:\/\/blog.polityka.pl\/passent\/wp-json\/wp\/v2\/posts\/4605\/revisions"}],"predecessor-version":[{"id":4608,"href":"https:\/\/blog.polityka.pl\/passent\/wp-json\/wp\/v2\/posts\/4605\/revisions\/4608"}],"wp:attachment":[{"href":"https:\/\/blog.polityka.pl\/passent\/wp-json\/wp\/v2\/media?parent=4605"}],"wp:term":[{"taxonomy":"category","embeddable":true,"href":"https:\/\/blog.polityka.pl\/passent\/wp-json\/wp\/v2\/categories?post=4605"},{"taxonomy":"post_tag","embeddable":true,"href":"https:\/\/blog.polityka.pl\/passent\/wp-json\/wp\/v2\/tags?post=4605"}],"curies":[{"name":"wp","href":"https:\/\/api.w.org\/{rel}","templated":true}]}}