
{"id":4610,"date":"2018-05-30T23:41:48","date_gmt":"2018-05-30T21:41:48","guid":{"rendered":"https:\/\/passent.blog.polityka.pl\/?p=4610"},"modified":"2018-05-31T08:09:27","modified_gmt":"2018-05-31T06:09:27","slug":"gowin-i-glinski-w-jednym-stoja-domu","status":"publish","type":"post","link":"https:\/\/blog.polityka.pl\/passent\/2018\/05\/30\/gowin-i-glinski-w-jednym-stoja-domu\/","title":{"rendered":"Gowin i Gli\u0144ski w jednym stoj\u0105 domu"},"content":{"rendered":"<p>Trzeba mie\u0107 sk\u00f3r\u0119 krokodyla, \u017ceby znie\u015b\u0107 to wszystko, co si\u0119 dzieje.<br \/>\n<!--more--><br \/>\nOto prof. Agnieszka Morawi\u0144ska, od o\u015bmiu lat dyrektorka Muzeum Narodowego, podaje si\u0119 do dymisji. Pod jej kierownictwem MN przechodzi\u0142o \u015bwietny okres, wr\u00f3ci\u0142o do r\u00f3wnowagi po kr\u00f3tkim i dramatycznym kierownictwie przedwcze\u015bnie zmar\u0142ego, sk\u0105din\u0105d wspania\u0142ego prof. Piotra Piotrowskiego z Poznania. MN odzyska\u0142o rang\u0119, podobnie jak za czas\u00f3w prof. Lorentza, a tak\u017ce popularno\u015b\u0107. Nic dziwnego, Agnieszka Morawi\u0144ska to \u015bwietny fachowiec, z ogromnym do\u015bwiadczeniem (m.in. by\u0142a dyrektork\u0105 Zach\u0119ty, kt\u00f3rej przywr\u00f3ci\u0142a blask, i wiceministrem kultury).<\/p>\n<p>Stara\u0142a si\u0119 jak mog\u0142a, przygotowuj\u0105c cykl wystaw na stulecie odzyskania niepodleg\u0142o\u015bci. Jej ojciec, muzeolog, dowodzi\u0142 obron\u0105 przeciwlotnicz\u0105 MN we wrze\u015bniu 1939 r. I taka osoba poczu\u0142a si\u0119 zmuszona do rezygnacji, nie doczekawszy ko\u0144ca kadencji. Pow\u00f3d \u2013 z\u0142a wsp\u00f3\u0142praca z resortem kultury, kt\u00f3ry zyskuje coraz gorsz\u0105 s\u0142aw\u0119 i jest chimeryczny, nieobliczalny, upolityczniony powy\u017cej \u017cyrandoli. Epidemia muze\u00f3w, czystka w instytutach, tak\u017ce w muzeach (gda\u0144skie Muzeum Historii II Wojny \u015awiatowej), zamieszanie w teatrach, prostackie rozumienie polityki historycznej, fatalne nominacje wed\u0142ug kryteri\u00f3w politycznych, niejasny zakup kolekcji Czartoryskich &#8211; wiele mo\u017cna by jeszcze napisa\u0107, ale co to da?<\/p>\n<p>Jak gdyby tego by\u0142o ma\u0142o, s\u0142ycha\u0107, \u017ce prof. Barbara Engelking, przewodnicz\u0105ca Rady O\u015bwi\u0119cimskiej przy premierze RP (a tak\u017ce dyrektorka Centrum Badania Zag\u0142ady \u017byd\u00f3w przy PAN), mo\u017ce liczy\u0107 si\u0119 z tym, \u017ce nie zostanie powo\u0142ana na nast\u0119pn\u0105 kadencj\u0119. Wicepremier Gowin zapowiedzia\u0142, \u017ce przy wyborze nowego sk\u0142adu premier b\u0119dzie si\u0119 kierowa\u0142 \u201epolsk\u0105 wra\u017cliwo\u015bci\u0105\u201d.<\/p>\n<p>Kryje si\u0119 w tym sugestia, \u017ce nie wszyscy cz\u0142onkowie kieruj\u0105 si\u0119 polsk\u0105 wra\u017cliwo\u015bci\u0105, inni mo\u017ce kieruj\u0105 si\u0119 wra\u017cliwo\u015bci\u0105 niemieck\u0105, rosyjsk\u0105 lub (zapewne)&#8230; \u017cydowsk\u0105, bo z Rosj\u0105 i Niemcami mamy spok\u00f3j, tylko k\u0142opot jak zwykle z \u017bydami. Prof. Engelking jest autork\u0105 wielu cennych prac naukowych i znanych ksi\u0105\u017cek, w tym ostatnio &#8211; z prof. Janem Grabowskim \u2013 dzie\u0142a \u201eDalej jest noc\u201d o stosunkach polsko-\u017cydowskich, kt\u00f3re ukaza\u0142o si\u0119 dwa miesi\u0105ce temu i \u015bci\u0105gn\u0119\u0142o na siebie gniew \u201eprawdziwych Polak\u00f3w\u201d.<\/p>\n<p>Pani profesor zapewne (zdaniem k\u00f3\u0142 narodowo-patriotycznych) za bardzo akcentuje \u017cydowskie ofiary i polskie grzechy, zamiast dok\u0142adnie odwrotnie. Ksi\u0105\u017cka ta mie\u015bci si\u0119 w nurcie odkrywania bolesnej prawdy: od ksi\u0105\u017cek Jana Grossa po ksi\u0105\u017cki prof. Jacka Leociaka (ostatnio \u201eM\u0142yny Bo\u017ce\u201d, czyli katolicyzm a \u017bydzi) czy Anny Bikont o Irenie Sendlerowej. Odkrywana przez nich prawda, podobnie jak np. film \u201eIda\u201d czy mniej udane \u201ePok\u0142osie\u201d, jest niewygodna, nie spe\u0142nia oczekiwa\u0144 polityki historycznej. Autorzy musz\u0105 si\u0119 wi\u0119c liczy\u0107 z konsekwencjami.<\/p>\n<p>Ciekawe, kto zostanie zaproszony do nowej Rady, kto zostanie przewodnicz\u0105cym i jaki to b\u0119dzie mia\u0142o wp\u0142yw na funkcjonowanie Muzeum Auschwitz, gdzie ju\u017c s\u0142ycha\u0107, \u017ce przewodnicy wykazuj\u0105 za ma\u0142o \u201epolskiej wra\u017cliwo\u015bci\u201d.<\/p>\n","protected":false},"excerpt":{"rendered":"<p>Wiele mo\u017cna by jeszcze napisa\u0107, ale co to da?<\/p>\n","protected":false},"author":4,"featured_media":4615,"comment_status":"open","ping_status":"closed","sticky":false,"template":"","format":"standard","meta":{"footnotes":""},"categories":[1],"tags":[40,39,42,41],"_links":{"self":[{"href":"https:\/\/blog.polityka.pl\/passent\/wp-json\/wp\/v2\/posts\/4610"}],"collection":[{"href":"https:\/\/blog.polityka.pl\/passent\/wp-json\/wp\/v2\/posts"}],"about":[{"href":"https:\/\/blog.polityka.pl\/passent\/wp-json\/wp\/v2\/types\/post"}],"author":[{"embeddable":true,"href":"https:\/\/blog.polityka.pl\/passent\/wp-json\/wp\/v2\/users\/4"}],"replies":[{"embeddable":true,"href":"https:\/\/blog.polityka.pl\/passent\/wp-json\/wp\/v2\/comments?post=4610"}],"version-history":[{"count":3,"href":"https:\/\/blog.polityka.pl\/passent\/wp-json\/wp\/v2\/posts\/4610\/revisions"}],"predecessor-version":[{"id":4614,"href":"https:\/\/blog.polityka.pl\/passent\/wp-json\/wp\/v2\/posts\/4610\/revisions\/4614"}],"wp:featuredmedia":[{"embeddable":true,"href":"https:\/\/blog.polityka.pl\/passent\/wp-json\/wp\/v2\/media\/4615"}],"wp:attachment":[{"href":"https:\/\/blog.polityka.pl\/passent\/wp-json\/wp\/v2\/media?parent=4610"}],"wp:term":[{"taxonomy":"category","embeddable":true,"href":"https:\/\/blog.polityka.pl\/passent\/wp-json\/wp\/v2\/categories?post=4610"},{"taxonomy":"post_tag","embeddable":true,"href":"https:\/\/blog.polityka.pl\/passent\/wp-json\/wp\/v2\/tags?post=4610"}],"curies":[{"name":"wp","href":"https:\/\/api.w.org\/{rel}","templated":true}]}}