
{"id":462,"date":"2008-07-12T23:21:16","date_gmt":"2008-07-12T21:21:16","guid":{"rendered":"http:\/\/passent.blog.polityka.pl\/?p=462"},"modified":"2008-07-13T20:23:02","modified_gmt":"2008-07-13T18:23:02","slug":"historia-pisana-od-nowa","status":"publish","type":"post","link":"https:\/\/blog.polityka.pl\/passent\/2008\/07\/12\/historia-pisana-od-nowa\/","title":{"rendered":"Historia pisana od nowa"},"content":{"rendered":"<p><strong>Podobno ten, kto kontroluje przesz\u0142o\u015b\u0107, kontroluje tak\u017ce przysz\u0142o\u015b\u0107, a klucz do przesz\u0142o\u015bci to nic innego, jak klucz do w\u0142adzy<\/strong>.<\/p>\n<p>Kiedy rz\u0105dzili postkomuni\u015bci, w kr\u0119gach solidarno\u015bciowych s\u0142ycha\u0107\u00a0 by\u0142o ubolewania w stylu \u201eprzegrali\u015bmy bitw\u0119 o przesz\u0142o\u015b\u0107\u201d, albo \u201eprzegrali\u015bmy bitw\u0119 o pami\u0119\u0107\u201d. Chodzi\u0142o o to, \u017ce Kwa\u015bniewski i inni, zamiast demaskowa\u0107 ohyd\u0119 PRL i rozlicza\u0107 winnych, namawiali do spojrzenia w przysz\u0142o\u015b\u0107. Teraz u w\u0142adzy s\u0105 politycy postsolidarno\u015bciowi, zaludniaj\u0105 oni prawie ca\u0142y parlament, maj\u0105 dwie najsilniejsze partie w kraju, ale b\u00f3j o przesz\u0142o\u015b\u0107 jeszcze si\u0119 zaostrza. Z t\u0105 r\u00f3\u017cnic\u0105, \u017ce tym razem jest to wojenka wewn\u0105trz dawnej opozycji. Obecna opozycja (czytaj: PiS) przy pomocy swojej wersji najnowszej historii Polski, stara si\u0119 obali\u0107 obecny establishment, \u017ceby zaj\u0105\u0107 jego miejsce.<\/p>\n<p>Walka ta przybra\u0142a form\u0119 walki z kultem jednostki Lecha Wa\u0142\u0119sy i jego klik\u0105. Miarodajny wyk\u0142ad najnowszych dziej\u00f3w daje socjolog, dr Barbara Fedyszak &#8211; Radziejowska w \u201eRz.\u201d (12 lipca).\u00a0 Oto g\u0142\u00f3wne tezy, na og\u00f3\u0142 nienowe, ale warto je zebra\u0107 dla tych, kt\u00f3rzy nie czytali, a chc\u0105 walczy\u0107 o prawd\u0119:\u00a0 Dzi\u0119ki ksi\u0105\u017cce o \u2018Bolku\u2019 \/ Wa\u0142\u0119sie oraz filmowi \u201eTrzech kumpli\u201d, \u201eSpo\u0142ecze\u0144stwo, kt\u00f3re dot\u0105d pasywnie funkcjonowa\u0142o w \u015bwiecie \u2018kilku autorytet\u00f3w\u2019 o bohaterskiej przesz\u0142o\u015bci, zacznie my\u015ble\u0107 bardziej samodzielnie.\u201d<\/p>\n<p>Dotychczas obowi\u0105zuj\u0105ca wersja historii, wed\u0142ug B.F.-R.\u00a0 eksponowa\u0142a przede wszystkim Wa\u0142\u0119s\u0119 oraz kilka autorytet\u00f3w, kt\u00f3re autorka wymienia (Michnik, Mazowiecki, Balcerowicz, Wa\u0142\u0119sa), pomija\u0142a natomiast rol\u0119 mas. Autorka, podobnie jak kiedy\u015b Nikita Siergiejewicz,\u00a0 stara si\u0119 obali\u0107 kult jednostki. Przypomina, \u017ce Wa\u0142\u0119sa \u201egra\u0142 w imieniu setek tysi\u0119cy Polak\u00f3w, o kt\u00f3rych dzisiaj m\u00f3wi, \u017ce ich nie by\u0142o\u201d, by\u0142 liderem ruchu, bez kt\u00f3rego nic by \u201enie ugra\u0142\u201d, sukces opozycji \u2013 dowiadujemy si\u0119 dalej &#8211; by\u0142by niemo\u017cliwy, gdyby nie sta\u0142o za ni\u0105 \u201eaktywne spo\u0142ecze\u0144stwo.\u201d Brawo! Brawo, Pani Doktor, chcia\u0142oby si\u0119 przyklasn\u0105\u0107\u00a0 na to rewelacyjne odkrycie. Jeszcze troch\u0119, a dowiemy si\u0119, \u017ce kr\u00f3lowa Bona umar\u0142a.<\/p>\n<p>Dotychczasowa wersja historii opiera\u0142a si\u0119 \u2013 wedle autorki &#8211; na trzech za\u0142o\u017ceniach: Grono zas\u0142u\u017conych dla demokracji jest bardzo nieliczne; tylko cz\u0142onkowie tego grona maj\u0105 prawo kooptacji nowych os\u00f3b; kooptacja mo\u017ce obejmowa\u0107 reformator\u00f3w z PZPR i\u00a0 fachowc\u00f3w ze s\u0142u\u017cb specjalnych. Kto lansuje tak\u0105 wersj\u0119 historii? Politycy z Unii Demokratycznej i Unii Wolno\u015bci, a tak\u017ce SLD. Z tego wynika, \u017ce cz\u0142onkowie Porozumienia Centrum, AWS czy PiS mieli zdrowy ogl\u0105d historii.<\/p>\n<p>Zdaniem autorki fa\u0142szywa\u00a0 wersja jest lansowana celowo, \u017ceby zaw\u0119\u017ca\u0107 grono uprawnionych do sprawowania w\u0142adzy. Autorka wzywa, by \u201eposzerzy\u0107 kr\u0105g ludzi\u201d uprawnionych dzi\u0119ki swoim zas\u0142ugom do sprawowania w\u0142adzy. Ca\u0142a ta tyrada dr Fedyszak &#8211; Radziejowskiej, ca\u0142a ta walka z kultem jednostki ma wi\u0119c na celu dopuszczenie do w\u0142adzy innego nurtu opozycji, bli\u017cszego sercu autorki, bo przecie\u017c te pomini\u0119te rzekomo masy same rz\u0105dzi\u0107 nie b\u0119d\u0105, musz\u0105 wybra\u0107 swoich przedstawicieli, ale chyba powinny to zrobi\u0107 m\u0105drzej ni\u017c 21 pa\u017adziernika ub.r.\u00a0 Je\u017celi kto\u015b si\u0119 upiera, \u017ce to Wa\u0142\u0119s\u0119 nosili ludzie na r\u0119kach, \u017ce to Michnik i Kuro\u0144 byli elementami antysocjalistycznymi,\u00a0 i \u017ce to oni swoim autorytetem potrafili kierowa\u0107 wielotysi\u0119cznymi wiecami i manifestacjami, to jest w b\u0142\u0119dzie. \u201eTrzeba poszerzy\u0107 kr\u0105g ludzi uprawnionych\u2026\u201d \u2013 twierdzi autorka.\u00a0 Jednostka \u2013 bzdur\u0105, jednostka \u2013 zerem, zdaje si\u0119 twierdzi\u0107 B.F.-R.\u00a0 w \u015blad za poet\u0105 rewolucji.<\/p>\n<p>Wszak nie trzeba\u00a0 by\u0107 doktorem socjologii, \u017ceby wiedzie\u0107, \u017ce Wa\u0142\u0119sa z Mazowieckim, nawet wspierani przez Geremka i Kuronia, nie obaliliby systemu, gdyby nie masy, kt\u00f3re oni i inni sprawiedliwi rozruszali. Gdyby nie Ko\u015bci\u00f3\u0142 (o kt\u00f3rym autorka nie wspomina), gdyby nie Reagan (j.w.), gdyby nie Gorbaczow (j.w.) itd., itp. Lektura jej artyku\u0142u nasuwa podejrzenia, \u017ce przerabianie obowi\u0105zuj\u0105cej wersji historii ma li tylko na celu dopuszczenie tych, kt\u00f3rzy czuja si\u0119 skrzywdzeni &#8211; do koryta. Nie ma bowiem chyba w\u015br\u00f3d czytelnik\u00f3w \u201eRz.\u201d takich, kt\u00f3rzy uwa\u017caj\u0105, \u017ce tylko garstka konspirator\u00f3w obali\u0142a komunizm, takich, kt\u00f3rzy zapomnieli o strajkach w ca\u0142ym kraju, o wielotysi\u0119cznych demonstracjach, o milionach na trasie przejazdu JP II. Walka z kultem jednostki czy kultem \u201eledwie kilku os\u00f3b\u201d, nie jest wi\u0119c\u00a0 walk\u0105 o prawd\u0119, tylko dorabianiem legendy do potrzeb dnia.<\/p>\n<p>Parafrazuj\u0105c Stalina mo\u017cna zauwa\u017cy\u0107, \u017ce w miar\u0119 post\u0119p\u00f3w w budowie przysz\u0142o\u015bci zaostrza si\u0119 walka o przesz\u0142o\u015b\u0107.<\/p>\n","protected":false},"excerpt":{"rendered":"<p>Podobno ten, kto kontroluje przesz\u0142o\u015b\u0107, kontroluje tak\u017ce przysz\u0142o\u015b\u0107, a klucz do przesz\u0142o\u015bci to nic innego, jak klucz do w\u0142adzy. Kiedy rz\u0105dzili postkomuni\u015bci, w kr\u0119gach solidarno\u015bciowych s\u0142ycha\u0107\u00a0 by\u0142o ubolewania w stylu \u201eprzegrali\u015bmy bitw\u0119 o przesz\u0142o\u015b\u0107\u201d, albo \u201eprzegrali\u015bmy bitw\u0119 o pami\u0119\u0107\u201d. Chodzi\u0142o o to, \u017ce Kwa\u015bniewski i inni, zamiast demaskowa\u0107 ohyd\u0119 PRL i rozlicza\u0107 winnych, namawiali do [&hellip;]<\/p>\n","protected":false},"author":4,"featured_media":0,"comment_status":"open","ping_status":"open","sticky":false,"template":"","format":"standard","meta":{"footnotes":""},"categories":[1],"tags":[],"_links":{"self":[{"href":"https:\/\/blog.polityka.pl\/passent\/wp-json\/wp\/v2\/posts\/462"}],"collection":[{"href":"https:\/\/blog.polityka.pl\/passent\/wp-json\/wp\/v2\/posts"}],"about":[{"href":"https:\/\/blog.polityka.pl\/passent\/wp-json\/wp\/v2\/types\/post"}],"author":[{"embeddable":true,"href":"https:\/\/blog.polityka.pl\/passent\/wp-json\/wp\/v2\/users\/4"}],"replies":[{"embeddable":true,"href":"https:\/\/blog.polityka.pl\/passent\/wp-json\/wp\/v2\/comments?post=462"}],"version-history":[{"count":0,"href":"https:\/\/blog.polityka.pl\/passent\/wp-json\/wp\/v2\/posts\/462\/revisions"}],"wp:attachment":[{"href":"https:\/\/blog.polityka.pl\/passent\/wp-json\/wp\/v2\/media?parent=462"}],"wp:term":[{"taxonomy":"category","embeddable":true,"href":"https:\/\/blog.polityka.pl\/passent\/wp-json\/wp\/v2\/categories?post=462"},{"taxonomy":"post_tag","embeddable":true,"href":"https:\/\/blog.polityka.pl\/passent\/wp-json\/wp\/v2\/tags?post=462"}],"curies":[{"name":"wp","href":"https:\/\/api.w.org\/{rel}","templated":true}]}}