
{"id":4629,"date":"2018-06-11T20:00:58","date_gmt":"2018-06-11T18:00:58","guid":{"rendered":"https:\/\/passent.blog.polityka.pl\/?p=4629"},"modified":"2018-06-12T08:15:53","modified_gmt":"2018-06-12T06:15:53","slug":"cztery-litery","status":"publish","type":"post","link":"https:\/\/blog.polityka.pl\/passent\/2018\/06\/11\/cztery-litery\/","title":{"rendered":"Cztery litery"},"content":{"rendered":"<p>Nie wiem, czy Pa\u0144stwo zauwa\u017cyli, ale z j\u0119zyka polityk\u00f3w i medi\u00f3w znikn\u0119\u0142o jedno s\u0142owo: tylko cztery litery. Nie, nie \u2013 nie chodzi o to, co pierwsze przychodzi na my\u015bl. J\u0119zyk grubia\u0144ski pozostaje bez zmian. Dla u\u0142atwienia podam, \u017ce s\u0142owa tego nie by\u0142o tak\u017ce w powszechnym u\u017cyciu kilkana\u015bcie lat temu. Ale w ostatnich latach nie by\u0142o medium ani polityka, dla kt\u00f3rych to nie by\u0142oby s\u0142owo klucz.<br \/>\n<!--more--><br \/>\nTeraz na pr\u00f3\u017cno poszukiwa\u0107 tej kombinacji czterech liter, nie ma ich w radiu, w telewizjach, gazetach, nawet w sieci. No, nareszcie si\u0119 Pa\u0144stwo domy\u015blili. To s\u0142owo WRAK si\u0119 nazywa. Oczywi\u015bcie, wrak! Gdzie jest wrak? Przecie\u017c zaledwie dwa i p\u00f3\u0142 roku temu PiS codziennie wali\u0142 we wrak jak w dzwon, a Platforma zatyka\u0142a uszy. Dzisiaj PiS nabra\u0142 wody w usta? Milczy o wraku. Tam, gdzie wczoraj by\u0142 wrak, dzisiaj jest cisza. Czy\u017cby Putin go odda\u0142 i szcz\u0105tki tupolewa poddawane s\u0105 w Polsce dok\u0142adnym badaniom najlepszych specjalist\u00f3w zagranicznych? Bzdura!<\/p>\n<p>W jednej z gazet prawicowych czyta\u0142em dzisiaj obszerny artyku\u0142 najbardziej chyba znanego publicysty tego nurtu, o stosunkach z Rosj\u0105, i ani razu nie pojawia si\u0119 tam to s\u0142owo na cztery. Z kolei w gazecie lewicowo-liberalnej czyta\u0142em wywiad z by\u0142\u0105 ambasador RP w Rosji \u2013 i tam pr\u00f3\u017cno szuka\u0107 tego wyrazu. Pami\u0119tam, jak jeszcze niedawno panowie B\u0142aszczak i inni odmieniali cztery litery przez wszystkie przypadki.<\/p>\n<p>Dzisiaj wraku \u201eniet\u201d. Wyparowa\u0142. Odlecia\u0142. Dziwne jest to stadko polityk\u00f3w i medi\u00f3w, kt\u00f3re na gwizdek \u0107wierka i milknie. S\u0142ysza\u0142em w TVP, \u017ce wczoraj politycy PiS odbyli 26 spotka\u0144 z ludno\u015bci\u0105 w terenie. Ciekawe, na ilu spotkaniach pojawili si\u0119 ludzie opozycji z pytaniem o wrak. Raz s\u0142ysza\u0142em skandowanie \u201eGdzie jest wrak?\u201d, ale raz to nic.<\/p>\n<p>Wiadomo\u015bci TVP obejrza\u0142em pierwszy raz od dawna i by\u0142em zdumiony, \u017ce oni w og\u00f3le nie udaj\u0105 telewizji bezstronnej, obiektywnej, tylko m\u00f3wi\u0105 wprost o \u201etotalnej opozycji\u201d. Bez s\u0142owa \u201etotalna\u201d opozycja nie wyst\u0119puje. Dla odmiany \u201ewywiad\u201d red. Choleckiej z prezesem Kurskim by\u0142 tak czo\u0142obitny, \u017ce a\u017c by\u0142o \u017cal dziennikarki. Pytania w stylu: &#8222;Czy pan prezes jest zachwycony festiwalem opolskim, czy te\u017c czuje si\u0119 pan wniebowzi\u0119ty?\u201d. Obowi\u0105zuje zasada, \u017ce TVP ma by\u0107 przeciwwag\u0105 dla telewizji \u201epolskoj\u0119zycznej\u201d i dla niemieckiego \u201eNewsweeka\u201d.<\/p>\n<p>Wracaj\u0105c do wraku \u2013 to dobrze, \u017ce prezes i jego poddani milcz\u0105 o wraku, a pose\u0142 Macierewicz wyl\u0105dowa\u0142 na bocznym pasie. Ale znikni\u0119cie wraku ze s\u0142ownictwa to powinien by\u0107 pierwszy krok w rozmowie z Rosj\u0105. Wrak mo\u017ce by\u0107 gdzie\u015b daleko, w przypisach, a to, co jest wa\u017cne, to kruszenie Zachodu, wi\u0119zi atlantyckie \u2013 kryzys, Unia Europejska \u2013 Trump szaleje, awanturuje si\u0119 z Uni\u0105 i Kanad\u0105, ju\u017c chce zaprasza\u0107 Rosj\u0119 na G7. A my gdzie? Marzy nam si\u0119 siedzenie okrakiem i rola po\u015brednik\u00f3w mi\u0119dzy Stanami a Uni\u0105. W\u0105tpi\u0119, czy Trump, Merkel i Macron widz\u0105 nas w takiej roli.<\/p>\n<p>Na razie trzymajmy si\u0119 naszych sojuszy, ale warto zauwa\u017cy\u0107, \u017ce Rosja istnieje, i przesta\u0107 udawa\u0107, \u017ce jej nie ma. Nie tylko jedno s\u0142owo powinno by\u0107 rzadziej u\u017cywane, warto si\u0119gn\u0105\u0107 po inne. Parafrazuj\u0105c Stalina: \u201ePutinowie przychodz\u0105 i odchodz\u0105, a nar\u00f3d rosyjski pozostaje\u201d.<\/p>\n<p><strong>Zaproszenie<\/strong><br \/>\nProf. Zbigniew Lewicki, dr Katarzyna Kasia i Marcin Zar\u00f3d b\u0119d\u0105 naszymi go\u015b\u0107mi w Radiu TOK FM we wtorek 11 czerwca (jak ten czas leci!) o godz. 20.05. Zapraszam!<\/p>\n","protected":false},"excerpt":{"rendered":"<p>Teraz na pr\u00f3\u017cno poszukiwa\u0107 tej kombinacji czterech liter.<\/p>\n","protected":false},"author":4,"featured_media":4635,"comment_status":"open","ping_status":"closed","sticky":false,"template":"","format":"standard","meta":{"footnotes":""},"categories":[1],"tags":[45,46,43,44],"_links":{"self":[{"href":"https:\/\/blog.polityka.pl\/passent\/wp-json\/wp\/v2\/posts\/4629"}],"collection":[{"href":"https:\/\/blog.polityka.pl\/passent\/wp-json\/wp\/v2\/posts"}],"about":[{"href":"https:\/\/blog.polityka.pl\/passent\/wp-json\/wp\/v2\/types\/post"}],"author":[{"embeddable":true,"href":"https:\/\/blog.polityka.pl\/passent\/wp-json\/wp\/v2\/users\/4"}],"replies":[{"embeddable":true,"href":"https:\/\/blog.polityka.pl\/passent\/wp-json\/wp\/v2\/comments?post=4629"}],"version-history":[{"count":4,"href":"https:\/\/blog.polityka.pl\/passent\/wp-json\/wp\/v2\/posts\/4629\/revisions"}],"predecessor-version":[{"id":4634,"href":"https:\/\/blog.polityka.pl\/passent\/wp-json\/wp\/v2\/posts\/4629\/revisions\/4634"}],"wp:featuredmedia":[{"embeddable":true,"href":"https:\/\/blog.polityka.pl\/passent\/wp-json\/wp\/v2\/media\/4635"}],"wp:attachment":[{"href":"https:\/\/blog.polityka.pl\/passent\/wp-json\/wp\/v2\/media?parent=4629"}],"wp:term":[{"taxonomy":"category","embeddable":true,"href":"https:\/\/blog.polityka.pl\/passent\/wp-json\/wp\/v2\/categories?post=4629"},{"taxonomy":"post_tag","embeddable":true,"href":"https:\/\/blog.polityka.pl\/passent\/wp-json\/wp\/v2\/tags?post=4629"}],"curies":[{"name":"wp","href":"https:\/\/api.w.org\/{rel}","templated":true}]}}