
{"id":463,"date":"2008-07-17T22:43:35","date_gmt":"2008-07-17T20:43:35","guid":{"rendered":"http:\/\/passent.blog.polityka.pl\/?p=463"},"modified":"2008-07-17T22:50:20","modified_gmt":"2008-07-17T20:50:20","slug":"bez-laski","status":"publish","type":"post","link":"https:\/\/blog.polityka.pl\/passent\/2008\/07\/17\/bez-laski\/","title":{"rendered":"Bez \u0142aski"},"content":{"rendered":"<p><img loading=\"lazy\" decoding=\"async\" src=\"http:\/\/passent.blog.polityka.pl\/wp-content\/uploads\/0bojkot450.jpg\" alt=\"0bojkot450.jpg\" title=\"0bojkot450.jpg\" align=\"middle\" border=\"0\" width=\"450\" height=\"675\" \/><\/p>\n<p><em>Fot. Witold Rozbicki \/ REPORTER<\/em><\/p>\n<p><strong>Czy Komitet Polityczny zlikwiduje TVN podobnie jak Biuro Polityczne zlikwidowa\u0142o \u201ePo Prostu\u201d?<\/strong><\/p>\n<p>Mam nadziej\u0119, \u017ce TVN nie ugnie si\u0119 przed bojkotem PiS i nie zacznie traktowa\u0107 tej partii na zasadach specjalnych. Je\u017celi go\u015bci jest dw\u00f3ch, to z regu\u0142y s\u0105 z r\u00f3\u017cnych parafii, je\u017celi \u2013 jak w \u201eLo\u017cy Prasowej\u201d \u2013 go\u015bci jest czterech, to jest 2:2, albo szerokie spektrum, np. \u201eRzeczpospolita\u201d, \u201eDziennik\u201d, \u201eWyborcza\u201d, \u201eTrybuna\u201d. To jest ju\u017c dzi\u015b w wi\u0119kszo\u015bci medi\u00f3w elektronicznych standard (pomijam TVP czy Radio Maryja). By\u0107 mo\u017ce TVN, podobnie jak wielu dziennikarzy, nie darzy PiS wielk\u0105 mi\u0142o\u015bci\u0105, na pewno TVP bli\u017csza jest sercu prezesa Kaczy\u0144skiego, ale to nie jest \u017caden pow\u00f3d, \u017ceby si\u0119 obra\u017ca\u0107. Dziennik \u201eFakt\u201d nie jest przychylny lewicy, nie sprzyja jej \u201eDziennik\u201d czy \u201eRzeczpospolita\u201d, ale nikomu nie przychodzi do g\u0142owy, \u017ceby si\u0119 na nich obra\u017ca\u0107.<\/p>\n<p>PiS traktuje swoj\u0105 obecno\u015b\u0107 na antenie, swoje wypowiedzi \u0142askawie udzielane dziennikarzom, jako prezent, jako zaszczyt dla medi\u00f3w i dla spo\u0142ecze\u0144stwa. PP. Kaczy\u0144ski, Gosiewski czy Cyma\u0144ski robi\u0105 nam \u0142ask\u0119, \u017ce zechc\u0105 si\u0119 pokaza\u0107 i wypowiedzie\u0107 milionom telewidz\u00f3w. Podobno ci panowie maj\u0105 za z\u0142e nawet ich fotografie, jakie pojawiaj\u0105 si\u0119 na portalu w Internecie. Ale mo\u017ce najpierw w\/w panowie zechcieliby sami na siebie spojrze\u0107, zamiast siada\u0107 przed kamerami \u2013 usi\u0105\u015b\u0107 przed lustrem, zamiast wymawia\u0107 innym sprowadzanie debaty politycznej do rynsztoka \u2013 pos\u0142ucha\u0107 swoich w\u0142asnych wypowiedzi o ZOMO, o przest\u0119pcach z innych partii, o by\u0142ych ministrach spraw zagranicznych\u2026 PiS traktuje media prywatne tak jak traktuje media publiczne, czyli jako sw\u00f3j folwark. TVN ma by\u0107 taka jak TVP, radia prywatne maj\u0105 by\u0107 jak Polskie Radio, albo Radio Maryja, gazety takie, jak p\u00f3\u017ana \u201eRzepa\u201d czy wczesny \u201eDziennik\u201d, Walter, Wejchert i Solorz \u2013 jak Rydzyk czy Urba\u0144ski.<\/p>\n<p>Rynsztok to mo\u017ce nie, ale faktem jest, \u017ce s\u0142owo \u201edebata\u201d jest coraz cz\u0119\u015bciej u\u017cywane na wyrost \u2013 od Sejmu po media nast\u0119puje upadek obyczaj\u00f3w, degradacja j\u0119zyka, wzrost agresji. Celuj\u0105 w tym politycy PiS, aczkolwiek pose\u0142 Niesio\u0142owski (kiedy jeszcze nie by\u0142 marsza\u0142kiem) te\u017c nie by\u0142 anio\u0142kiem, maj\u0105 w tym udzia\u0142 niedawni sojusznicy PiS, p.p. Giertych i Lepper, pos\u0142anka Senyszyn te\u017c ma j\u0119zyk nie od parady, od tej s\u0142abo\u015bci nie s\u0105 r\u00f3wnie\u017c wolne niekt\u00f3re gwiazdy medi\u00f3w. Ale najwi\u0119cej \u017c\u00f3\u0142tych i czerwonych kartek nale\u017cy si\u0119 dru\u017cynie prezesa Kaczy\u0144skiego. Swoje zas\u0142ugi maj\u0105 te\u017c \u201epracownicy medi\u00f3w\u201d, jak ich pogardliwie nazywa prezes, medi\u00f3w nie tylko \u201eniemieckich\u201d.<\/p>\n<p>Je\u017celi panowie uwa\u017caj\u0105, \u017ce czyni\u0105 \u0142ask\u0119 pokazuj\u0105c si\u0119 w mediach, to ja m\u00f3wi\u0119 \u2013 \u201e\u0142aski bez\u201d. Ch\u0119tnie odpoczn\u0119 od agresji Jaros\u0142awa Kaczy\u0144skiego i Zbigniewa Ziobry, od deklamacji pos\u0142a Gosiewskiego, od dowcip\u00f3w Jacka Kurskiego, od \u017cart\u00f3w Tadeusza Cyma\u0144skiego, od wdzi\u0119ku pos\u0142anki Kempy. Jeden kana\u0142 wolny od PiS \u2013 c\u00f3\u017c to za ulga! I nie mam nic przeciwko temu, \u017ceby jaki\u015b inny kana\u0142 by\u0142 wolny od polityk\u00f3w innej partii. Pogl\u0105dy PiS nadal b\u0119d\u0105 w mediach reprezentowane, cho\u0107by przez pana prezydenta, jego ministr\u00f3w, na czele z Micha\u0142em Kami\u0144skim, przez uczonych w mowie i w pi\u015bmie, jak prof. Krasnod\u0119bski czy Zybertowicz, przez redaktor\u00f3w czasopism i gazet codziennych, kt\u00f3rych nie trzeba wymienia\u0107. Nie obawiam si\u0119, \u017ce po odej\u015bciu pos\u0142\u00f3w PiS w mediach zapanuje ciemna noc, pustynia intelektualna.<\/p>\n<p>Decyzja PiS \u015bwiadczy o tym, \u017ce kompleks ni\u017cszo\u015bci prezesa udzieli\u0142 si\u0119 ca\u0142ej partii. Oczywi\u015bcie, \u017ce ka\u017cdy polityk dzieli media na mniej lub bardziej sobie przychylne, ale o t\u0119 przychylno\u015b\u0107 nale\u017cy zabiega\u0107 ka\u017cdego dnia i ka\u017cdego dnia mo\u017cna j\u0105 straci\u0107. Wystarczy przypomnie\u0107 stosunek medi\u00f3w do Kwa\u015bniewskiego czy Wa\u0142\u0119sy. Od bardzo negatywnego, do przychylnego i odwrotnie. Kompleks ni\u017cszo\u015bci i bezsiln\u0105 z\u0142o\u015b\u0107 PiS wida\u0107 tak\u017ce wtedy, kiedy pos\u0142owie tej partii bojkotuj\u0105 prace sejmowej komisji zdrowia czy posiedzenia plenarnego Sejmu, kt\u00f3re demonstracyjnie opuszczaj\u0105 do z g\u00f3ry przygotowanych kamer i aparat\u00f3w fotograficznych. Pami\u0105tkowa fotografia zbiorowa klubu poselskiego PiS na schodach Sejmu pokazuje, jak ta partia wyobra\u017ca sobie parlament: wszyscy za prezesem. Tak samo wyobra\u017caj\u0105 sobie media. Dlatego jedne bojkotuj\u0105, inne dyskryminuj\u0105, nie udzielaj\u0105c im \u0142aski wywiadu, z kolei jeszcze inne nagradzaj\u0105 \u0142ask\u0105 swojej obecno\u015bci i obdarowuj\u0105 je swoimi wdzi\u0119kami.<\/p>\n<p>Ponad p\u00f3\u0142 wieku temu w\u0142adza te\u017c boczy\u0142a si\u0119 na media (cho\u0107 s\u0142owo to nie by\u0142o jeszcze w u\u017cytku). \u0141adn\u0105 kart\u0119 zapisa\u0142 tygodnik \u201ePo Prostu\u201d, chocia\u017c \u2013 a mo\u017ce w\u0142a\u015bnie dlatego \u2013 \u017ce pracowali tam r\u00f3\u017cni ludzie, tacy jak Walery Namiotkiewicz \u2013 p\u00f3\u017aniejszy pot\u0119\u017cny kierownik sekretariatu Gomu\u0142ki &#8211; i Jerzy Urban \u2013 wyr\u00f3\u017cniony najpierw zakazem publikacji, a potem najwy\u017cszymi zaszczytami. Przy innych okazjach w\u0142adza wyrzuca\u0142a redaktora naczelnego (np. KTT ze \u201eSzpilek\u201d czy MFR z \u201ePolityki\u201d, cho\u0107 ten drugi si\u0119 osta\u0142). Cho\u0107 por\u00f3wnania s\u0105 kulawe, to trudno przeceni\u0107 rol\u0119 TVN 24 jeszcze rok temu, kiedy PiS trzyma\u0142 media w szachu bardziej ni\u017c dzisiaj. TVN musi jeszcze zapracowa\u0107 na swoje miejsce w historii, ale nie spos\u00f3b oprze\u0107 si\u0119 wra\u017ceniu, \u017ce przewodnicz\u0105cy ch\u0119tnie zlikwidowa\u0142by TVN, tak jak kiedy\u015b zlikwidowano \u201ePo Prostu\u201d.<\/p>\n","protected":false},"excerpt":{"rendered":"<p>Fot. Witold Rozbicki \/ REPORTER Czy Komitet Polityczny zlikwiduje TVN podobnie jak Biuro Polityczne zlikwidowa\u0142o \u201ePo Prostu\u201d? Mam nadziej\u0119, \u017ce TVN nie ugnie si\u0119 przed bojkotem PiS i nie zacznie traktowa\u0107 tej partii na zasadach specjalnych. Je\u017celi go\u015bci jest dw\u00f3ch, to z regu\u0142y s\u0105 z r\u00f3\u017cnych parafii, je\u017celi \u2013 jak w \u201eLo\u017cy Prasowej\u201d \u2013 go\u015bci [&hellip;]<\/p>\n","protected":false},"author":4,"featured_media":0,"comment_status":"open","ping_status":"open","sticky":false,"template":"","format":"standard","meta":{"footnotes":""},"categories":[1],"tags":[],"_links":{"self":[{"href":"https:\/\/blog.polityka.pl\/passent\/wp-json\/wp\/v2\/posts\/463"}],"collection":[{"href":"https:\/\/blog.polityka.pl\/passent\/wp-json\/wp\/v2\/posts"}],"about":[{"href":"https:\/\/blog.polityka.pl\/passent\/wp-json\/wp\/v2\/types\/post"}],"author":[{"embeddable":true,"href":"https:\/\/blog.polityka.pl\/passent\/wp-json\/wp\/v2\/users\/4"}],"replies":[{"embeddable":true,"href":"https:\/\/blog.polityka.pl\/passent\/wp-json\/wp\/v2\/comments?post=463"}],"version-history":[{"count":0,"href":"https:\/\/blog.polityka.pl\/passent\/wp-json\/wp\/v2\/posts\/463\/revisions"}],"wp:attachment":[{"href":"https:\/\/blog.polityka.pl\/passent\/wp-json\/wp\/v2\/media?parent=463"}],"wp:term":[{"taxonomy":"category","embeddable":true,"href":"https:\/\/blog.polityka.pl\/passent\/wp-json\/wp\/v2\/categories?post=463"},{"taxonomy":"post_tag","embeddable":true,"href":"https:\/\/blog.polityka.pl\/passent\/wp-json\/wp\/v2\/tags?post=463"}],"curies":[{"name":"wp","href":"https:\/\/api.w.org\/{rel}","templated":true}]}}