
{"id":464,"date":"2008-07-20T23:16:13","date_gmt":"2008-07-20T21:16:13","guid":{"rendered":"http:\/\/passent.blog.polityka.pl\/?p=464"},"modified":"2008-07-21T00:55:31","modified_gmt":"2008-07-20T22:55:31","slug":"brak-slow","status":"publish","type":"post","link":"https:\/\/blog.polityka.pl\/passent\/2008\/07\/20\/brak-slow\/","title":{"rendered":"Brak s\u0142\u00f3w"},"content":{"rendered":"<p><img loading=\"lazy\" decoding=\"async\" src=\"http:\/\/passent.blog.polityka.pl\/wp-content\/uploads\/0mary450.jpg\" alt=\"0mary450.jpg\" title=\"0mary450.jpg\" align=\"middle\" border=\"0\" width=\"450\" height=\"294\" \/><\/p>\n<p><em>Fot. Jacek Wajszczak \/ REPORTER<\/em><\/p>\n<p><strong>Kiedy Polska, a w ka\u017cdym razie du\u017ca jej cz\u0119\u015b\u0107, \u017cegna Bronis\u0142awa Geremka, kt\u00f3ry jest chlub\u0105 naszego kraju, nie mo\u017cna zapomina\u0107 o tym, co przynosi nam wstyd<\/strong>.<\/p>\n<p>Kilka dni temu Gazeta przynios\u0142a fotografi\u0119 grupki demonstrant\u00f3w z Rodziny Radia Maryja przed ko\u015bcio\u0142em Wizytek w Warszawie. Trzymali oni transparent z napisem \u201eDzi\u0119ki Ci, Bo\u017ce, \u017ce go od nas ju\u017c zabra\u0142e\u015b\u201d. Demonstracja niby niewielka, wydarzenie niby b\u0142ahe, w por\u00f3wnaniu z tym, \u017ce prof. Geremek b\u0119dzie mia\u0142 pogrzeb z najwy\u017cszymi honorami, a demonstrant\u00f3w by\u0142a garstka. Ale taki pogrzeb jest dla mnie oczywisty, natomiast zachowanie cz\u0142onk\u00f3w rodziny Radia Maryja ci\u0105gle budzi zdumienie. W reakcji na ten transparent zabrak\u0142o g\u0142osu proboszcza ko\u015bcio\u0142a Wizytek, brak g\u0142osu radnych dzielnicy, prezydenta miasta, a nawet wy\u017cszych czynnik\u00f3w. Na pewno nie aprobuj\u0105 takiego post\u0119powania, na pewno nie zabraknie ich na pogrzebie Profesora, ale zabrak\u0142o ich wtedy, kiedy trzeba by\u0142o zareagowa\u0107 na pod\u0142o\u015b\u0107 przez ko\u015bcio\u0142em.<\/p>\n<p>Kiedy dzi\u0119kuje si\u0119 za \u015bmier\u0107 \u2013 nie wolno milcze\u0107.<\/p>\n<p>Powie kto\u015b \u2013 to szale\u0144cy, ludzie marginesu. Nieprawda! To klientela Jerzego Roberta Nowaka, kt\u00f3ra zaludnia go\u015bcinne dla niego ko\u015bcio\u0142y, gdzie od o\u0142tarza wyg\u0142asza on swoje kazania nienawi\u015bci, wypomina Janowi Nowakowi &#8211; Jeziora\u0144skiemu, \u017ce sta\u0142 zawsze po stronie \u017byd\u00f3w, a W\u0142adys\u0142awa Bartoszewskiego nazywa safandu\u0142\u0105 i Papkinem. Antyunijne pogl\u0105dy Nowaka, jego teoria jakoby 87 (!) procent elit w Polsce stanowili komuni\u015bci, antyunijne fobie jego klienteli znajduj\u0105 przed\u0142u\u017cenie w g\u0142\u00f3wnym nurcie polityki, (podobnie jak ich nienawi\u015b\u0107 do TVN). A Episkopat milczy. Podczas kiedy jedni dygnitarze Ko\u015bcio\u0142a uczestnicz\u0105 w pogrzebie Profesora, inni toleruj\u0105 antysemickie ekscesy i wybryki. Kiedy trzeba da\u0107 odp\u00f3r ksi\u0105\u017cce Grossa, znajduj\u0105 si\u0119 duchowni i pa\u0144stwowy IPN, kt\u00f3ry wydaje ksi\u0105\u017ck\u0119 prof. Chodakiewicza w obronie dobrego imienia Polski. Kiedy dobrego imienia trzeba broni\u0107 przed Rodzin\u0105 Radia Maryja lub organizatorami i uczestnikami odczyt\u00f3w J.R. Nowaka \u2013 wtedy ich nie ma. Dla takiej ob\u0142udy brak po prostu s\u0142\u00f3w.<\/p>\n<p>Brak tak\u017ce s\u0142\u00f3w na okre\u015blenie tego, co dzieje si\u0119 na linii prezydent \u2013 rz\u0105d. To wstyd, to \u017cenada. Nie zgadzam si\u0119 z tymi, kt\u00f3rzy uwa\u017caj\u0105, \u017ce wart Pac \u2013 pa\u0142aca i win\u0119 rozk\u0142adaj\u0105 po r\u00f3wni. Korzystaj\u0105c z niejednoznacznych sformu\u0142owa\u0144 Konstytucji, Prezydent usi\u0142uje zagarn\u0105\u0107 jak najwi\u0119cej w\u0142adzy w dziedzinie polityki zagranicznej i obronnej, parali\u017cuj\u0105c polityk\u0119 rz\u0105du. \u201ePrzes\u0142uchanie\u201d ministra Sikorskiego przez prezydenta (\u201eczy jest pan t\u0142umaczem?\u201d itd.) to kompromitacja. Jaka\u017c to zach\u0119ta dla innych pa\u0144stw, \u017ceby rozgrywa\u0142y przeciwko sobie prezydenta i premiera! Jaki\u017c to wstyd! Nie rozgrzeszam ministra Sikorskiego z ka\u017cdego s\u0142owa i posuni\u0119cia, nie musia\u0142 demonstracyjnie wychodzi\u0107 z obiadu w Brukseli, \u017ceby stawi\u0107 si\u0119 u prezydenta, nie powinien by\u0142 powiedzie\u0107, \u017ce mo\u017cna by\u0107 prezydentem i mo\u017cna by\u0107 chamem, ale jego win\u0119 umniejsza to, \u017ce w obu przypadkach by\u0142 sprowokowany i dzia\u0142a\u0142 w afekcie.<\/p>\n<p>Wstyd za prezydenta, kt\u00f3ry przes\u0142uchuje ministra, niczym posterunkowy, i dyktuje protokolantowi, co ma zapisa\u0107. Wstyd, za amatorszczyzn\u0119, kiedy ten sam prezydent z jednego dnia zwleka z podpisaniem Traktatu Lizbo\u0144skiego, a drugiego \u2013 obiecuje Sarkozy\u2019emu, \u017ce nak\u0142oni do podpisu Vaclava Klausa. Takim post\u0119powaniem, podobnie jak orzekaniem, \u017ce Lech Wa\u0142\u0119sa by\u0142 Bolkiem, czy \u2013 wcze\u015bniej &#8211; bojkotowaniem Trybuna\u0142u Konstytucyjnego &#8211; prezydent \u017ale zapisuje si\u0119 w historii. Cho\u0107 brak s\u0142\u00f3w \u2013 zapisa\u0107 trzeba.<\/p>\n","protected":false},"excerpt":{"rendered":"<p>Fot. Jacek Wajszczak \/ REPORTER Kiedy Polska, a w ka\u017cdym razie du\u017ca jej cz\u0119\u015b\u0107, \u017cegna Bronis\u0142awa Geremka, kt\u00f3ry jest chlub\u0105 naszego kraju, nie mo\u017cna zapomina\u0107 o tym, co przynosi nam wstyd. Kilka dni temu Gazeta przynios\u0142a fotografi\u0119 grupki demonstrant\u00f3w z Rodziny Radia Maryja przed ko\u015bcio\u0142em Wizytek w Warszawie. Trzymali oni transparent z napisem \u201eDzi\u0119ki Ci, [&hellip;]<\/p>\n","protected":false},"author":4,"featured_media":0,"comment_status":"open","ping_status":"open","sticky":false,"template":"","format":"standard","meta":{"footnotes":""},"categories":[1],"tags":[],"_links":{"self":[{"href":"https:\/\/blog.polityka.pl\/passent\/wp-json\/wp\/v2\/posts\/464"}],"collection":[{"href":"https:\/\/blog.polityka.pl\/passent\/wp-json\/wp\/v2\/posts"}],"about":[{"href":"https:\/\/blog.polityka.pl\/passent\/wp-json\/wp\/v2\/types\/post"}],"author":[{"embeddable":true,"href":"https:\/\/blog.polityka.pl\/passent\/wp-json\/wp\/v2\/users\/4"}],"replies":[{"embeddable":true,"href":"https:\/\/blog.polityka.pl\/passent\/wp-json\/wp\/v2\/comments?post=464"}],"version-history":[{"count":0,"href":"https:\/\/blog.polityka.pl\/passent\/wp-json\/wp\/v2\/posts\/464\/revisions"}],"wp:attachment":[{"href":"https:\/\/blog.polityka.pl\/passent\/wp-json\/wp\/v2\/media?parent=464"}],"wp:term":[{"taxonomy":"category","embeddable":true,"href":"https:\/\/blog.polityka.pl\/passent\/wp-json\/wp\/v2\/categories?post=464"},{"taxonomy":"post_tag","embeddable":true,"href":"https:\/\/blog.polityka.pl\/passent\/wp-json\/wp\/v2\/tags?post=464"}],"curies":[{"name":"wp","href":"https:\/\/api.w.org\/{rel}","templated":true}]}}