
{"id":4642,"date":"2018-06-17T23:54:10","date_gmt":"2018-06-17T21:54:10","guid":{"rendered":"https:\/\/passent.blog.polityka.pl\/?p=4642"},"modified":"2018-06-18T23:30:04","modified_gmt":"2018-06-18T21:30:04","slug":"chory-system","status":"publish","type":"post","link":"https:\/\/blog.polityka.pl\/passent\/2018\/06\/17\/chory-system\/","title":{"rendered":"Chory system"},"content":{"rendered":"<p>Nie chodzi o kolano \u2013 chodzi o system. System, jaki stworzy\u0142 Jaros\u0142aw Kaczy\u0144ski, to znaczy ca\u0142a w\u0142adza skupiona w r\u0119kach jednego pos\u0142a, funkcjonuje, dop\u00f3ki ten pose\u0142 jest zdrowy.<br \/>\n<!--more--><br \/>\nKiedy prezesa braknie na Nowogrodzkiej i w \u017cyciu publicznym, to nawet je\u017celi podejmuje decyzje w szpitalu, pojawia si\u0119 pr\u00f3\u017cnia, zaczyna si\u0119 m\u00f3wi\u0107 i my\u015ble\u0107 o sukcesji. Bo to, co przewiduje konstytucja (prezydent, marsza\u0142kowie, premier), nijak si\u0119 ma do faktycznego uk\u0142adu si\u0142. Kiedy silny przyw\u00f3dca na pewien czas jest, powiedzmy, nie w pe\u0142ni si\u0142, jego otoczenie my\u015bli, co dalej, co ze mn\u0105, co my\u015bl\u0105 inni, czy knuj\u0105 przeciwko mnie, kto ze mn\u0105, kto przeciw mnie.<\/p>\n<p>Ob\u00f3z rz\u0105dz\u0105cy nie jest monolitem. Ziobro, Gowin, Morawiecki, Brudzi\u0144ski nie kryj\u0105 swoich ambicji. Wszystkie oczy nie s\u0105 ju\u017c skierowane na jedn\u0105 osob\u0119, zw\u0142aszcza \u017ce informacje dotycz\u0105ce stanu zdrowia prezesa s\u0105 niejasne. Od wiadomo\u015bci, \u017ce to tylko kolano, po wypowied\u017a ministra zdrowia, \u017ce hospitalizacja poza kolejno\u015bci\u0105 by\u0142a konieczna, \u017ceby \u017cycie chorego nie by\u0142o zagro\u017cone.<\/p>\n<p>Tylko dure\u0144 nie stawia sobie pytania \u2013 co dalej? Jak nie tym razem, to w przysz\u0142o\u015bci, co z parti\u0105, co z pa\u0144stwem? Teraz wida\u0107, \u017ce niewinne z pozoru posuni\u0119cie, jakim jest skupienie ca\u0142ej w\u0142adzy w r\u0119kach osoby pozostaj\u0105cej w cieniu, poza konstytucyjnym aparatem w\u0142adzy, nie tylko uwalnia t\u0119 osob\u0119 od odpowiedzialno\u015bci, ale i nie stwarza mechanizmu sukcesji, nie tylko formalnej, ale i faktycznej. Prezes PiS ma swoich zast\u0119pc\u00f3w, ale czy wybrany (naznaczony) nast\u0119pca podporz\u0105dkuje sobie prezydenta, premiera, innych zast\u0119pc\u00f3w?<\/p>\n<p>System scentralizowany, kt\u00f3remu podlegaj\u0105 partia i pa\u0144stwo, otwiera drog\u0119 do licznych napi\u0119\u0107 i tar\u0107. Kiedy nie ma kota, myszy zaczynaj\u0105 harcowa\u0107. System autorytarny, demokracji nieliberalnej, opartej na w\u0142adzy jednego cz\u0142owieka &#8211; szefa partii rz\u0105dz\u0105cej &#8211; zaczyna si\u0119 rozpowszechnia\u0107 w Europie \u015arodkowo-Wschodniej, nie tylko W\u0119gry i Polska, ale i niekt\u00f3re inne pa\u0144stwa (S\u0142owacja, Czechy?) zmierzaj\u0105 w tym kierunku. Jak pisze czeski komentator Martin Ehl, ostatni raz widzieli\u015bmy co\u015b takiego w latach 80., kiedy przyw\u00f3dcy sowieccy \u201ejeden po drugim\u201d zacz\u0119li cierpie\u0107 na zdrowiu.<\/p>\n<p>\u201eTo nie znaczy, \u017ce \u017ale \u017cycz\u0119 Kaczy\u0144skiemu\u201d, ale chodzi o system, jaki stworzy\u0142 \u2013 pisze Ehl. \u201eScentralizowany, \u017c\u0105dny w\u0142adzy, przypominaj\u0105cy czasy komunistyczne. Choroba Kaczy\u0144skiego mo\u017ce mie\u0107 o wiele wi\u0119ksze konsekwencje dla Polski, ni\u017c si\u0119 wydaje, dla instytucji krajowych i dla pozycji w Unii Europejskiej. To ostrze\u017cenie dla kraj\u00f3w s\u0105siednich, Czech i S\u0142owacji, kt\u00f3re flirtuj\u0105 z systemem autorytarnym. Jak jeden silny cz\u0142owiek mo\u017ce wyprowadzi\u0107 kraj na manowce. To mo\u017ce otworzy\u0107 drzwi dla demon\u00f3w przesz\u0142o\u015bci \u2013 brunatnych, czarnych lub czerwonych&#8221; \u2013 ostrzega czeski publicysta z pisma \u201eHospodarskie Nowiny&#8221;. Nie chodzi o kolano \u2013 chodzi o system.<\/p>\n<p><strong>Zaproszenie<\/strong><br \/>\nJerzy Baczy\u0144ski (redaktor naczelny POLITYKI), Bogus\u0142aw Chrabota (redaktor naczelny &#8222;Rzeczpospolitej&#8221;) b\u0119d\u0105 naszymi go\u015b\u0107mi zaraz po meczu z Senegalem, we wtorek 19 czerwca o godz. 20.05 w Radiu TOK FM.<\/p>\n","protected":false},"excerpt":{"rendered":"<p>Kiedy prezesa braknie na Nowogrodzkiej i w \u017cyciu publicznym, to nawet je\u017celi podejmuje decyzje w szpitalu, pojawia si\u0119 pr\u00f3\u017cnia.<\/p>\n","protected":false},"author":4,"featured_media":4646,"comment_status":"open","ping_status":"closed","sticky":false,"template":"","format":"standard","meta":{"footnotes":""},"categories":[1],"tags":[],"_links":{"self":[{"href":"https:\/\/blog.polityka.pl\/passent\/wp-json\/wp\/v2\/posts\/4642"}],"collection":[{"href":"https:\/\/blog.polityka.pl\/passent\/wp-json\/wp\/v2\/posts"}],"about":[{"href":"https:\/\/blog.polityka.pl\/passent\/wp-json\/wp\/v2\/types\/post"}],"author":[{"embeddable":true,"href":"https:\/\/blog.polityka.pl\/passent\/wp-json\/wp\/v2\/users\/4"}],"replies":[{"embeddable":true,"href":"https:\/\/blog.polityka.pl\/passent\/wp-json\/wp\/v2\/comments?post=4642"}],"version-history":[{"count":3,"href":"https:\/\/blog.polityka.pl\/passent\/wp-json\/wp\/v2\/posts\/4642\/revisions"}],"predecessor-version":[{"id":4645,"href":"https:\/\/blog.polityka.pl\/passent\/wp-json\/wp\/v2\/posts\/4642\/revisions\/4645"}],"wp:featuredmedia":[{"embeddable":true,"href":"https:\/\/blog.polityka.pl\/passent\/wp-json\/wp\/v2\/media\/4646"}],"wp:attachment":[{"href":"https:\/\/blog.polityka.pl\/passent\/wp-json\/wp\/v2\/media?parent=4642"}],"wp:term":[{"taxonomy":"category","embeddable":true,"href":"https:\/\/blog.polityka.pl\/passent\/wp-json\/wp\/v2\/categories?post=4642"},{"taxonomy":"post_tag","embeddable":true,"href":"https:\/\/blog.polityka.pl\/passent\/wp-json\/wp\/v2\/tags?post=4642"}],"curies":[{"name":"wp","href":"https:\/\/api.w.org\/{rel}","templated":true}]}}