
{"id":465,"date":"2008-07-23T18:41:29","date_gmt":"2008-07-23T16:41:29","guid":{"rendered":"http:\/\/passent.blog.polityka.pl\/?p=465"},"modified":"2008-07-23T18:41:29","modified_gmt":"2008-07-23T16:41:29","slug":"znaki-pokoju-i-znaki-wojny","status":"publish","type":"post","link":"https:\/\/blog.polityka.pl\/passent\/2008\/07\/23\/znaki-pokoju-i-znaki-wojny\/","title":{"rendered":"Znaki pokoju i znaki wojny"},"content":{"rendered":"<p>Chcia\u0142bym poruszy\u0107 kwestie delikatne, chocia\u017c wiem, \u017ce blog nie jest do tego odpowiednim forum, poniewa\u017c mo\u017ce tu trafi\u0107 ka\u017cdy, i bezkarnie, anonimowo, obra\u017ca\u0107 innych, a moderacja jest bardzo liberalna. Ale spr\u00f3buj\u0119.<\/p>\n<p>\u201ePogrzeb Bronis\u0142awa Geremka pokaza\u0142 dobr\u0105 twarz Ko\u015bcio\u0142a katolickiego\u201d \u2013 pisa\u0142 nazajutrz Jan Turnau w \u201eGazecie Wyborczej\u201d. Turnau bardzo ogl\u0119dnie uzasadnia\u0142, dlaczego ta twarz jest dobra:<\/p>\n<blockquote><p>Cz\u0142owiek spoza formalnych granic Ko\u015bcio\u0142a, o rodowodzie laickim, lewicowym, by\u0142 wspominany w najwa\u017cniejszej \u015bwi\u0105tyni polskiej z taka atencj\u0105, jak gdyby by\u0142 szambelanem papieskim.<\/p><\/blockquote>\n<p>Autor poczu\u0142 si\u0119 dumny ze swojego Ko\u015bcio\u0142a, a udzia\u0142 hierarch\u00f3w uznaje za \u201eko\u015bcielne i spo\u0142eczne wydarzenie\u201d.<\/p>\n<p>Prywatnie wiele os\u00f3b zauwa\u017cy\u0142o, \u017ce pogrzeb prof. Geremka rozpocz\u0105\u0142 si\u0119 od mszy w Katedrze katolickiej, ale nie widzia\u0142em, \u017ceby kto\u015b pisa\u0142 o tym publicznie. Jan Turnau te\u017c jest delikatny, nie wspomina, \u017ce Zmar\u0142y by\u0142 Dobrym Polakiem i \u017bydem zarazem, co jeszcze bardziej podkre\u015bla wyj\u0105tkowy charakter pogrzebu. Pami\u0119tajmy tak\u017ce o kondolencjach, jakie nadesz\u0142y z Watykanu. Dobrze by by\u0142o, gdyby ten pogrzeb sta\u0142 si\u0119 wa\u017cnym krokiem w kierunku Ko\u015bcio\u0142a otwartego na laik\u00f3w, na ludzi o rodowodzie innym ni\u017c Polak &#8211; Katolik, i b\u0119d\u0105cych poza Ko\u015bcio\u0142em. Je\u017celi trzeba by\u0107 A\u017b Profesorem Geremkiem, \u017ceby dost\u0105pi\u0107 takiego zaszczytu, to znaczy, \u017ce jeste\u015bmy dopiero u pocz\u0105tku tej drogi.<\/p>\n<p>Dostrzegam tu podw\u00f3jn\u0105 miar\u0119. Profesor medycyny w \u0141odzi, katolik, kt\u00f3ry nie podziela\u0142 doktryny Ko\u015bcio\u0142a, ale uratowa\u0142 wiele kobiet, mia\u0142 po \u015bmierci wielkie k\u0142opoty z poch\u00f3wkiem. Mo\u017ce nie by\u0142 tak wybitny i zas\u0142u\u017cony jak Profesor Geremek? Najwi\u0119kszy grzesznik, je\u015bli grzeszy w Ko\u015bciele, jak ojciec &#8211; dyrektor czy Jerzy Robert Nowak, mo\u017ce liczy\u0107 na przychylno\u015b\u0107. Inni musz\u0105 najpierw by\u0107 bohaterami. Podzielam zadowolenie Jana Turnaua, ale co\u015b mi tu nie pasuje. Czy to nie jest znak pokoju przekazany tylko na chwil\u0119? Pora na dalsze znaki, np. z Torunia.<\/p>\n<p>***<\/p>\n<p>W kolejnym wybryku pose\u0142 Palikot przekaza\u0142 prezydentowi Kaczy\u0144skiemu znak pokoju, uznaj\u0105c go za \u201echama\u201d. Uwa\u017cam taki j\u0119zyk za niedopuszczalny. Kiedy jaki\u015b czas temu <a href=\"http:\/\/passent.blog.polityka.pl\/?p=448\" target=\"_blank\"><strong>krytykowa\u0142em pos\u0142a Palikota<\/strong><\/a> \u2013 dosta\u0142o mi si\u0119 od niekt\u00f3rych blogowicz\u00f3w, \u017ce Palikot m\u00f3wi to, co my\u015bli, b\u0105d\u017a to, co oni my\u015bl\u0105 etc. Ja jednak i tym razem uwa\u017cam epitety za niestosowne, to jest w\u0142a\u015bnie ten rynsztok, walka w b\u0142ocie, w kt\u00f3rej kr\u00f3luj\u0105 i dobrze czuj\u0105 si\u0119 pp. Kempa, Brudzi\u0144ski i inne koguty. Jestem zdecydowanym krytykiem prezydentury L.K., ale uwa\u017cam, \u017ce podobn\u0105 tre\u015b\u0107 m\u00f3g\u0142 p. Palikot wyrazi\u0107 innymi s\u0142owy. Polszczyzna jest wystarczaj\u0105co bogata, \u017ceby sformu\u0142owa\u0107 dezaprobat\u0119, a nawet oburzenie na prezydenta.<\/p>\n<p>Mam r\u00f3wnie\u017c nadziej\u0119, \u017ce minister Sikorski, nawet najbardziej poniewierany i prowokowany przez prezydenta, nie powiedzia\u0142 (i to w obecno\u015bci Anny Fotygi), \u017ce prezydent mo\u017ce by\u0107 chamem. \u015aledztwo w wykonaniu prezydenta, jego nieustanna wrogo\u015b\u0107, mog\u0105 Sikorskiego wzburza\u0107, ale nie mo\u017ce da\u0107 si\u0119 \u015bci\u0105gn\u0105\u0107 do tego poziomu. Donald Tusk, kt\u00f3ry sam imponuje spokojem, wyra\u017anie ma trudno\u015bci z pow\u015bci\u0105gni\u0119ciem swojej dru\u017cyny. Zgadzam si\u0119 z \u201eTeodor\u0105\u201d, kt\u00f3ra na tym blogu przypomnia\u0142a, \u017ce nie kto inny, jak Platforma, ludzie Donalda Tuska, panowie Brochwicz i Miodowicz, w karygodny spos\u00f3b utr\u0105cili w wyborach prezydenckich W\u0142odzimierza Cimoszewicza i tym samym przyczynili si\u0119 do zwyci\u0119stwa L.K. Teraz Donald Tusk ma za swoje.<\/p>\n<p>***<\/p>\n<p>Bez wi\u0119kszego echa w mediach przechodzi fakt, \u017ce komisja spraw zagranicznych USA przyj\u0119\u0142a rezolucj\u0119 wzywaj\u0105c\u0105 Polsk\u0119 do przyj\u0119cia ustawy o reprywatyzacji. Tymczasem trwaj\u0105 negocjacje w sprawie tarczy. Czy zbieg tych wydarze\u0144 jest przypadkowy, czy te\u017c Waszyngton daje Polsce do zrozumienia, \u017ce mo\u017cemy si\u0119 dogada\u0107 w obu sprawach, bo je\u015bli nie, to b\u0119dzie naciska\u0142 raz jeden, raz drugi peda\u0142? Co prawda prywatyzacja jest spraw\u0105 polsk\u0105, premier Tusk zapowiada\u0142 jej rych\u0142e rozstrzygni\u0119cie, ale tak si\u0119 sk\u0142ada, \u017ce niekt\u00f3rzy jej beneficjenci mieszkaj\u0105 w USA i w Izraelu, a tam Waszyngton ma du\u017co do powiedzenia. Nie chc\u0119 insynuowa\u0107, \u017ce kto\u015b za oceanem mo\u017ce \u0142\u0105czy\u0107 te dwie sprawy, ale ch\u0119tnie bym na ten temat przeczyta\u0142 jaki\u015b przeciek<\/p>\n","protected":false},"excerpt":{"rendered":"<p>Chcia\u0142bym poruszy\u0107 kwestie delikatne, chocia\u017c wiem, \u017ce blog nie jest do tego odpowiednim forum, poniewa\u017c mo\u017ce tu trafi\u0107 ka\u017cdy, i bezkarnie, anonimowo, obra\u017ca\u0107 innych, a moderacja jest bardzo liberalna. Ale spr\u00f3buj\u0119. \u201ePogrzeb Bronis\u0142awa Geremka pokaza\u0142 dobr\u0105 twarz Ko\u015bcio\u0142a katolickiego\u201d \u2013 pisa\u0142 nazajutrz Jan Turnau w \u201eGazecie Wyborczej\u201d. Turnau bardzo ogl\u0119dnie uzasadnia\u0142, dlaczego ta twarz jest [&hellip;]<\/p>\n","protected":false},"author":4,"featured_media":0,"comment_status":"open","ping_status":"open","sticky":false,"template":"","format":"standard","meta":{"footnotes":""},"categories":[1],"tags":[],"_links":{"self":[{"href":"https:\/\/blog.polityka.pl\/passent\/wp-json\/wp\/v2\/posts\/465"}],"collection":[{"href":"https:\/\/blog.polityka.pl\/passent\/wp-json\/wp\/v2\/posts"}],"about":[{"href":"https:\/\/blog.polityka.pl\/passent\/wp-json\/wp\/v2\/types\/post"}],"author":[{"embeddable":true,"href":"https:\/\/blog.polityka.pl\/passent\/wp-json\/wp\/v2\/users\/4"}],"replies":[{"embeddable":true,"href":"https:\/\/blog.polityka.pl\/passent\/wp-json\/wp\/v2\/comments?post=465"}],"version-history":[{"count":0,"href":"https:\/\/blog.polityka.pl\/passent\/wp-json\/wp\/v2\/posts\/465\/revisions"}],"wp:attachment":[{"href":"https:\/\/blog.polityka.pl\/passent\/wp-json\/wp\/v2\/media?parent=465"}],"wp:term":[{"taxonomy":"category","embeddable":true,"href":"https:\/\/blog.polityka.pl\/passent\/wp-json\/wp\/v2\/categories?post=465"},{"taxonomy":"post_tag","embeddable":true,"href":"https:\/\/blog.polityka.pl\/passent\/wp-json\/wp\/v2\/tags?post=465"}],"curies":[{"name":"wp","href":"https:\/\/api.w.org\/{rel}","templated":true}]}}