
{"id":4655,"date":"2018-06-25T10:35:31","date_gmt":"2018-06-25T08:35:31","guid":{"rendered":"https:\/\/passent.blog.polityka.pl\/?p=4655"},"modified":"2018-06-25T11:31:16","modified_gmt":"2018-06-25T09:31:16","slug":"z-pilka-do-nieba","status":"publish","type":"post","link":"https:\/\/blog.polityka.pl\/passent\/2018\/06\/25\/z-pilka-do-nieba\/","title":{"rendered":"Z pi\u0142k\u0105 do nieba"},"content":{"rendered":"<p>Stosunek do pi\u0142ki no\u017cnej i do sportu wyczynowego w Polsce przypomina Ameryk\u0119 \u0141aci\u0144sk\u0105&#8230; Tam te\u017c futbol &#8211; i sport wyczynowy w og\u00f3le &#8211; ma cho\u0107by cz\u0119\u015bciowo zaspokoi\u0107 g\u0142\u00f3d sukcesu, zar\u00f3wno narodowego, jak i indywidualnego. Pa\u0144stwa latynoskie uzyska\u0142y niepodleg\u0142o\u015b\u0107 mniej wi\u0119cej 200 lat temu, s\u0105 wi\u0119c stosunkowo m\u0142ode, przez wi\u0119kszo\u015b\u0107 swojej historii by\u0142y (s\u0105) ubogie, wykorzystywane, marginalizowane, ich ambicje cz\u0119sto znajdowa\u0142y uj\u015bcie w bratob\u00f3jczych wojnach, kt\u00f3rych substytutem jest futbol.<br \/>\n<!--more--><br \/>\nKariera sportowa (podobnie jak w\u015br\u00f3d mniejszo\u015bci postniewolniczej w USA) stanowi\u0142a jedn\u0105 z nielicznych dr\u00f3g awansu, mo\u017cna powiedzie\u0107: \u201eprzez sport do nieba\u201d. Kiedy najlepszy tenisista chilijski Marcelo Rios w 1998 r. awansowa\u0142 na pierwsze miejsce w rankingu \u015bwiatowym (ATP), zosta\u0142 powitany w kraju po kr\u00f3lewsku. Na placu przed pa\u0142acem La Moneda zgromadzi\u0142y si\u0119 tysi\u0105ce mieszka\u0144c\u00f3w, a kiedy \u00f3wczesny prezydent Eduardo Frei pojawi\u0142 si\u0119 razem z Riosem na balkonie (tym samym, na kt\u00f3rym przed laty gen. Pinochet pojawi\u0142 si\u0119 z Janem Paw\u0142em II), zebrani od\u015bpiewali hymn i czuli si\u0119 w p\u00f3\u0142 drogi do nieba, pomog\u0142o im to cho\u0107by na chwil\u0119 zapomnie\u0107 o wszystkim innym. Podobne sceny b\u0119d\u0105 mia\u0142y miejsce w Kolumbii po powrocie pi\u0142karzy, kt\u00f3rzy rozgromili m.in. Polak\u00f3w.<\/p>\n<p>Nasza reprezentacja nie doczeka si\u0119 takiego entuzjazmu, cho\u0107 Polacy r\u00f3wnie\u017c s\u0105 z\u0142aknieni wygranych. Przed mundialem oczekiwania by\u0142y rozd\u0119te do rozmiar\u00f3w Zeppelina. \u201eOr\u0142y do boju!\u201d, historyczny moment, pierwsza szansa od pokole\u0144, bla, bla, bla. Sojusz medi\u00f3w i komercji wpad\u0142 w obj\u0119cia narodu spragnionego sukcesu \u2013 nad Uni\u0105 Europejsk\u0105, nad Niemcami, nad Rosj\u0105, nad Francj\u0105, nad swoj\u0105 histori\u0105. Wolny rynek oszala\u0142 \u2013 wsz\u0119dzie reklamy z udzia\u0142em trenera i \u201ebia\u0142o-czerwonych\u201d. Trener selekcjoner chyba nawet przebra\u0142 miar\u0119, postanowi\u0142 wykorzysta\u0107 koniunktur\u0119, jak si\u0119 okaza\u0142o \u2013 kr\u00f3tk\u0105. Co teraz ze sprzeda\u017c\u0105 produkt\u00f3w, kt\u00f3re reklamowali? Koncerny Orlen i Lotos prze\u015bciga\u0142y si\u0119 w hojno\u015bci i pompowaniu paliwa patriotycznego. Stacje benzynowe Orlenu wygl\u0105da\u0142y jak przybrane do \u015bwi\u0119ta pa\u0144stwowego. Dawniej by\u0142a benzyna niebieska i \u017c\u00f3\u0142ta, teraz jest bia\u0142o-czerwona. Niestety, na tym paliwie nie da\u0142o si\u0119 daleko zajecha\u0107. Niekt\u00f3rzy dowodzili na papierze, \u017ce dru\u017cyna polska jest dro\u017csza (warta wi\u0119cej) od kolumbijskiej.<\/p>\n<p>Senegal i Kolumbia, a wi\u0119c nie \u017cadne mocarstwa, pozbawi\u0142y nas z\u0142udze\u0144. Najmniejsze pretensje mam do pi\u0142karzy, zw\u0142aszcza w meczu z Kolumbi\u0105 \u2013 robili, co mogli, ale byli po prostu gorsi. &#8222;Sam\u0105 walka nie wygra si\u0119 meczu na mistrzostwach, potrzebna jest jako\u015b\u0107&#8221; &#8211; powiedzia\u0142 po meczu Robert Lewandowski. (S\u0142owo \u201ejako\u015b\u0107\u201d robi teraz karier\u0119 w cienkim s\u0142owniku sprawozdawc\u00f3w). Dla wizerunku Polski, na kt\u00f3ry tak stawia rz\u0105d, nie by\u0142 to dobry dzie\u0144. Dla kariery pi\u0142karzy &#8211; trudna chwila. Po przegranym meczu z Senegalem niekt\u00f3rzy \u201ekomentatorzy\u201d twierdzili, \u017ce nasi pi\u0142karze czuj\u0105 w nogach trudy zgrupowania w Ar\u0142amowie. To ostatnie zgrupowanie przed mistrzostwami mia\u0142o ich wyko\u0144czy\u0107, zamiast na\u0142adowa\u0107 energi\u0105? Nie rozumiem. Panowie Boniek i Nawa\u0142ka b\u0119d\u0105 mieli zapewne wiele do powiedzenia.<\/p>\n<p>W swoim po\u017cegnalnym przem\u00f3wieniu prezydent USA gen. Dwight Eisenhower ostrzeg\u0142 przed kompleksem wojskowo-przemys\u0142owym. Czas ostrzec przed kompleksem biznesu, medi\u00f3w i hurrapatriot\u00f3w, przez kt\u00f3rych oni maj\u0105 dzi\u015b kas\u0119, a nar\u00f3d ma kaca.<\/p>\n<p><strong>Zaproszenie<\/strong><br \/>\nJoanna Mucha (by\u0142a minister sportu), Jaros\u0142aw Guga\u0142a (Polsat), dr Anna Materska-Sosnowska (UW) b\u0119d\u0105 go\u015b\u0107mi Radia TOK FM we wtorek 26 czerwca o godz. 20.05.<\/p>\n","protected":false},"excerpt":{"rendered":"<p>Niestety, na tym paliwie nie da\u0142o si\u0119 daleko zajecha\u0107.<\/p>\n","protected":false},"author":4,"featured_media":4659,"comment_status":"open","ping_status":"closed","sticky":false,"template":"","format":"standard","meta":{"footnotes":""},"categories":[1],"tags":[],"_links":{"self":[{"href":"https:\/\/blog.polityka.pl\/passent\/wp-json\/wp\/v2\/posts\/4655"}],"collection":[{"href":"https:\/\/blog.polityka.pl\/passent\/wp-json\/wp\/v2\/posts"}],"about":[{"href":"https:\/\/blog.polityka.pl\/passent\/wp-json\/wp\/v2\/types\/post"}],"author":[{"embeddable":true,"href":"https:\/\/blog.polityka.pl\/passent\/wp-json\/wp\/v2\/users\/4"}],"replies":[{"embeddable":true,"href":"https:\/\/blog.polityka.pl\/passent\/wp-json\/wp\/v2\/comments?post=4655"}],"version-history":[{"count":9,"href":"https:\/\/blog.polityka.pl\/passent\/wp-json\/wp\/v2\/posts\/4655\/revisions"}],"predecessor-version":[{"id":4665,"href":"https:\/\/blog.polityka.pl\/passent\/wp-json\/wp\/v2\/posts\/4655\/revisions\/4665"}],"wp:featuredmedia":[{"embeddable":true,"href":"https:\/\/blog.polityka.pl\/passent\/wp-json\/wp\/v2\/media\/4659"}],"wp:attachment":[{"href":"https:\/\/blog.polityka.pl\/passent\/wp-json\/wp\/v2\/media?parent=4655"}],"wp:term":[{"taxonomy":"category","embeddable":true,"href":"https:\/\/blog.polityka.pl\/passent\/wp-json\/wp\/v2\/categories?post=4655"},{"taxonomy":"post_tag","embeddable":true,"href":"https:\/\/blog.polityka.pl\/passent\/wp-json\/wp\/v2\/tags?post=4655"}],"curies":[{"name":"wp","href":"https:\/\/api.w.org\/{rel}","templated":true}]}}