
{"id":4667,"date":"2018-06-28T17:43:31","date_gmt":"2018-06-28T15:43:31","guid":{"rendered":"https:\/\/passent.blog.polityka.pl\/?p=4667"},"modified":"2018-06-29T08:48:17","modified_gmt":"2018-06-29T06:48:17","slug":"w-tyl-zwrot-biegiem-marsz","status":"publish","type":"post","link":"https:\/\/blog.polityka.pl\/passent\/2018\/06\/28\/w-tyl-zwrot-biegiem-marsz\/","title":{"rendered":"W ty\u0142 zwrot, biegiem marsz!"},"content":{"rendered":"<p>Nag\u0142a, niespodziewana zmiana stanowiska PiS w sprawie ustawy o IPN to pow\u00f3d do zadowolenia ze zmiany idiotycznych paragraf\u00f3w o karaniu za opini\u0119, \u017ce Polacy jako nar\u00f3d i jako pa\u0144stwo nie byli wy\u0142\u0105cznie ofiarami Zag\u0142ady. Ale sk\u0142ania do kilku w\u0105tpliwo\u015bci.<br \/>\n<!--more--><br \/>\nWolta polskiego rz\u0105du mo\u017ce by\u0107 zaskakuj\u0105ca, je\u017celi we\u017amiemy pod uwag\u0119 liczne wypowiedzi z obozu w\u0142adzy \u2013 od prezesa Kaczy\u0144skiego i by\u0142ej premier Szyd\u0142o, po rzeczniczk\u0119 partii. Do wczoraj wszyscy jak jeden m\u0105\u017c m\u00f3wili: \u201eani kroku w ty\u0142, nie oddamy ani guzika!\u201d. Dos\u0142ownie wszyscy. Ani jeden cz\u0142onek rz\u0105du czy kierownictwa PiS nie odwa\u017cy\u0142 si\u0119 na sprzeciw czy cho\u0107by \u0142agodne zdystansowanie od ustawy. Nadal boj\u0105 si\u0119 wychyli\u0107, boj\u0105 si\u0119 prezesa, nawet je\u015bli ten nie jest w pe\u0142ni si\u0142. Deklamuj\u0105 jednym g\u0142osem.<\/p>\n<p>Dlaczego wi\u0119c rz\u0105d zmieni\u0142 zdanie? Czy\u017cby doszed\u0142 do wniosku, \u017ce karanie wi\u0119zieniem za pogl\u0105dy na temat historii po II wojnie w dobie internetu jest absurdem, wystawia Polsce jak najgorsze \u015bwiadectwo? W\u0105tpi\u0119. Prosz\u0119 zauwa\u017cy\u0107, \u017ce nikt nie przyzna\u0142 si\u0119 do b\u0142\u0119du, nikt nie przeprosi\u0142 Polski, Polek i Polak\u00f3w &#8211; tak cz\u0119sto przywo\u0142ywanych &#8211; za mi\u0119dzynarodow\u0105 kompromitacj\u0119 naszego kraju. Ma\u0142o tego, premier Morawiecki wyra\u017anie daje do zrozumienia, \u017ce zmiana stanowiska nast\u0105pi\u0142a z powodu \u201ekonkretnej sytuacji mi\u0119dzynarodowej\u201d, czytaj: nacisku USA, Izraela, diaspory \u017cydowskiej.<\/p>\n<p>Tym razem lobby \u017cydowskie okaza\u0142o si\u0119 silniejsze, interes Polski wymaga\u0142 zamkni\u0119cia tego konfliktu, \u017ceby Bia\u0142y Dom uchyli\u0142 drzwi przed prezydentem Dud\u0105 i powr\u00f3ci\u0142 do kontakt\u00f3w na wysokim szczeblu. Podczas ostatniego pobytu prezydenta Polski w Stanach nie spotka\u0142 si\u0119 z nim \u017caden znacz\u0105cy polityk poza burmistrzem miasteczka w stanie New Jersey. St\u0105d ju\u017c tylko krok do po\u017cegnania z USA. To by\u0142o dla nas, dumnego narodu, kt\u00f3ry wsta\u0142 z kolan, upokorzenie. O pa\u0144stwie Izrael ju\u017c nie wspominam.<\/p>\n<p>Bezmy\u015blna ustawa o IPN wyrz\u0105dzi\u0142a ogromne szkody w stosunkach z naszym najwa\u017cniejszym sojusznikiem oraz w stosunkach z pa\u0144stwem Izrael, kt\u00f3re zalicza Polsk\u0119 do swoich wa\u017cnych przyjaci\u00f3\u0142 w Europie. (Gdzie, jak wiadomo, klimat wok\u00f3\u0142 Izraela jest ch\u0142odny). Gdyby chodzi\u0142o o jaki\u015b kontrakt na okr\u0119t czy helikoptery &#8211; b\u0105d\u017a nawet o gazoci\u0105g &#8211; to pal sze\u015b\u0107. Ale tu poruszamy si\u0119 po delikatnym terenie stosunk\u00f3w polsko-\u017cydowskich. Zamiast ta\u0144czy\u0107 w baletkach, polski rz\u0105d wszed\u0142 w oficerkach.<\/p>\n<p>Kolejna smutna refleksja: gdyby nie tak znienawidzona \u201ezagranica\u201d, mieliby\u015bmy ju\u017c pierwsze \u015bledztwa z powodu naruszania &#8211; wbrew \u201eprawdzie historycznej\u201d &#8211; dobrego imienia etc. Nawet najbardziej kategoryczne, \u201ehisteryczne\u201d protesty w Polsce nic by nie pomog\u0142y, podobnie jak nie pomog\u0142y w sprawie \u201edobrej zmiany\u201d w wymiarze sprawiedliwo\u015bci. Dopiero ingerencja Stan\u00f3w Zjednoczonych i Izraela zmusi\u0142y rz\u0105d polski do drastycznego odwrotu.<\/p>\n<p>Spos\u00f3b, w jaki rz\u0105d zmieni\u0142 front \u2013 w tempie rekordowym nawet jak dla PiS, w kilka godzin \u2013 pokazuje, \u017ce parlament nie jest wa\u017cny, Sejm i Senat (\u201eizba refleksji\u201d!) s\u0105 w tej sprawie milcz\u0105ce, nie by\u0142o czasu na dywagacje, upokorzony suweren strzeli\u0142 obcasami i po wszystkim. P\u00f3\u0142 roku temu przyj\u0119cie ustawy uznano za sukces, dzi\u015b wyrwanie jej k\u0142\u00f3w te\u017c zostaje og\u0142oszone przez rz\u0105d jako sukces. Niekt\u00f3rzy komentatorzy (m.in. Micha\u0142 Szu\u0142drzy\u0144ski w \u201eRzeczpospolitej\u201d) wychwalaj\u0105 przy okazji premiera Morawieckiego, kt\u00f3ry jakoby pogodzi\u0142 ogie\u0144 z wod\u0105 i zbudowa\u0142 sobie siln\u0105 pozycj\u0119 w PiS.<\/p>\n<p>Nie zapominajmy jednak, \u017ce fataln\u0105 ustaw\u0119 o IPN przygotowa\u0142 rz\u0105d Morawieckiego, to jego wicepremier Ziobro i wiceminister Jaki byli autorami nieszcz\u0119snej ustawy. Nikt, \u017caden nie uzna\u0142 tego za katastrof\u0119, \u017caden nie da\u0142 dowodu, \u017ce rozumie, na czym polega\u0142a katastrofa, a premier nie odcina si\u0119 od fatalnej ustawy, tylko zwala na zagranic\u0119, czynniki zewn\u0119trzne, uwarunkowania mi\u0119dzynarodowe. Jaki z tego wniosek? Chcesz ratowa\u0107 reputacj\u0119 Polski \u2013 musisz szuka\u0107 sojusznik\u00f3w za granic\u0105.<\/p>\n","protected":false},"excerpt":{"rendered":"<p>Dlaczego wi\u0119c rz\u0105d zmieni\u0142 zdanie?<\/p>\n","protected":false},"author":4,"featured_media":4680,"comment_status":"open","ping_status":"closed","sticky":false,"template":"","format":"standard","meta":{"footnotes":""},"categories":[1],"tags":[50],"_links":{"self":[{"href":"https:\/\/blog.polityka.pl\/passent\/wp-json\/wp\/v2\/posts\/4667"}],"collection":[{"href":"https:\/\/blog.polityka.pl\/passent\/wp-json\/wp\/v2\/posts"}],"about":[{"href":"https:\/\/blog.polityka.pl\/passent\/wp-json\/wp\/v2\/types\/post"}],"author":[{"embeddable":true,"href":"https:\/\/blog.polityka.pl\/passent\/wp-json\/wp\/v2\/users\/4"}],"replies":[{"embeddable":true,"href":"https:\/\/blog.polityka.pl\/passent\/wp-json\/wp\/v2\/comments?post=4667"}],"version-history":[{"count":11,"href":"https:\/\/blog.polityka.pl\/passent\/wp-json\/wp\/v2\/posts\/4667\/revisions"}],"predecessor-version":[{"id":4681,"href":"https:\/\/blog.polityka.pl\/passent\/wp-json\/wp\/v2\/posts\/4667\/revisions\/4681"}],"wp:featuredmedia":[{"embeddable":true,"href":"https:\/\/blog.polityka.pl\/passent\/wp-json\/wp\/v2\/media\/4680"}],"wp:attachment":[{"href":"https:\/\/blog.polityka.pl\/passent\/wp-json\/wp\/v2\/media?parent=4667"}],"wp:term":[{"taxonomy":"category","embeddable":true,"href":"https:\/\/blog.polityka.pl\/passent\/wp-json\/wp\/v2\/categories?post=4667"},{"taxonomy":"post_tag","embeddable":true,"href":"https:\/\/blog.polityka.pl\/passent\/wp-json\/wp\/v2\/tags?post=4667"}],"curies":[{"name":"wp","href":"https:\/\/api.w.org\/{rel}","templated":true}]}}