
{"id":467,"date":"2008-07-29T21:46:56","date_gmt":"2008-07-29T19:46:56","guid":{"rendered":"http:\/\/passent.blog.polityka.pl\/?p=467"},"modified":"2008-07-29T21:46:56","modified_gmt":"2008-07-29T19:46:56","slug":"witamy-na-pokladzie","status":"publish","type":"post","link":"https:\/\/blog.polityka.pl\/passent\/2008\/07\/29\/witamy-na-pokladzie\/","title":{"rendered":"Witamy na pok\u0142adzie"},"content":{"rendered":"<p>Czytam \u201eRzeczpospolit\u0105\u201d i przecieram oczy ze zdumienia. Jest to niew\u0105tpliwie najbardziej konserwatywny z powa\u017cnych dziennik\u00f3w. W dyskusji o prezydencie (29 bm.) zabra\u0142 tam g\u0142os \u0141ukasz Warzecha, publicysta dziennika \u201eFakt\u201d. Wszystko tak odleg\u0142e od Platformy, lewicy, salonu, jak st\u0105d do Kamczatki.<\/p>\n<p>Red. Warzecha wypisuje tam takie rzeczy, \u017ce ch\u0119tnie by to wydrukowa\u0142a \u201eGazeta\u201d i inne, gorsze ni\u017c Michnikowe organy (je\u015bli takie w og\u00f3le istniej\u0105). Mog\u0142a to napisa\u0107 Ewa Milewicz albo Janina Paradowska, nie powstydzi\u0142by si\u0119 Pawe\u0142 Wro\u0144ski. Oto streszczenie i cytaty z artyku\u0142u pod wymowny tytu\u0142em \u201ePrezydent jest w nieustannej defensywie\u201d.<\/p>\n<p><strong>BRUKSELA<\/strong>. Prezydent jecha\u0142 \u201ebu\u0144czucznie zapowiadaj\u0105c, \u017ce Polska nie ust\u0105pi\u2026\u201d Podczas obrad \u201ekompletnie si\u0119 pogubi\u0142, odes\u0142a\u0142 na bok kompetentnych negocjator\u00f3w, da\u0142 si\u0119 omota\u0107\u201d, zgodzi\u0142 si\u0119 na system \u201ebardzo dla nas niekorzystny\u201d, po powrocie og\u0142osi\u0142 \u201et\u0119 ewidentn\u0105 pora\u017ck\u0119 jako sw\u00f3j wielki sukces\u201d. Wys\u0142a\u0142 sygna\u0142, \u017ce pokrzykiwa\u0144 polskiej g\u0142owy pa\u0144stwa mo\u017cna nie bra\u0107 powa\u017cnie.<\/p>\n<p><strong>WO\u0141Y\u0143<\/strong>. Prezydent \u201ezlekcewa\u017cy\u0142 kresowiak\u00f3w i ich tragedi\u0119\u201d. Nie obj\u0105\u0142 patronatu nad obchodami, a list, kt\u00f3ry przys\u0142a\u0142, \u201eby\u0142 zbiorem ob\u0142ych frazes\u00f3w\u201d. Od rz\u0105du domaga si\u0119 pryncypialno\u015bci w sporach historycznych, a sam \u201enie potrafi si\u0119 do tej regu\u0142y zastosowa\u0107\u201d.<\/p>\n<p><strong>TARCZA<\/strong>. Lech Kaczy\u0144ski \u201eulega podszeptom konkuruj\u0105cych ze sob\u0105 dworak\u00f3w, sugeruj\u0105cych tak absurdalne hipotezy\u201d jak ta, \u017ce R. Sikorski t\u0142umaczy\u0142 rozmow\u0119 z Dickiem Cheneyem i celowo zniekszta\u0142ca\u0142 jego s\u0142owa. Otoczenie L.K. manipulowa\u0142o jego emocjami.<\/p>\n<p><strong>WNIOSEK<\/strong>: Coraz wi\u0119cej wskazuje, \u017ce ta prezydentura jest nie do uratowania.<\/p>\n<p>\u015awi\u0119te s\u0142owa, Panie Redaktorze! Witamy na pok\u0142adzie statku \u201eM.S. JEDNA KADENCJA\u201d. Na pok\u0142adzie robi si\u0119 tak t\u0142oczno, \u017ce a\u017c strach. Jeszcze rok, p\u00f3\u0142tora roku temu, na \u0142amach gazet prawicowych i propisowskich ukazywa\u0142y si\u0119 peany na cze\u015b\u0107 prezydenta i jego brata. Ci, kt\u00f3rzy ich krytykowali, uczestniczyli w \u201ehisterycznej nagonce\u201d, koordynowanej przez uk\u0142ad z\u0142o\u017cony ze s\u0142u\u017cb, medi\u00f3w oraz mafii. W ostatnich miesi\u0105cach coraz wi\u0119cej os\u00f3b przechodzi na stron\u0119 tego przest\u0119pczego uk\u0142adu, kt\u00f3ry wygaduje, ile jest warta ta prezydentura. Uk\u0142ad nie pyta, kto sk\u0105d przychodzi \u2013 z \u201eDziennika\u201d, z \u201eFaktu\u201d, czy z \u201eRz\u201d. Jest on tak pot\u0119\u017cny, \u017ce wszyscy zmieszcz\u0105 si\u0119 na pok\u0142adzie.<\/p>\n<p>Jedno tylko w ich publicystyce nie przekonuje, mianowicie pocieszenia, \u017ce prezydent jest O.K., czyli \u201ewporzo\u201d, tylko jego otoczenie, doradcy, \u201edworacy\u201d s\u0105 niedobrzy. Jest to wsp\u00f3\u0142czesna wersja bajeczki o dobrym carze i z\u0142ych bojarach.<\/p>\n<p>Przecie\u017c dawni i obecni ministrowie prezydenccy, pp. Fotyga, Kami\u0144ski, Szczyg\u0142o to jest sama esencja PiS, najbardziej zaufani, najstaranniej dobrani, to jest gwardia pa\u0142acowa. Jaros\u0142aw Kaczy\u0144ski m\u00f3wi\u0142, \u017ce minister Kaczmarek by\u0142 podsuni\u0119ty do rz\u0105du przez wszechpot\u0119\u017cny uk\u0142ad. By\u0142by\u017c ten uk\u0142ad tak pot\u0119\u017cny, \u017ce obsadzi\u0142 r\u00f3wnie\u017c Kancelari\u0119 Prezydenta?<\/p>\n<p>A poza tym pan Warzecha ma racj\u0119.<\/p>\n","protected":false},"excerpt":{"rendered":"<p>Czytam \u201eRzeczpospolit\u0105\u201d i przecieram oczy ze zdumienia. Jest to niew\u0105tpliwie najbardziej konserwatywny z powa\u017cnych dziennik\u00f3w. W dyskusji o prezydencie (29 bm.) zabra\u0142 tam g\u0142os \u0141ukasz Warzecha, publicysta dziennika \u201eFakt\u201d. Wszystko tak odleg\u0142e od Platformy, lewicy, salonu, jak st\u0105d do Kamczatki. Red. Warzecha wypisuje tam takie rzeczy, \u017ce ch\u0119tnie by to wydrukowa\u0142a \u201eGazeta\u201d i inne, gorsze [&hellip;]<\/p>\n","protected":false},"author":4,"featured_media":0,"comment_status":"open","ping_status":"open","sticky":false,"template":"","format":"standard","meta":{"footnotes":""},"categories":[1],"tags":[],"_links":{"self":[{"href":"https:\/\/blog.polityka.pl\/passent\/wp-json\/wp\/v2\/posts\/467"}],"collection":[{"href":"https:\/\/blog.polityka.pl\/passent\/wp-json\/wp\/v2\/posts"}],"about":[{"href":"https:\/\/blog.polityka.pl\/passent\/wp-json\/wp\/v2\/types\/post"}],"author":[{"embeddable":true,"href":"https:\/\/blog.polityka.pl\/passent\/wp-json\/wp\/v2\/users\/4"}],"replies":[{"embeddable":true,"href":"https:\/\/blog.polityka.pl\/passent\/wp-json\/wp\/v2\/comments?post=467"}],"version-history":[{"count":0,"href":"https:\/\/blog.polityka.pl\/passent\/wp-json\/wp\/v2\/posts\/467\/revisions"}],"wp:attachment":[{"href":"https:\/\/blog.polityka.pl\/passent\/wp-json\/wp\/v2\/media?parent=467"}],"wp:term":[{"taxonomy":"category","embeddable":true,"href":"https:\/\/blog.polityka.pl\/passent\/wp-json\/wp\/v2\/categories?post=467"},{"taxonomy":"post_tag","embeddable":true,"href":"https:\/\/blog.polityka.pl\/passent\/wp-json\/wp\/v2\/tags?post=467"}],"curies":[{"name":"wp","href":"https:\/\/api.w.org\/{rel}","templated":true}]}}