
{"id":4682,"date":"2018-07-01T15:31:43","date_gmt":"2018-07-01T13:31:43","guid":{"rendered":"https:\/\/passent.blog.polityka.pl\/?p=4682"},"modified":"2018-07-01T20:00:09","modified_gmt":"2018-07-01T18:00:09","slug":"dal-nam-przyklad-morawiecki","status":"publish","type":"post","link":"https:\/\/blog.polityka.pl\/passent\/2018\/07\/01\/dal-nam-przyklad-morawiecki\/","title":{"rendered":"Da\u0142 nam przyk\u0142ad Morawiecki\u2026"},"content":{"rendered":"<p>&#8230; jak zwyci\u0119\u017ca\u0107 mamy. Na ok\u0142adce tygodnika \u201eSieci\u201d promienne oblicze premiera i wielki napis \u201ePolska umie wygrywa\u0107\u201d. Pocz\u0105tkowo s\u0105dzi\u0142em, \u017ce chodzi o mundial, ale okazuje si\u0119, \u017ce nie, \u017ce chodzi o ca\u0142okszta\u0142t, o r\u00f3\u017cne fronty, na kt\u00f3rych zwyci\u0119\u017camy, w tym na froncie parlamentu, uchod\u017ac\u00f3w, ustawy o IPN, SKOK-\u00f3w itd.<br \/>\n<!--more--><br \/>\nNie ma sensu rozpatrywa\u0107 wydarze\u0144 tylko w \u015bwietle bia\u0142ym lub czarnym. Konflikt o praworz\u0105dno\u015b\u0107 w Polsce nie zako\u0144czy\u0142 si\u0119 spodziewanym wyst\u0105pieniem Timmermansa do Komisji, a Komisji do Europejskiego Trybuna\u0142u Sprawiedliwo\u015bci (ETS). Polski rz\u0105d i \u201edobra zmiana\u201d nie zostan\u0105 teraz posadzone na \u0142awie oskar\u017conych. Jest to wi\u0119c raczej po my\u015bli PiS ni\u017c wszystkich tych, kt\u00f3rzy liczyli, \u017ce Unia nie spasuje i nadal b\u0119dzie naciska\u0107 na Polsk\u0119. Kaczy\u0144ski i Ziobro mog\u0105 na chwil\u0119 odetchn\u0105\u0107, ale tylko na chwil\u0119, gdy\u017c na froncie walki o sprawiedliwo\u015b\u0107 i tr\u00f3jpodzia\u0142 w\u0142adz Polska spokoju nie zazna, po demolce sprawiedliwo\u015bci czeka nas atak na media, ordynacj\u0119 wyborcz\u0105 i inne. Pod tym rz\u0105dem Polska nadal b\u0119dzie problemem dla zagranicy.<\/p>\n<p>Na pytanie, dlaczego Timmermans nie wys\u0142a\u0142 wniosku (kt\u00f3ry podobno mia\u0142 gotowy, acz nikt go nie widzia\u0142), pewien doskona\u0142y znawca Unii m\u00f3wi mi w dyskrecji, \u017ce unijni prawnicy nie byli pewni, czy argumenty prawne Unii przewa\u017c\u0105 w ETS. Poniewa\u017c by\u0142aby to pierwsza taka sprawa w historii, Komisja nie mog\u0142a ryzykowa\u0107 przegranej. Gdyby bowiem w Trybunale przegra\u0142a, by\u0142oby to zach\u0119t\u0105 dla europejskich na\u015bladowc\u00f3w Orb\u00e1na i Kaczy\u0144skiego, kt\u00f3rzy przebieraj\u0105 nogami w kierunku re\u017cim\u00f3w autorytarnych i nacjonalistycznych.<\/p>\n<p>Natomiast je\u015bli chodzi o ustaw\u0119 o IPN i wsp\u00f3ln\u0105 deklaracj\u0119 izraelsko-polsk\u0105, to trudno j\u0105 uzna\u0107 za polskie zwyci\u0119stwo. Politycy rz\u0105dz\u0105cej prawicy, Szyd\u0142o, Mazurek i inni, jeszcze kilka dni temu jak jeden m\u0105\u017c recytowali, \u017ce Polska nie ma si\u0119 z czego wycofywa\u0107, polskie ustawodawstwo powstaje w Polsce, a nie w Izraelu, nawet nie w USA. Tymczasem okaza\u0142o si\u0119, \u017ce podczas gdy na scenie ch\u00f3r \u015bpiewa\u0142 \u201enie oddamy ani guzika\u201d, za kulisami w najwi\u0119kszej tajemnicy Polacy i Izraelczycy redagowali polsk\u0105 ustaw\u0119, wyrzucaj\u0105c z niej kluczowe paragrafy (o zagro\u017ceniu karnym g\u0142oszenia pogl\u0105d\u00f3w, jakoby pa\u0144stwo lub nar\u00f3d polski itd.). W deklaracji pojawi\u0142o si\u0119 m.in. pot\u0119pienie antysemityzmu, antypolonizmu i innych \u201eanty\u201d. W zamian za wyrwanie krat z oburzaj\u0105cej polskiej ustawy Netanjahu podpisa\u0142 wiele, ale nie kosztowa\u0142o go to du\u017co. Jak m\u00f3wi Szewach Weiss, polityk izraelski, ju\u017c s\u0119dziwy, ocalony w Polsce znawca naszego kraju, NIGDY nie spotka\u0142 si\u0119 w Izraelu z okre\u015bleniem \u201epolskie obozy koncentracyjne\u201d. C\u00f3\u017c to wi\u0119c za problem dla Netanjahu pot\u0119pi\u0107 termin, kt\u00f3ry w jego kraju nie istnieje? W Australii czy Kanadzie niewiele to zmieni.<\/p>\n<p>Gdy politycy (lub ich negocjatorzy) zabieraj\u0105 si\u0119 do pisania historii, nie wr\u00f3\u017cy to nic dobrego. Dla jednych (\u201eSieci\u201d) deklaracja jest zwyci\u0119stwem, dla innych (\u201eDo Rzeczy\u201d) to kapitulacja Polski. Dla mnie jest ona dla Polski korzystna, poniewa\u017c w powi\u0105zaniu z ni\u0105, r\u00f3wnolegle do niej nast\u0105pi\u0142o wyrwanie k\u0142\u00f3w haniebnej ustawie, ustawie \u2013 przypomnijmy &#8211; polskiej, a nie izraelskiej. Niech to b\u0119dzie nauczk\u0105 dla jej inicjator\u00f3w, autor\u00f3w i zwolennik\u00f3w, \u017ce w \u017cadnej sprawie, nawet tak szlachetnej jak mi\u0142o\u015b\u0107 ojczyzny, nie nale\u017cy da\u0107 si\u0119 zwariowa\u0107.<\/p>\n<p><strong>Zaproszenie<\/strong><br \/>\nPawe\u0142 Kowal (polityk i historyk), prof. Monika P\u0142atek (UW), Adam Szostkiewicz (POLITYKA) b\u0119d\u0105 naszymi go\u015b\u0107mi w Radiu TOK FM we wtorek 3 lipca o godz. 20.05.<\/p>\n","protected":false},"excerpt":{"rendered":"<p>Nie ma sensu rozpatrywa\u0107 wydarze\u0144 tylko w \u015bwietle bia\u0142ym lub czarnym.<\/p>\n","protected":false},"author":4,"featured_media":4689,"comment_status":"open","ping_status":"closed","sticky":false,"template":"","format":"standard","meta":{"footnotes":""},"categories":[1],"tags":[],"_links":{"self":[{"href":"https:\/\/blog.polityka.pl\/passent\/wp-json\/wp\/v2\/posts\/4682"}],"collection":[{"href":"https:\/\/blog.polityka.pl\/passent\/wp-json\/wp\/v2\/posts"}],"about":[{"href":"https:\/\/blog.polityka.pl\/passent\/wp-json\/wp\/v2\/types\/post"}],"author":[{"embeddable":true,"href":"https:\/\/blog.polityka.pl\/passent\/wp-json\/wp\/v2\/users\/4"}],"replies":[{"embeddable":true,"href":"https:\/\/blog.polityka.pl\/passent\/wp-json\/wp\/v2\/comments?post=4682"}],"version-history":[{"count":6,"href":"https:\/\/blog.polityka.pl\/passent\/wp-json\/wp\/v2\/posts\/4682\/revisions"}],"predecessor-version":[{"id":4688,"href":"https:\/\/blog.polityka.pl\/passent\/wp-json\/wp\/v2\/posts\/4682\/revisions\/4688"}],"wp:featuredmedia":[{"embeddable":true,"href":"https:\/\/blog.polityka.pl\/passent\/wp-json\/wp\/v2\/media\/4689"}],"wp:attachment":[{"href":"https:\/\/blog.polityka.pl\/passent\/wp-json\/wp\/v2\/media?parent=4682"}],"wp:term":[{"taxonomy":"category","embeddable":true,"href":"https:\/\/blog.polityka.pl\/passent\/wp-json\/wp\/v2\/categories?post=4682"},{"taxonomy":"post_tag","embeddable":true,"href":"https:\/\/blog.polityka.pl\/passent\/wp-json\/wp\/v2\/tags?post=4682"}],"curies":[{"name":"wp","href":"https:\/\/api.w.org\/{rel}","templated":true}]}}