
{"id":4696,"date":"2018-07-05T22:44:11","date_gmt":"2018-07-05T20:44:11","guid":{"rendered":"https:\/\/passent.blog.polityka.pl\/?p=4696"},"modified":"2018-07-06T08:12:46","modified_gmt":"2018-07-06T06:12:46","slug":"morawiecki-wlasna-ofiara","status":"publish","type":"post","link":"https:\/\/blog.polityka.pl\/passent\/2018\/07\/05\/morawiecki-wlasna-ofiara\/","title":{"rendered":"Morawiecki w\u0142asn\u0105 ofiar\u0105"},"content":{"rendered":"<p>\u201eDemokracja w Polsce nigdy nie by\u0142a tak \u017cywa jak obecnie. Prawa obywatelskie s\u0105 realizowane bez przeszk\u00f3d. Media s\u0105 bardziej r\u00f3\u017cnorodne i spluralizowane, ni\u017c to by\u0142o wcze\u015bniej\u201d \u2013 powiedzia\u0142 premier Morawiecki w Parlamencie Europejskim. Co zdanie, to nieprawda.<br \/>\n<!--more--><br \/>\nChyba nie jest specjalnie \u017cywa demokracja, kiedy wa\u017cne ustawy proceduje si\u0119 zaledwie kilka godzin, w tempie ekspresowym, kiedy dyskusja jest niemo\u017cliwa. Wa\u017cne nominacje podpisuje si\u0119 na kolanie, na schodach. Kolejni ministrowie obrony urz\u0105dzaj\u0105 czystki bez obja\u015bnienia powod\u00f3w. A media? Publiczne s\u0105 fikcj\u0105, za\u015b niepos\u0142uszne prywatne usi\u0142uje si\u0119 zadusi\u0107, odcinaj\u0105c je od og\u0142osze\u0144 instytucji pa\u0144stwowych. Nawet od nekrolog\u00f3w!<\/p>\n<p>Nekrolog premiera RP w przeddzie\u0144 pogrzebu wspania\u0142ej sportsmenki i obywatelki ukaza\u0142 si\u0119 w \u201eRzeczpospolitej\u201d, \u201eGazecie Polskiej\u201d i w \u201eNaszym Dzienniku\u201d. Kogo\u015b chyba w tym gronie brakuje?<\/p>\n<p>\u201eS\u0119dziowie s\u0105 dzisiaj du\u017co bardziej niezale\u017cni, ni\u017c byli wcze\u015bniej. My wzmocnili\u015bmy niezale\u017cno\u015b\u0107 s\u0119dziowsk\u0105, wzmocnili\u015bmy obiektywno\u015b\u0107\u201d \u2013 m\u00f3wi\u0142 dalej Morawiecki. Niezale\u017cno\u015b\u0107 wida\u0107 po tym, jak wielkie uprawnienia otrzyma\u0142 minister i prokurator generalny w jednej osobie, ilu odwo\u0142a\u0142 prezes\u00f3w s\u0105d\u00f3w, jak\u0105 rz\u0105d przeprowadzi\u0142 kampani\u0119 oszczerstw przeciwko s\u0119dziowskiej \u201eka\u015bcie\u201d, jak rozp\u0119dza S\u0105d Najwy\u017cszy. Premier m\u00f3wi nieprawd\u0119 &#8211; nic dziwnego, \u017ce sala Parlamentu Europejskiego \u015bwieci\u0142a pustkami, a przecie\u017c Polska to du\u017cy i dumny kraj, powstaj\u0105cy z kolan.<\/p>\n<p>\u201eMam wra\u017cenie, \u017ce wysoka izba jest tendencyjna przez to, \u017ce mo\u017cecie nie lubi\u0107 jednego rz\u0105du, a inny lubi\u0107\u201d. Po pierwsze, jest to obra\u017aliwe wobec grona, do kt\u00f3rego premier zosta\u0142 zaproszony i przemawia. Po drugie, za\u0142\u00f3\u017cmy, \u017ce to jest prawda \u2013 nie lubi\u0105 tego rz\u0105du. W takim razie zadaniem premiera jest wykorzysta\u0107 okazj\u0119, \u017ceby nas polubili, powiedzie\u0107 co\u015b rozs\u0105dnego. Ale trudno by\u0107 lubianym, je\u015bli tego samego dnia media ca\u0142ego \u015bwiata informowa\u0142y o przejmowaniu S\u0105du Najwy\u017cszego, czystce na najwy\u017cszym szczeblu \u2013 jak i za co maj\u0105 polubi\u0107 polski rz\u0105d?<\/p>\n<p>\u201eNaszym przyjacio\u0142om z Europy Zachodniej trudno jest zrozumie\u0107 nasz\u0105 rzeczywisto\u015b\u0107, byli\u015bcie po w\u0142a\u015bciwej stronie \u017celaznej kurtyny\u201d \u2013 m\u00f3wi\u0142 premier. Po pierwsze, taki \u201eargument\u201d mo\u017cna odwr\u00f3ci\u0107 i polskiemu premierowi powiedzie\u0107, \u017ce nie rozumie Unii ani Europy, bo by\u0142 po z\u0142ej stronie \u017celaznej kurtyny. Po drugiej, gdyby nie Zach\u00f3d, Reagan i inni oraz ich sankcje, komuna trwa\u0142aby d\u0142u\u017cej. Zach\u00f3d wiedzia\u0142 wystarczaj\u0105co, co to jest dyktatura, mia\u0142 te\u017c swoj\u0105 polityk\u0119 historyczn\u0105, a lewica s\u0142ab\u0142a w oczach.<\/p>\n<p>\u201ePostawili\u015bmy tam\u0119 niemieckiemu barbarzy\u0144stwu i zapobiegli\u015bmy ludob\u00f3jstwu na kontynencie. Jeszcze wi\u0119kszemu ludob\u00f3jstwu\u201d. Polskiego premiera chyba ponios\u0142o. Je\u017celi kto\u015b po\u0142o\u017cy\u0142 tam\u0119 hitlerowskiemu ludob\u00f3jstwu, to przede wszystkim wielkie mocarstwa \u2013 Rosja sowiecka, potem drugi front i Stany Zjednoczone ze swoj\u0105 bomb\u0105 atomow\u0105. Polska przegra\u0142a wojn\u0119 w ci\u0105gu tygodni, a potem Polacy bohatersko walczyli w formacjach aliant\u00f3w na r\u00f3\u017cnych frontach, od bitwy o Angli\u0119 po Lenino i Ko\u0142obrzeg, oraz pod okupacj\u0105, w podziemiu.<\/p>\n<p>Ale m\u00f3wi\u0105c \u201epostawili\u015bmy tam\u0119\u201d, Morawiecki przypomina \u017cab\u0119, kt\u00f3ra podstawia nog\u0119 tam, gdzie konie kuj\u0105. Ta ignorancja \u015bwiadczy o tym, \u017ce premier uwierzy\u0142 w polityk\u0119 historyczn\u0105 swojego rz\u0105du, ba, jest jej ofiar\u0105.<\/p>\n","protected":false},"excerpt":{"rendered":"<p>\u201eDemokracja w Polsce nigdy nie by\u0142a tak \u017cywa jak obecnie. Prawa obywatelskie s\u0105 realizowane bez przeszk\u00f3d. Media s\u0105 bardziej r\u00f3\u017cnorodne i spluralizowane, ni\u017c to by\u0142o wcze\u015bniej\u201d \u2013 powiedzia\u0142 premier Morawiecki w Parlamencie Europejskim. Co zdanie, to nieprawda.<\/p>\n","protected":false},"author":4,"featured_media":0,"comment_status":"open","ping_status":"closed","sticky":false,"template":"","format":"standard","meta":{"footnotes":""},"categories":[1],"tags":[],"_links":{"self":[{"href":"https:\/\/blog.polityka.pl\/passent\/wp-json\/wp\/v2\/posts\/4696"}],"collection":[{"href":"https:\/\/blog.polityka.pl\/passent\/wp-json\/wp\/v2\/posts"}],"about":[{"href":"https:\/\/blog.polityka.pl\/passent\/wp-json\/wp\/v2\/types\/post"}],"author":[{"embeddable":true,"href":"https:\/\/blog.polityka.pl\/passent\/wp-json\/wp\/v2\/users\/4"}],"replies":[{"embeddable":true,"href":"https:\/\/blog.polityka.pl\/passent\/wp-json\/wp\/v2\/comments?post=4696"}],"version-history":[{"count":3,"href":"https:\/\/blog.polityka.pl\/passent\/wp-json\/wp\/v2\/posts\/4696\/revisions"}],"predecessor-version":[{"id":4699,"href":"https:\/\/blog.polityka.pl\/passent\/wp-json\/wp\/v2\/posts\/4696\/revisions\/4699"}],"wp:attachment":[{"href":"https:\/\/blog.polityka.pl\/passent\/wp-json\/wp\/v2\/media?parent=4696"}],"wp:term":[{"taxonomy":"category","embeddable":true,"href":"https:\/\/blog.polityka.pl\/passent\/wp-json\/wp\/v2\/categories?post=4696"},{"taxonomy":"post_tag","embeddable":true,"href":"https:\/\/blog.polityka.pl\/passent\/wp-json\/wp\/v2\/tags?post=4696"}],"curies":[{"name":"wp","href":"https:\/\/api.w.org\/{rel}","templated":true}]}}