
{"id":470,"date":"2008-08-06T17:16:54","date_gmt":"2008-08-06T15:16:54","guid":{"rendered":"http:\/\/passent.blog.polityka.pl\/?p=470"},"modified":"2008-08-06T17:16:54","modified_gmt":"2008-08-06T15:16:54","slug":"cholerosterol","status":"publish","type":"post","link":"https:\/\/blog.polityka.pl\/passent\/2008\/08\/06\/cholerosterol\/","title":{"rendered":"Cholerosterol"},"content":{"rendered":"<p><strong>Pojedynek prezydenta i premiera na badania lekarskie uwa\u017cam za gorsz\u0105cy<\/strong>.<\/p>\n<p>Nie wiadomo, czy si\u0119 cieszy\u0107,\u00a0 \u017ce mamy zdrowego premiera, czy martwi\u0107, \u017ce\u00a0stan zdrowia prezydenta jest tajemnic\u0105. Od pocz\u0105tku uwa\u017ca\u0142em, \u017ce \u017c\u0105danie\u00a0 pos\u0142a Palikota, by opublikowa\u0107 wyniki bada\u0144 lekarskich prezydenta, jest wymierzone w Lecha Kaczy\u0144skiego. Inicjatywa ta by\u0142aby s\u0142uszna, gdyby mia\u0142a obowi\u0105zywa\u0107 od nast\u0119pnych wybor\u00f3w, a nie wstecz. Kiedy Lech Kaczy\u0144ski kandydowa\u0142, takiego wymogu nie by\u0142o i uwa\u017cam, \u017ce walka z obecnym prezydentem na za\u015bwiadczenia lekarskie jest nie fair.<\/p>\n<p>Jestem zdecydowanym krytykiem prezydentury Lecha Kaczy\u0144skiego, kt\u00f3r\u0105 uwa\u017cam za nieporozumienie, ale inicjatywa pos\u0142a Palikota r\u00f3wnie\u017c\u00a0 mi si\u0119 nie podoba. Popieram ide\u0119, by biuletyn o stanie zdrowia prezydenta by\u0142 opublikowany od nast\u0119pnych wybor\u00f3w, a nie od Lecha Kaczy\u0144skiego. Z kolei Lech Kaczy\u0144ski nies\u0142usznie zwleka\u0142, kluczy\u0142, \u017ceby ostatecznie odm\u00f3wi\u0107 ujawnienia swojego stanu zdrowia, pod pretekstem, \u017ce w ten spos\u00f3b mo\u017cna za\u0142atwi\u0107 ka\u017cdego polityka, kt\u00f3ry podpadnie. To nieprawda.<\/p>\n<p>Przez pewien czas by\u0142o niejasne, czy Tusk popiera harce Palikota. Kiedy zapowiedziano, \u017ce wyniki bada\u0144 lekarskich premiera zostan\u0105 lada chwila opublikowane \u2013 wszystko si\u0119 wyja\u015bni\u0142o: Tusk stoi murem za Palikotem.<\/p>\n<p>Opublikowanie\u00a0 akurat w tej chwili\u00a0 wynik\u00f3w bada\u0144 lekarskich premiera nie wydaje mi si\u0119 eleganckie. \u015awiadczy, \u017ce Donald Tusk postanowi\u0142 w\u0142\u0105czy\u0107 si\u0119 do pojedynku na stan zdrowia, \u017ce akurat w tej sprawie szef rz\u0105du nie ma nic do ukrycia. By\u0142oby lepiej, gdyby najpierw Sejm z inicjatywy Platformy przyj\u0105\u0142 odpowiedni\u0105 ustaw\u0119, a potem premier Tusk si\u0119 do niej zastosowa\u0142. A wysz\u0142o na to, \u017ce prezydent kr\u0119ci, bo ma co\u015b do ukrycia, za\u015b premier rzuca na szal\u0119 swoje ci\u015bnienie i cholesterol.<\/p>\n","protected":false},"excerpt":{"rendered":"<p>Pojedynek prezydenta i premiera na badania lekarskie uwa\u017cam za gorsz\u0105cy. Nie wiadomo, czy si\u0119 cieszy\u0107,\u00a0 \u017ce mamy zdrowego premiera, czy martwi\u0107, \u017ce\u00a0stan zdrowia prezydenta jest tajemnic\u0105. Od pocz\u0105tku uwa\u017ca\u0142em, \u017ce \u017c\u0105danie\u00a0 pos\u0142a Palikota, by opublikowa\u0107 wyniki bada\u0144 lekarskich prezydenta, jest wymierzone w Lecha Kaczy\u0144skiego. Inicjatywa ta by\u0142aby s\u0142uszna, gdyby mia\u0142a obowi\u0105zywa\u0107 od nast\u0119pnych wybor\u00f3w, a [&hellip;]<\/p>\n","protected":false},"author":4,"featured_media":0,"comment_status":"open","ping_status":"open","sticky":false,"template":"","format":"standard","meta":{"footnotes":""},"categories":[1],"tags":[],"_links":{"self":[{"href":"https:\/\/blog.polityka.pl\/passent\/wp-json\/wp\/v2\/posts\/470"}],"collection":[{"href":"https:\/\/blog.polityka.pl\/passent\/wp-json\/wp\/v2\/posts"}],"about":[{"href":"https:\/\/blog.polityka.pl\/passent\/wp-json\/wp\/v2\/types\/post"}],"author":[{"embeddable":true,"href":"https:\/\/blog.polityka.pl\/passent\/wp-json\/wp\/v2\/users\/4"}],"replies":[{"embeddable":true,"href":"https:\/\/blog.polityka.pl\/passent\/wp-json\/wp\/v2\/comments?post=470"}],"version-history":[{"count":0,"href":"https:\/\/blog.polityka.pl\/passent\/wp-json\/wp\/v2\/posts\/470\/revisions"}],"wp:attachment":[{"href":"https:\/\/blog.polityka.pl\/passent\/wp-json\/wp\/v2\/media?parent=470"}],"wp:term":[{"taxonomy":"category","embeddable":true,"href":"https:\/\/blog.polityka.pl\/passent\/wp-json\/wp\/v2\/categories?post=470"},{"taxonomy":"post_tag","embeddable":true,"href":"https:\/\/blog.polityka.pl\/passent\/wp-json\/wp\/v2\/tags?post=470"}],"curies":[{"name":"wp","href":"https:\/\/api.w.org\/{rel}","templated":true}]}}