
{"id":4724,"date":"2018-07-30T16:47:15","date_gmt":"2018-07-30T14:47:15","guid":{"rendered":"https:\/\/passent.blog.polityka.pl\/?p=4724"},"modified":"2018-07-30T18:36:02","modified_gmt":"2018-07-30T16:36:02","slug":"stary-czlowiek-wiec-moze","status":"publish","type":"post","link":"https:\/\/blog.polityka.pl\/passent\/2018\/07\/30\/stary-czlowiek-wiec-moze\/","title":{"rendered":"Stary cz\u0142owiek, wi\u0119c mo\u017ce"},"content":{"rendered":"<p>Czy pami\u0119tacie fotografi\u0119 Tuska z Putinem na molo w Sopocie? Ile\u017c to razy by\u0142a ona przypominana na dow\u00f3d spisku i knowa\u0144 przeciwko prezydentowi Lechowi Kaczy\u0144skiemu i w og\u00f3le przeciwko Polsce. Dzi\u015b jej nie wida\u0107. A mo\u017ce pami\u0119tacie wrak? Gdzie jest wrak? Kiedy zwr\u00f3c\u0105 wrak? Bez wraku ani rusz, bez wraku nie spos\u00f3b. Jak dojdziemy do w\u0142adzy \u2013 odzyskamy wrak itd.<br \/>\n<!--more--><br \/>\nPrzez ostatnich kilka lat stosunki polsko-rosyjskie s\u0105 lodowate. Manewry wojskowe wycelowane na Wsch\u00f3d, Rosja gra zawsze rol\u0119 agresora, wspieramy Ukrain\u0119, nie zaakceptujemy aneksji Krymu, ba, polscy oficjele nawet zbojkotowali mundial 2018 w Rosji, ba, zbojkotowali go tak\u017ce polscy pi\u0142karze, opuszczaj\u0105c rozgrywki w pierwszym mo\u017cliwym terminie. Polskie media w relacjach z turnieju i Rosji nie wspomina\u0142y ani s\u0142owem o nienagannej (podobno) organizacji i \u015bwietnym piarze dla gospodarzy. W obowi\u0105zuj\u0105cej polityce historycznej Rosja to tylko agresja, Katy\u0144, komunizm.<\/p>\n<p>Od pewnego czasu &#8211; powiedzia\u0142bym: od czasu, kiedy Polska zosta\u0142a brzydkim kacz\u0105tkiem Europy &#8211; co bardziej rozs\u0105dne osoby zaczynaj\u0105 dostrzega\u0107, \u017ce rusofobia prowadzi donik\u0105d, najwy\u017cej do gazoci\u0105gu Nordstream 2 (Rosja\u2013Niemcy z pomini\u0119ciem Polski).<\/p>\n<p>Tak si\u0119 dziwnie z\u0142o\u017cy\u0142o, \u017ce akurat w poniedzia\u0142ek 30 lipca dwa najwa\u017cniejsze pisma prorz\u0105dowe sygnalizuj\u0105 zapowied\u017a zmiany. Kornel Morawiecki, weteran opozycji antykomunistycznej, dzi\u015b pose\u0142, marsza\u0142ek senior i ojciec premiera, m\u00f3wi Maciejowi Pieczy\u0144skiemu w \u201eSieciach\u201d rzeczy nies\u0142ychane. Kto\u015b powie, \u017ce marsza\u0142ek m\u00f3wi bana\u0142y, wywa\u017ca otwarte drzwi, ale w Polsce to s\u0142owa godne uwagi. Wyrywki wypowiedzi Marsza\u0142ka Seniora:<\/p>\n<p><strong>1.<\/strong> Burzenie pomnik\u00f3w sowieckich nie ma nic wsp\u00f3lnego z prawdziw\u0105 dekomunizacj\u0105. Armia Czerwona uratowa\u0142a nas przed zag\u0142ad\u0105 biologiczn\u0105. Niemcy chcieli Polak\u00f3w unicestwi\u0107, Rosjanie \u2013 tylko zniewoli\u0107. Przecie\u017c sami nie pokonali\u015bmy Hitlera. Czy my sami wyzwolili\u015bmy si\u0119 spod niemieckiej okupacji? A mo\u017ce Ukrai\u0144cy wyzwolili si\u0119 sami? Czy to Solidarno\u015b\u0107 obali\u0142a Zwi\u0105zek Sowiecki? Wolne \u017carty. Nawet nie mia\u0142a takiego zamiaru. ZSRR rozpad\u0142 si\u0119 bez jednego wystrza\u0142u.<\/p>\n<p><strong>2.<\/strong> Rosja nie prowadzi agresywnej polityki. Na Ukrainie to zderzenie dw\u00f3ch racji. Wojn\u0119 w Gruzji nie wiadomo, kto zacz\u0105\u0142. Krym \u201ezosta\u0142 przej\u0119ty\u201d przez Rosj\u0119 bez jednego wystrza\u0142u, ukrai\u0144skie wojsko przesz\u0142o na stron\u0119 Rosji, a potem by\u0142o referendum.<\/p>\n<p><strong>3.<\/strong> Rosja nie ma \u017cadnego interesu w tym, \u017ceby u\u017cy\u0107 si\u0142y militarnej wobec Polski. Od 4 lat broni\u0105 si\u0119 r\u0119koma i nogami, \u017ceby tylko nie zaj\u0105\u0107 Doniecka, to c\u00f3\u017c dopiero m\u00f3wi\u0107 o agresji na Polsk\u0119!<\/p>\n<p><strong>4.<\/strong> Gazoci\u0105g P\u00f3\u0142nocny to skutek fatalnej polityki wschodniej Warszawy. Gdyby\u015bmy nie postawili interes\u00f3w Kijowa ponad naszymi, Rosjanie nie musieliby dogadywa\u0107 si\u0119 z Niemcami. A teraz b\u0119dziemy przep\u0142aca\u0107 za ameryka\u0144ski gaz. Chi\u0144czycy, kt\u00f3rzy zamierzali budowa\u0107 sw\u00f3j jedwabny szlak przez Polsk\u0119, dogaduj\u0105 si\u0119 z Rosj\u0105 i z Niemcami, by to Kaliningrad sta\u0142 si\u0119 g\u0142\u00f3wnym w\u0119z\u0142em.<\/p>\n<p><strong>5.<\/strong> Rosja nie ma interesu w militarnej agresji na Polsk\u0119, ale \u201eboj\u0119 si\u0119, \u017ce Niemcy zdominuj\u0105 nas gospodarczo, a Rosjanie \u2013 politycznie\u201d. Niestety, na relacje z Rosj\u0105 nie mamy \u017cadnego pomys\u0142u. Kult Armii Czerwonej to kult pogromc\u00f3w faszyzmu, nie ma wymiaru antypolskiego. B\u0142\u0119dem premiera Morawieckiego by\u0142o, \u017ce nie wys\u0142a\u0142 gratulacji Putinowi z okazji reelekcji.<\/p>\n<p><strong>6.<\/strong> \u201eNasza polityka zagraniczna sprowadza si\u0119, niestety, do odgrywania roli marionetki Waszyngtonu\u201d.<\/p>\n<p><strong>7.<\/strong> Europa traci swoj\u0105 moc, mog\u0142aby j\u0105 odzyska\u0107, gdyby po\u0142\u0105czy\u0142a si\u0119 z Rosj\u0105 i jej ogromnym potencja\u0142em. Powinna powsta\u0107 Unia Europejska z Rosj\u0105 w sk\u0142adzie.<\/p>\n<p>Tyle Kornel Morawiecki. Szkoda, \u017ce nie Mateusz, cho\u0107 mo\u017ce premier \u201ewypuszcza\u201d tatusia. Tak czy owak to m\u0105drzejsze ni\u017c m\u00f3wienie, \u017ce demokracja stoi ponad prawem.<\/p>\n<p><strong>Zaproszenie<\/strong><br \/>\nProf. Krystyna SKAR\u017bY\u0143SKA (znana socjolog polityki), Jerzy BACZY\u0143SKI (prezes i redaktor naczelny POLITYKI) oraz senator Aleksander POCIEJ (PO) b\u0119d\u0105 naszymi go\u015b\u0107mi i podsumuj\u0105 sezon polityczny. Radio TOK FM, wtorek 31 lipca o godz. 20.05.<\/p>\n","protected":false},"excerpt":{"rendered":"<p>W Polsce to s\u0142owa godne uwagi.<\/p>\n","protected":false},"author":4,"featured_media":4730,"comment_status":"open","ping_status":"closed","sticky":false,"template":"","format":"standard","meta":{"footnotes":""},"categories":[1],"tags":[],"_links":{"self":[{"href":"https:\/\/blog.polityka.pl\/passent\/wp-json\/wp\/v2\/posts\/4724"}],"collection":[{"href":"https:\/\/blog.polityka.pl\/passent\/wp-json\/wp\/v2\/posts"}],"about":[{"href":"https:\/\/blog.polityka.pl\/passent\/wp-json\/wp\/v2\/types\/post"}],"author":[{"embeddable":true,"href":"https:\/\/blog.polityka.pl\/passent\/wp-json\/wp\/v2\/users\/4"}],"replies":[{"embeddable":true,"href":"https:\/\/blog.polityka.pl\/passent\/wp-json\/wp\/v2\/comments?post=4724"}],"version-history":[{"count":4,"href":"https:\/\/blog.polityka.pl\/passent\/wp-json\/wp\/v2\/posts\/4724\/revisions"}],"predecessor-version":[{"id":4729,"href":"https:\/\/blog.polityka.pl\/passent\/wp-json\/wp\/v2\/posts\/4724\/revisions\/4729"}],"wp:featuredmedia":[{"embeddable":true,"href":"https:\/\/blog.polityka.pl\/passent\/wp-json\/wp\/v2\/media\/4730"}],"wp:attachment":[{"href":"https:\/\/blog.polityka.pl\/passent\/wp-json\/wp\/v2\/media?parent=4724"}],"wp:term":[{"taxonomy":"category","embeddable":true,"href":"https:\/\/blog.polityka.pl\/passent\/wp-json\/wp\/v2\/categories?post=4724"},{"taxonomy":"post_tag","embeddable":true,"href":"https:\/\/blog.polityka.pl\/passent\/wp-json\/wp\/v2\/tags?post=4724"}],"curies":[{"name":"wp","href":"https:\/\/api.w.org\/{rel}","templated":true}]}}