
{"id":4738,"date":"2018-08-06T18:48:07","date_gmt":"2018-08-06T16:48:07","guid":{"rendered":"https:\/\/passent.blog.polityka.pl\/?p=4738"},"modified":"2018-08-06T22:30:31","modified_gmt":"2018-08-06T20:30:31","slug":"brawo-za-koszulki","status":"publish","type":"post","link":"https:\/\/blog.polityka.pl\/passent\/2018\/08\/06\/brawo-za-koszulki\/","title":{"rendered":"Brawo za koszulki"},"content":{"rendered":"<p>Wydawa\u0142o si\u0119, \u017ce KOD umar\u0142 \u015bmierci\u0105 naturaln\u0105, do kt\u00f3rej walnie przyczyni\u0142 si\u0119 jego za\u0142o\u017cyciel. Tymczasem \u201ekodziarze\u201d dali o sobie zna\u0107 pomys\u0142ow\u0105 i brawurow\u0105 akcj\u0105 ubrania (lub przybrania) kilkudziesi\u0119ciu pomnik\u00f3w w ca\u0142ym kraju koszulk\u0105 (kamizelk\u0105) z plakatem Luki Rayskiego \u201eKonstytucja. J\u0119drek\u201d. Akcj\u0119 przeprowadzono jednej nocy i ma by\u0107 podobno kontynuowana. W koszulki ubrano tak rozmaite rze\u017aby jak pomniki Miko\u0142aja Kopernika, Lecha Kaczy\u0144skiego, Juliana Tuwima, smoka wawelskiego i misia uszatka.<br \/>\n<!--more--><br \/>\nAkcja KOD ma kilka zalet. Jest nieoczekiwana, zaskakuj\u0105ca, dowcipna, trafia do ka\u017cdego, kto nie jest ponurakiem, zw\u0142aszcza do m\u0142odego adresata, nie jest wulgarna ani brutalna, jest te\u017c trudna do \u015bcigania, poniewa\u017c jest zabawowa, weso\u0142a. Wielu \u201esprawc\u00f3w\u201d od razu si\u0119 przyzna\u0142o lub wr\u0119cz zostawi\u0142o swoje dane na miejscu \u201ezbrodni\u201d. Koszulki \u0142atwe s\u0105 do zdj\u0119cia, nie wyrz\u0105dzaj\u0105 \u017cadnych szk\u00f3d, takich jak malowanie napis\u00f3w na murach.<\/p>\n<p>Ka\u017cda w\u0142adza autorytarna, r\u00f3wnie\u017c obecna, jest bardzo serio, nad\u0119ta, napuszona, ci\u0105gle sk\u0142ada wie\u0144ce, kl\u0119ka, nadyma si\u0119 i puszy. Jeden z przeciwnik\u00f3w akcji KOD pyta\u0142 w radiu, co by\u015bmy powiedzieli, gdyby tak\u0105 koszulk\u0105 przystroi\u0107 pomnik Bohater\u00f3w Getta? Moja odpowied\u017a: to by\u0142oby niestosowne, podobnie jak \u201eubranie\u201d pomnika ofiar Katynia czy pomnika ofiar wyw\u00f3zki na Syberi\u0119. Na szcz\u0119\u015bcie inicjatorzy akcji nie pope\u0142nili takiego <em>faux pas<\/em>. Ja bym mo\u017ce oszcz\u0119dzi\u0142 pomniki Lecha Kaczy\u0144skiego, zbyt \u015bwie\u017ca jest jeszcze pami\u0119\u0107 o katastrofie smole\u0144skiej.<\/p>\n<p>Ob\u00f3z rz\u0105dz\u0105cy \u0142amie konstytucj\u0119, ale nie pozwala z tego \u017cartowa\u0107. Policja nie siedzi z za\u0142o\u017conymi r\u0119koma, w prokuraturze ten i \u00f3w szuka paragrafu na koszulki. Mijaj\u0105ce w\u0142a\u015bnie trzylecie prezydentury Andrzeja Dudy to festiwal zad\u0119cia. Im bardziej prezydent jest ogrywany i upokarzany przez PiS (ustawy s\u0105dowe, referendum), tym bardziej jest sztywny i pos\u0105gowy. Im bardziej jest trzymany za progiem Bia\u0142ego Domu, tym bardziej nadyma si\u0119  jako prezydent pa\u0144stwa, kt\u00f3re jest niesta\u0142ym cz\u0142onkiem Rady Bezpiecze\u0144stwa. Im wi\u0119ksz\u0105 gra rol\u0119 w niszczeniu pa\u0144stwa prawa, tym bardziej si\u0119 pr\u0119\u017cy przed kolejn\u0105 kompani\u0105 honorow\u0105 i tym g\u0142o\u015bniej krzyczy na s\u0142uchaczy swoich przem\u00f3wie\u0144.<\/p>\n<p>Akcja &#8222;Konstytucja. J\u0119drek\u201d jest bardzo na czasie, zarazem dowcipna i powa\u017cna, a w dodatku czyni \u015bmiesznymi tych, kt\u00f3rzy koszulki \u015bci\u0105gaj\u0105.<\/p>\n","protected":false},"excerpt":{"rendered":"<p>Akcja KOD ma kilka zalet.<\/p>\n","protected":false},"author":4,"featured_media":4743,"comment_status":"open","ping_status":"closed","sticky":false,"template":"","format":"standard","meta":{"footnotes":""},"categories":[1],"tags":[51,47],"_links":{"self":[{"href":"https:\/\/blog.polityka.pl\/passent\/wp-json\/wp\/v2\/posts\/4738"}],"collection":[{"href":"https:\/\/blog.polityka.pl\/passent\/wp-json\/wp\/v2\/posts"}],"about":[{"href":"https:\/\/blog.polityka.pl\/passent\/wp-json\/wp\/v2\/types\/post"}],"author":[{"embeddable":true,"href":"https:\/\/blog.polityka.pl\/passent\/wp-json\/wp\/v2\/users\/4"}],"replies":[{"embeddable":true,"href":"https:\/\/blog.polityka.pl\/passent\/wp-json\/wp\/v2\/comments?post=4738"}],"version-history":[{"count":3,"href":"https:\/\/blog.polityka.pl\/passent\/wp-json\/wp\/v2\/posts\/4738\/revisions"}],"predecessor-version":[{"id":4742,"href":"https:\/\/blog.polityka.pl\/passent\/wp-json\/wp\/v2\/posts\/4738\/revisions\/4742"}],"wp:featuredmedia":[{"embeddable":true,"href":"https:\/\/blog.polityka.pl\/passent\/wp-json\/wp\/v2\/media\/4743"}],"wp:attachment":[{"href":"https:\/\/blog.polityka.pl\/passent\/wp-json\/wp\/v2\/media?parent=4738"}],"wp:term":[{"taxonomy":"category","embeddable":true,"href":"https:\/\/blog.polityka.pl\/passent\/wp-json\/wp\/v2\/categories?post=4738"},{"taxonomy":"post_tag","embeddable":true,"href":"https:\/\/blog.polityka.pl\/passent\/wp-json\/wp\/v2\/tags?post=4738"}],"curies":[{"name":"wp","href":"https:\/\/api.w.org\/{rel}","templated":true}]}}