
{"id":474,"date":"2008-08-13T09:55:16","date_gmt":"2008-08-13T07:55:16","guid":{"rendered":"http:\/\/passent.blog.polityka.pl\/?p=474"},"modified":"2008-08-13T09:55:16","modified_gmt":"2008-08-13T07:55:16","slug":"bilans-wyprawy-prezydenta","status":"publish","type":"post","link":"https:\/\/blog.polityka.pl\/passent\/2008\/08\/13\/bilans-wyprawy-prezydenta\/","title":{"rendered":"Bilans wyprawy prezydenta"},"content":{"rendered":"<p><meta http-equiv=\"Content-Type\" content=\"text\/html; charset=utf-8\" \/><meta name=\"ProgId\" content=\"Word.Document\" \/><meta name=\"Generator\" content=\"Microsoft Word 10\" \/><meta name=\"Originator\" content=\"Microsoft Word 10\" \/>\n<link href=\"file:\/\/\/C:%5CRoboczy%5CTemp%5Cmsohtml1%5C01%5Cclip_filelist.xml\" rel=\"File-List\" \/><!--[if gte mso 9]><xml>  <w:WordDocument>   <w:View>Normal<\/w:View>   <w:Zoom>0<\/w:Zoom>   <w:HyphenationZone>21<\/w:HyphenationZone>   <w:Compatibility>    <w:BreakWrappedTables\/>    <w:SnapToGridInCell\/>    <w:WrapTextWithPunct\/>    <w:UseAsianBreakRules\/>   <\/w:Compatibility>   <w:BrowserLevel>MicrosoftInternetExplorer4<\/w:BrowserLevel>  <\/w:WordDocument> <\/xml><![endif]--><\/p>\n<style> <!--  \/* Font Definitions *\/  @font-face \t{font-family:Wingdings; \tpanose-1:5 0 0 0 0 0 0 0 0 0; \tmso-font-charset:2; \tmso-generic-font-family:auto; \tmso-font-pitch:variable; \tmso-font-signature:0 268435456 0 0 -2147483648 0;}  \/* Style Definitions *\/  p.MsoNormal, li.MsoNormal, div.MsoNormal \t{mso-style-parent:\"\"; \tmargin:0cm; \tmargin-bottom:.0001pt; \tmso-pagination:widow-orphan; \tfont-size:12.0pt; \tfont-family:\"Times New Roman\"; \tmso-fareast-font-family:\"Times New Roman\";} @page Section1 \t{size:612.0pt 792.0pt; \tmargin:70.85pt 70.85pt 70.85pt 70.85pt; \tmso-header-margin:35.4pt; \tmso-footer-margin:35.4pt; \tmso-paper-source:0;} div.Section1 \t{page:Section1;}  \/* List Definitions *\/  @list l0 \t{mso-list-id:495150828; \tmso-list-type:hybrid; \tmso-list-template-ids:-967558930 68485121 68485123 68485125 68485121 68485123 68485125 68485121 68485123 68485125;} @list l0:level1 \t{mso-level-start-at:0; \tmso-level-number-format:bullet; \tmso-level-text:\uf0b7; \tmso-level-tab-stop:36.0pt; \tmso-level-number-position:left; \ttext-indent:-18.0pt; \tfont-family:Symbol; \tmso-fareast-font-family:\"Times New Roman\"; \tmso-bidi-font-family:\"Times New Roman\";} @list l1 \t{mso-list-id:1942180973; \tmso-list-type:hybrid; \tmso-list-template-ids:-614813850 68485121 68485123 68485125 68485121 68485123 68485125 68485121 68485123 68485125;} @list l1:level1 \t{mso-level-start-at:0; \tmso-level-number-format:bullet; \tmso-level-text:\uf0b7; \tmso-level-tab-stop:36.0pt; \tmso-level-number-position:left; \ttext-indent:-18.0pt; \tfont-family:Symbol; \tmso-fareast-font-family:\"Times New Roman\"; \tmso-bidi-font-family:\"Times New Roman\";} ol \t{margin-bottom:0cm;} ul \t{margin-bottom:0cm;} --> <\/style>\n<p><!--[if gte mso 10]>\n\n\n<style>  \/* Style Definitions *\/  table.MsoNormalTable \t{mso-style-name:Standardowy; \tmso-tstyle-rowband-size:0; \tmso-tstyle-colband-size:0; \tmso-style-noshow:yes; \tmso-style-parent:\"\"; \tmso-padding-alt:0cm 5.4pt 0cm 5.4pt; \tmso-para-margin:0cm; \tmso-para-margin-bottom:.0001pt; \tmso-pagination:widow-orphan; \tfont-size:10.0pt; \tfont-family:\"Times New Roman\";} <\/style>\n\n <![endif]--><\/p>\n<p class=\"MsoNormal\" style=\"text-align: justify\">Bilans wyprawy polskiego prezydenta do Tbilisi w towarzystwie szef\u00f3w pa\u0144stw lub rz\u0105d\u00f3w kraj\u00f3w nadba\u0142tyckich i Ukrainy jest mieszany, zar\u00f3wno dla Polski, jak i dla Lecha Kaczy\u0144skiego.<\/p>\n<p class=\"MsoNormal\" style=\"text-align: justify\"><o:p>\u00a0<\/o:p><\/p>\n<p class=\"MsoNormal\" style=\"text-align: justify\">Po stronie zysk\u00f3w prezydent mo\u017ce zapisa\u0107, \u017ce:<\/p>\n<ul style=\"margin-top: 0cm\" type=\"disc\">\n<li class=\"MsoNormal\" style=\"text-align: justify\">Umocni\u0142 wizerunek prezydenta aktywnego,<\/li>\n<li class=\"MsoNormal\" style=\"text-align: justify\">Pokaza\u0142, \u017ce potrafi\u0142 zmobilizowa\u0107 niekt\u00f3rych      przyw\u00f3dc\u00f3w i zbli\u017cy\u0142 si\u0119 do wymarzonego celu bycia &#8222;liderem&#8221; Europy \u015arodkowo-Wschodniej      w sprawach &#8222;na Wsch\u00f3d od Unii&#8221;,<\/li>\n<li class=\"MsoNormal\" style=\"text-align: justify\">Umocni\u0142 sympati\u0119 Gruzin\u00f3w do Polski,<\/li>\n<li class=\"MsoNormal\" style=\"text-align: justify\">Popchn\u0105\u0142 Uni\u0119 Europejsk\u0105 do dzia\u0142ania,<\/li>\n<li class=\"MsoNormal\" style=\"text-align: justify\">Rozpocz\u0105\u0142 swoj\u0105 kampani\u0119 wyborcz\u0105 i zapewne poprawi      miejsce w sonda\u017cach,<\/li>\n<li class=\"MsoNormal\" style=\"text-align: justify\">Przypomnia\u0142 o warto\u015bciach, kt\u00f3re powinny      obowi\u0105zywa\u0107 w stosunkach mi\u0119dzypa\u0144stwowych,<\/li>\n<li class=\"MsoNormal\" style=\"text-align: justify\">Przypomnia\u0142, \u017ce rz\u0105dy Kremla w tej cz\u0119\u015bci Europy si\u0119      sko\u0144czy\u0142y.<\/li>\n<\/ul>\n<p class=\"MsoNormal\" style=\"text-align: justify\"><o:p>\u00a0<\/o:p><\/p>\n<p class=\"MsoNormal\" style=\"text-align: justify\">Po stronie strat prezydent Kaczy\u0144ski powinien odnotowa\u0107:<\/p>\n<ul style=\"margin-top: 0cm\" type=\"disc\">\n<li class=\"MsoNormal\" style=\"text-align: justify\">Cofni\u0119cie stosunk\u00f3w polsko \u2013 rosyjskich o kilka lat,<\/li>\n<li class=\"MsoNormal\" style=\"text-align: justify\">Przekre\u015blenie z\u0142udnych sk\u0105din\u0105d nadziei na to, \u017ce      Polska b\u0119dzie \u201epomostem\u201d pomi\u0119dzy Uni\u0105 a Rosj\u0105,<\/li>\n<li class=\"MsoNormal\" style=\"text-align: justify\">Uto\u017csamienie Polski z polityk\u0105 <span>\u00a0<\/span>Saakaszwilego,<span>\u00a0 <\/span><span>\u00a0<\/span><\/li>\n<li class=\"MsoNormal\" style=\"text-align: justify\">Os\u0142abienie pozycji Polski w koncercie unijnym,<\/li>\n<li class=\"MsoNormal\" style=\"text-align: justify\">Przeciwstawienie gest\u00f3w konstruktywnym rozmowom, kt\u00f3re prowadzi\u0142 w tym      czasie prezydent Sarkozy. Os\u0142abienie \u017cyczliwo\u015bci prezydencji francuskiej,<\/li>\n<li class=\"MsoNormal\" style=\"text-align: justify\">Uto\u017csamienie Polski z polityk\u0105 gest\u00f3w i s\u0142\u00f3w, za      kt\u00f3ra nie id\u0105 konkrety,<\/li>\n<li class=\"MsoNormal\" style=\"text-align: justify\">Podsycanie<span>\u00a0      <\/span>nastroj\u00f3w konfrontacyjnych: \u201eprzyjechali\u015bmy walczy\u0107\u201d, \u201enie oddamy      ani guzika\u201d, \u201edzisiaj Gruzja, jutro pa\u0144stwa ba\u0142tyckie, pojutrze by\u0107 mo\u017ce      nasz kraj\u201d \u2013 to ewidentne nawi\u0105zanie do hitlerowskiego \u201eund Morgen die      ganze Welt!\u201d,<\/li>\n<li class=\"MsoNormal\" style=\"text-align: justify\">M\u00f3wi\u0142 tylko o Rosji car\u00f3w i dyktator\u00f3w, \u201ezapomnia\u0142\u201d      o Rosji So\u0142\u017cenicyna i Sacharowa, ura\u017caj\u0105c tym samym wielu Rosjan,<\/li>\n<li class=\"MsoNormal\" style=\"text-align: justify\">Da\u0142 argument Tuskowi i Sikorskiemu, \u017ce prowadz\u0105      polityk\u0119 bardziej odpowiedzialn\u0105 i dalekowzroczn\u0105,<\/li>\n<li class=\"MsoNormal\" style=\"text-align: justify\"><span><\/span>U\u017cy\u0142      polityki zagranicznej do w\u0142asnej kampanii wyborczej.<\/li>\n<\/ul>\n<p class=\"MsoNormal\" style=\"text-align: justify\"><o:p>\u00a0<\/o:p><\/p>\n<p class=\"MsoNormal\" style=\"text-align: justify\">Podsumowanie nale\u017cy do Blogowicz\u00f3w, kt\u00f3rzy zapewne dodadz\u0105 swoje argumenty po obu stronach bilansu.<\/p>\n","protected":false},"excerpt":{"rendered":"<p>Bilans wyprawy polskiego prezydenta do Tbilisi w towarzystwie szef\u00f3w pa\u0144stw lub rz\u0105d\u00f3w kraj\u00f3w nadba\u0142tyckich i Ukrainy jest mieszany, zar\u00f3wno dla Polski, jak i dla Lecha Kaczy\u0144skiego. \u00a0 Po stronie zysk\u00f3w prezydent mo\u017ce zapisa\u0107, \u017ce: Umocni\u0142 wizerunek prezydenta aktywnego, Pokaza\u0142, \u017ce potrafi\u0142 zmobilizowa\u0107 niekt\u00f3rych przyw\u00f3dc\u00f3w i zbli\u017cy\u0142 si\u0119 do wymarzonego celu bycia &#8222;liderem&#8221; Europy \u015arodkowo-Wschodniej w [&hellip;]<\/p>\n","protected":false},"author":4,"featured_media":0,"comment_status":"open","ping_status":"open","sticky":false,"template":"","format":"standard","meta":{"footnotes":""},"categories":[1],"tags":[],"_links":{"self":[{"href":"https:\/\/blog.polityka.pl\/passent\/wp-json\/wp\/v2\/posts\/474"}],"collection":[{"href":"https:\/\/blog.polityka.pl\/passent\/wp-json\/wp\/v2\/posts"}],"about":[{"href":"https:\/\/blog.polityka.pl\/passent\/wp-json\/wp\/v2\/types\/post"}],"author":[{"embeddable":true,"href":"https:\/\/blog.polityka.pl\/passent\/wp-json\/wp\/v2\/users\/4"}],"replies":[{"embeddable":true,"href":"https:\/\/blog.polityka.pl\/passent\/wp-json\/wp\/v2\/comments?post=474"}],"version-history":[{"count":0,"href":"https:\/\/blog.polityka.pl\/passent\/wp-json\/wp\/v2\/posts\/474\/revisions"}],"wp:attachment":[{"href":"https:\/\/blog.polityka.pl\/passent\/wp-json\/wp\/v2\/media?parent=474"}],"wp:term":[{"taxonomy":"category","embeddable":true,"href":"https:\/\/blog.polityka.pl\/passent\/wp-json\/wp\/v2\/categories?post=474"},{"taxonomy":"post_tag","embeddable":true,"href":"https:\/\/blog.polityka.pl\/passent\/wp-json\/wp\/v2\/tags?post=474"}],"curies":[{"name":"wp","href":"https:\/\/api.w.org\/{rel}","templated":true}]}}