
{"id":4753,"date":"2018-08-12T12:35:13","date_gmt":"2018-08-12T10:35:13","guid":{"rendered":"https:\/\/passent.blog.polityka.pl\/?p=4753"},"modified":"2018-08-12T12:52:55","modified_gmt":"2018-08-12T10:52:55","slug":"beczka-smiechu","status":"publish","type":"post","link":"https:\/\/blog.polityka.pl\/passent\/2018\/08\/12\/beczka-smiechu\/","title":{"rendered":"Beczka \u015bmiechu"},"content":{"rendered":"<p>Pe\u0142nia lata, czas si\u0119 u\u015bmiechn\u0105\u0107. Jest z czego.<br \/>\n<!--more--><br \/>\n\u017b\u00f3\u0142wie tempo wymiaru sprawiedliwo\u015bci. Oto tekst z pierwszej strony (!) &#8222;Gazety Wyborczej&#8221; z 20 lipca 2018 r.: \u201ePRZEPROSINY. Ja Dorota Kania przepraszam Pani\u0105 Aleksandr\u0119 Dochnal za podanie nieprawdziwych i naruszaj\u0105cych jej dobra osobiste informacji w trakcie programu \u00bb30 minut extra\u00ab wyemitowanego w dniu 1 marca 2008 roku na kanale TVP Info. Dorota Kania\u201d.<\/p>\n<p>Co w tym jest dziwnego? To, \u017ce Kania musia\u0142a przeprosi\u0107 za swoje post\u0119powanie, chyba nikogo nie dziwi. \u017be w gazecie Michnika? Widocznie kto\u015b j\u0105 zmusi\u0142. Ale fakt, \u017ce to musia\u0142o potrwa\u0107 10 lat od czynu (2008 r.) do przeprosin (2018 r.) to jest dow\u00f3d na to, jak powoli dzia\u0142aj\u0105 w Polsce s\u0105dy, jak \u0142atwo sabotowa\u0107 i op\u00f3\u017ania\u0107 wymiar sprawiedliwo\u015bci. Wi\u0119c mo\u017ce faktycznie trzeba s\u0105dy naprawi\u0107, tak by cz\u0142owiek znies\u0142awiony m\u00f3g\u0142 si\u0119 doczeka\u0107 satysfakcji wcze\u015bniej ni\u017c po up\u0142ywie dekady? Tak by nast\u0119pnym razem pani Kania, wa\u017cna posta\u0107 w prawicowych mediach, mog\u0142a przeprosi\u0107 pr\u0119dzej, zgodnie ze swoim wra\u017cliwym sumieniem?<\/p>\n<p>Jakie trzeba mie\u0107 zdrowie, \u017ceby oczy\u015bci\u0107 si\u0119 z nieprawdziwych informacji. I jakim trzeba by\u0107 m\u0142odym! Ludzi 60+ mo\u017cna znies\u0142awia\u0107 spokojnie, nawet je\u017celi zdecyduj\u0105 si\u0119 p\u00f3j\u015b\u0107 do s\u0105du, to im \u017cycia nie starczy, nie doczekaj\u0105 satysfakcji. Dziwne, \u017ce \u201eprzeprosiny\u201d Doroty Kani min\u0119\u0142y bez echa w mediach. Wszak to potwierdza, \u017ce wymiar sprawiedliwo\u015bci znajduje si\u0119 w ruinie. Kiedy poinformuje o tym TVP Info?<\/p>\n<p>Z innej beczki. Prawica Rzeczypospolitej zbiera podpisy pod nowelizacj\u0105 ustawy o zgromadzeniach, aby wprowadzi\u0107 zakaz manifestacji w odleg\u0142o\u015bci bli\u017cszej ni\u017c 200 m od miejsc kultu religijnego: ko\u015bcio\u0142\u00f3w, kaplic, cmentarzy, plebanii, klasztor\u00f3w. \u201eWielkie manifestacje utrudniaj\u0105 bowiem sprawowanie [w nich] obrz\u0119d\u00f3w religijnych. (&#8230;) Nie chodzi nam o ograniczenie wolno\u015bci zgromadze\u0144 [bro\u0144 Bo\u017ce! \u2013 Pass.], ale o ochron\u0119 miejsc kultu religijnego\u201d \u2013 t\u0142umacz\u0105 autorzy projektu. Bior\u0105c pod uwag\u0119, jakie w niekt\u00f3rych miastach i dzielnicach jest zag\u0119szczenie miejsc kultu (Krak\u00f3w, Warszawa, Podhale, Sandomierz), ile \u2013 \u015blicznych czasami &#8211; kapliczek przydro\u017cnych, je\u017celi taka nowelizacja przejdzie, to manifestacje b\u0119d\u0105 dozwolone tylko na Pustyni B\u0142\u0119dowskiej. A mo\u017ce by tak w rewan\u017cu \u017cadnych obrz\u0119d\u00f3w religijnych, pielgrzymek, procesji w odleg\u0142o\u015bci wi\u0119kszej ni\u017c 200 m od miejsc kultu?<\/p>\n<p>Z tej samej beczki. Cz\u0142onkowie Komisji Heraldycznej przy MSWiA zwracaj\u0105 uwag\u0119, \u017ce herb pa\u0144stwowy wymaga zmiany i nale\u017cy przywr\u00f3ci\u0107 Chor\u0105giew Rzeczypospolitej, kt\u00f3ra na sta\u0142e przebywa w sieni Pa\u0142acu Prezydenckiego. \u201ePolska okr\u0105g\u0142osto\u0142owa, ten owoc transakcji wi\u0105zanej komunist\u00f3w i cz\u0119\u015bci opozycji, odci\u0119\u0142a si\u0119 od swoich najwi\u0119kszych symboli to\u017csamo\u015bciowych\u201d. Aby \u201edomkn\u0105\u0107 niepodleg\u0142o\u015b\u0107\u201d, nale\u017cy \u2013 zdaniem ekspert\u00f3w &#8211; zast\u0105pi\u0107 obecnie obowi\u0105zuj\u0105c\u0105 koron\u0119 otwart\u0105 \u201ekoron\u0105 zamkni\u0119t\u0105, czyli uzupe\u0142nion\u0105 od g\u00f3ry dwoma przekrzy\u017cowanymi kab\u0142\u0105kami, kt\u00f3re wie\u0144czy jab\u0142ko kr\u00f3lewskie zako\u0144czone krzy\u017cem\u201d. Prace nad \u201edomkni\u0119ciem niepodleg\u0142o\u015bci\u201d trwaj\u0105, zw\u0142aszcza obecnie, w stulecie jej odzyskania. Wszystko gotowe, jeszcze tylko jab\u0142ko&#8230;<\/p>\n<p>Lada dzie\u0144 Defilada Niepodleg\u0142o\u015bci. Polska armia poka\u017ce si\u0119 jako niezwyci\u0119\u017cona pot\u0119ga. Zwierzchnik Andrzej Duda wyst\u0105pi w swojej ulubionej roli celebranta, a pierwsza dama poka\u017ce si\u0119 w pi\u0119knej kreacji. Moim zdaniem najwi\u0119kszym atutem obecnej ekipy jest krawcowa pierwszej damy. Kreacje jej roboty nigdy nie by\u0142y spaprane, nie wymaga\u0142y nowelizacji, nie wywo\u0142a\u0142y protest\u00f3w w USA ani w Izraelu, nie uwiera\u0142y te\u017c Nowogrodzkiej.<\/p>\n<p>Niestety, tu\u017c po defiladzie prezydent, minister obrony i kilkadziesi\u0105t innych niezb\u0119dnych os\u00f3b wybiera si\u0119 do&#8230; Australii, by umacnia\u0107 tradycyjne stosunki \u201edobros\u0105siedzkie\u201d, w tym podpisa\u0107 list intencyjny na zakup tamtejszych antycznych korwet (nie wiadomo: z uzbrojeniem i odpowiednimi \u015bmig\u0142owcami czy bez). Listy intencyjne strony polskiej s\u0105 wysoko cenione we Francji przez tamtejszych producent\u00f3w helikopter\u00f3w oraz w tamtejszych stoczniach jachtowych. Ewentualny zakup fregat z demobilu, z kt\u00f3rych jedn\u0105 lub dwie Australijczycy postanowili zatopi\u0107 dla cel\u00f3w szkoleniowych, wywo\u0142a\u0142 ju\u017c zdziwienie w Polsce, gdzie rz\u0105d zapowiada\u0142 odbudow\u0119 przemys\u0142u stoczniowego, w tym stoczni Marynarki Wojennej.<\/p>\n<p>S\u0105 te\u017c ofiary w ludziach. Inspektor Marynarki Wojennej, kt\u00f3ry o\u015bmieli\u0142 si\u0119 wyrazi\u0107 w\u0105tpliwo\u015bci, wylecia\u0142 ju\u017c na minie. Do zobaczenia na defiladzie, gdzie b\u0119d\u0105 paradowa\u0107 u\u017cywane czo\u0142gi Bundeswehry. B\u0105d\u017amy spokojni \u2013 o zakupach decydowa\u0107 b\u0119d\u0105 prezydent Duda i minister B\u0142aszczak.<\/p>\n<p>Australia welcome to!<\/p>\n","protected":false},"excerpt":{"rendered":"<p>A mo\u017ce by tak w rewan\u017cu \u017cadnych obrz\u0119d\u00f3w religijnych, pielgrzymek, procesji w odleg\u0142o\u015bci wi\u0119kszej ni\u017c 200 m od miejsc kultu?<\/p>\n","protected":false},"author":4,"featured_media":4757,"comment_status":"open","ping_status":"closed","sticky":false,"template":"","format":"standard","meta":{"footnotes":""},"categories":[1],"tags":[],"_links":{"self":[{"href":"https:\/\/blog.polityka.pl\/passent\/wp-json\/wp\/v2\/posts\/4753"}],"collection":[{"href":"https:\/\/blog.polityka.pl\/passent\/wp-json\/wp\/v2\/posts"}],"about":[{"href":"https:\/\/blog.polityka.pl\/passent\/wp-json\/wp\/v2\/types\/post"}],"author":[{"embeddable":true,"href":"https:\/\/blog.polityka.pl\/passent\/wp-json\/wp\/v2\/users\/4"}],"replies":[{"embeddable":true,"href":"https:\/\/blog.polityka.pl\/passent\/wp-json\/wp\/v2\/comments?post=4753"}],"version-history":[{"count":3,"href":"https:\/\/blog.polityka.pl\/passent\/wp-json\/wp\/v2\/posts\/4753\/revisions"}],"predecessor-version":[{"id":4756,"href":"https:\/\/blog.polityka.pl\/passent\/wp-json\/wp\/v2\/posts\/4753\/revisions\/4756"}],"wp:featuredmedia":[{"embeddable":true,"href":"https:\/\/blog.polityka.pl\/passent\/wp-json\/wp\/v2\/media\/4757"}],"wp:attachment":[{"href":"https:\/\/blog.polityka.pl\/passent\/wp-json\/wp\/v2\/media?parent=4753"}],"wp:term":[{"taxonomy":"category","embeddable":true,"href":"https:\/\/blog.polityka.pl\/passent\/wp-json\/wp\/v2\/categories?post=4753"},{"taxonomy":"post_tag","embeddable":true,"href":"https:\/\/blog.polityka.pl\/passent\/wp-json\/wp\/v2\/tags?post=4753"}],"curies":[{"name":"wp","href":"https:\/\/api.w.org\/{rel}","templated":true}]}}