
{"id":4758,"date":"2018-08-15T06:15:06","date_gmt":"2018-08-15T04:15:06","guid":{"rendered":"https:\/\/passent.blog.polityka.pl\/?p=4758"},"modified":"2018-08-15T07:23:20","modified_gmt":"2018-08-15T05:23:20","slug":"hulaj-dusza","status":"publish","type":"post","link":"https:\/\/blog.polityka.pl\/passent\/2018\/08\/15\/hulaj-dusza\/","title":{"rendered":"Hulaj dusza!"},"content":{"rendered":"<p>Polska defiluje, Duda wetuje, Europa strofuje.<br \/>\n<!--more--><br \/>\nJedna Polska szykuje si\u0119 do defilady, najwi\u0119kszej, najpi\u0119kniejszej, najbardziej zwyci\u0119skiej i najbardziej naszej, polskiej. Co tam wszystko zostanie pokazane, to si\u0119 w g\u0142owie nie mie\u015bci. Cuda niewidy. Pary\u017c i Moskwa niech si\u0119 schowaj\u0105. W\u0142adza obecna przyk\u0142ada du\u017ce znaczenie do utrwalania ducha narodowego, tradycji patriotycznej, wi\u0119c nie szcz\u0119dzi grosza na celebrowanie, sk\u0142adanie wie\u0144c\u00f3w, pochylanie g\u0142owy, poprawianie wst\u0105\u017cki (chyba \u017ce chodzi o \u201e Motyla\u201d \u2013 wtedy nie).<\/p>\n<p>Tylko \u017caden ryk silnik\u00f3w i chrz\u0119st g\u0105sienic nie zag\u0142uszy w\u0105tpliwo\u015bci, jak to jest: zaledwie dwa lata temu Polska by\u0142a podobno bezbronna, armia pe\u0142na by\u0142a os\u00f3b niekompetentnych i niegodnych zaufania. Minister obrony PiS Antoni Macierewicz wyrzuca\u0142 setki genera\u0142\u00f3w i oficer\u00f3w, czy\u015bci\u0142 stajni\u0119 Augiasza, zapowiada\u0142 \u015bmig\u0142owce, a to ameryka\u0144skie, a to polsko-ukrai\u0144skie, a premier Szyd\u0142o sta\u0142a za nim murem.<\/p>\n<p>Macierewicz czy\u015bci\u0142, czy\u015bci\u0142, a\u017c jego sczy\u015bcili. Nosi\u0142 wilk razy kilka&#8230; Obecny minister, Mariusz B\u0142aszczak, przyszed\u0142 uzbrojony w miot\u0142\u0119, kt\u00f3r\u0105 wymachiwa\u0142 kilka miesi\u0119cy. Tak jak jego poprzednik usuwa\u0142 podobno \u201ez\u0142ogi postkomunistyczne\u201d, tak nowy minister czy\u015bci\u0142 resort z ludzi swojego poprzednika. Wyrzuceni genera\u0142owie w pe\u0142ni si\u0142, kt\u00f3rych wykszta\u0142cenie kosztowa\u0142o miliony, wyra\u017caj\u0105 si\u0119 o stanie polskich si\u0142 zbrojnych i przemys\u0142u obronnego, delikatnie m\u00f3wi\u0105c, \u017ale. B\u0119dzie to defilada dumy (do pewnego stopnia na kredyt) i oby by\u0142o ku temu jak najwi\u0119cej powod\u00f3w. Na razie jest to defilada nadziei, \u017ce b\u0119dzie lepiej.<\/p>\n<p>Prezydent Andrzej Duda sp\u0119dzi\u0142 czas przed defilad\u0105 na budowaniu napi\u0119cia przed jego spodziewanym wetem wobec pisowskiego projektu zmiany ordynacji wyborczej do Parlamentu Europejskiego na bardziej dla siebie korzystn\u0105. Kiedy ju\u017c wszystkie wr\u00f3ble \u0107wierka\u0142y, \u017ce b\u0119dzie weto, prezydent si\u0119 sk\u0142ania\u0142, by\u0142 sk\u0142onny, radzi\u0142 si\u0119, konsultowa\u0142, budowa\u0142 emocje, stopniowa\u0142 napi\u0119cie, nie m\u00f3g\u0142 znie\u015b\u0107 tego jaja, a\u017c wreszcie chyba urodzi to weto lada chwila, bo czeka go to, co najbardziej lubi: defilada i Australia.<\/p>\n<p>Z okazji setnej rocznicy odzyskania niepodleg\u0142o\u015bci Komisja Europejska da\u0142a nam dziwny prezent: KE uznaje polsk\u0105 ustaw\u0119 o S\u0105dzie Najwy\u017cszym za niezgodn\u0105 z prawem unijnym i robi kolejny krok w kierunku postawienia nas przed Trybuna\u0142em Sprawiedliwo\u015bci. Polska jednak trwa przy swoim, licz\u0105c (mo\u017ce s\u0142usznie), \u017ce Europa si\u0119 nie odwa\u017cy. Na razie radujemy si\u0119, defilujemy, podr\u00f3\u017cujemy \u2013 hulaj dusza!<\/p>\n","protected":false},"excerpt":{"rendered":"<p>\u017baden ryk silnik\u00f3w i chrz\u0119st g\u0105sienic nie zag\u0142uszy w\u0105tpliwo\u015bci, jak jest naprawd\u0119.<\/p>\n","protected":false},"author":4,"featured_media":4764,"comment_status":"open","ping_status":"closed","sticky":false,"template":"","format":"standard","meta":{"footnotes":""},"categories":[1],"tags":[],"_links":{"self":[{"href":"https:\/\/blog.polityka.pl\/passent\/wp-json\/wp\/v2\/posts\/4758"}],"collection":[{"href":"https:\/\/blog.polityka.pl\/passent\/wp-json\/wp\/v2\/posts"}],"about":[{"href":"https:\/\/blog.polityka.pl\/passent\/wp-json\/wp\/v2\/types\/post"}],"author":[{"embeddable":true,"href":"https:\/\/blog.polityka.pl\/passent\/wp-json\/wp\/v2\/users\/4"}],"replies":[{"embeddable":true,"href":"https:\/\/blog.polityka.pl\/passent\/wp-json\/wp\/v2\/comments?post=4758"}],"version-history":[{"count":4,"href":"https:\/\/blog.polityka.pl\/passent\/wp-json\/wp\/v2\/posts\/4758\/revisions"}],"predecessor-version":[{"id":4763,"href":"https:\/\/blog.polityka.pl\/passent\/wp-json\/wp\/v2\/posts\/4758\/revisions\/4763"}],"wp:featuredmedia":[{"embeddable":true,"href":"https:\/\/blog.polityka.pl\/passent\/wp-json\/wp\/v2\/media\/4764"}],"wp:attachment":[{"href":"https:\/\/blog.polityka.pl\/passent\/wp-json\/wp\/v2\/media?parent=4758"}],"wp:term":[{"taxonomy":"category","embeddable":true,"href":"https:\/\/blog.polityka.pl\/passent\/wp-json\/wp\/v2\/categories?post=4758"},{"taxonomy":"post_tag","embeddable":true,"href":"https:\/\/blog.polityka.pl\/passent\/wp-json\/wp\/v2\/tags?post=4758"}],"curies":[{"name":"wp","href":"https:\/\/api.w.org\/{rel}","templated":true}]}}