
{"id":477,"date":"2008-08-19T23:21:52","date_gmt":"2008-08-19T21:21:52","guid":{"rendered":"http:\/\/passent.blog.polityka.pl\/?p=477"},"modified":"2008-08-19T23:39:01","modified_gmt":"2008-08-19T21:39:01","slug":"piar-prezydenta","status":"publish","type":"post","link":"https:\/\/blog.polityka.pl\/passent\/2008\/08\/19\/piar-prezydenta\/","title":{"rendered":"Piar prezydenta"},"content":{"rendered":"<p>Zanim jeszcze prezydent RP, profesor kontraktowy Lech Kaczy\u0144ski wyg\u0142osi\u0142 or\u0119dzie z powodu tarczy, zd\u0105\u017cy\u0142 przypi\u0105\u0107 \u0142atk\u0119 premierowi.<br \/>\n\u2013<em> To wszystko piar, piar, piar<\/em> \u2013 powiedzia\u0142 o sugestiach, jakoby rz\u0105d Tuska zdo\u0142a\u0142 wynegocjowa\u0107 z Amerykanami lepsze warunki w sprawie tarczy. Jakie warunki osi\u0105gn\u0119li Fotyga i prezydent, a jakie Sikorski i premier \u2013 ka\u017cdy widzi. Jeszcze niedawno ludzie PiS mieli rz\u0105dowi za z\u0142e, \u017ce targuje si\u0119 jak na bazarze. Teraz maj\u0105 za z\u0142e, \u017ce niczego wi\u0119cej ni\u017c oni nie utargowa\u0142. Ale mniejsza o to.<\/p>\n<p>Ja pozwol\u0119 sobie najpierw zwr\u00f3ci\u0107 uwag\u0119 na pewien drobiazg, mianowicie Sikorski wr\u00f3ci\u0142 z Brukseli na pok\u0142adzie samolotu Air Force Two, zaproszony tam przez sam\u0105 Condoleezz\u0119 Rice. Czy ameryka\u0144ska Sekretarz Stanu zaprosi\u0142aby do samolotu polityka antyameryka\u0144skiego, jakiego chcieli w Sikorskim widzie\u0107 bracia K.? Od czasu, kiedy JP II zaprosi\u0142 do papamobilu prezydenta Kwa\u015bniewskiego z Jolant\u0105, nie by\u0142o bardziej znacz\u0105cej podw\u00f3zki. Oby tylko Sikorski nie dosta\u0142 zawrotu g\u0142owy od sukces\u00f3w \u2013 najpierw w samolocie z prezydentem Kaczy\u0144skim, potem z Condoleezz\u0105. Strach pomy\u015ble\u0107 z kim poleci jutro\u2026<\/p>\n<p>A co piaru, to przygania\u0142 kocio\u0142 garnkowi. M\u00f3wi si\u0119, \u017ce jedyne, co potrafi Platforma, to piar. Nie uwa\u017cam, \u017ceby to byli mistrzowie piaru, ale czym innym zajmuje si\u0119 prezydent? Or\u0119dzie wyg\u0142oszone w przeddzie\u0144 podpisania umowy o tarczy to jeden wielki piar. Ja, ja i jeszcze raz ja \u2013 oto idea przewodnia or\u0119dzia. Poniedzia\u0142ek \u2013 ja. Wtorek \u2013 ja. \u015aroda \u2013 ja. I dalej, jak u Gombrowicza. \u201eBy\u0142em osobi\u015bcie zaanga\u017cowany\u201d w sprawy tarczy, \u201epodj\u0105\u0142em si\u0119 nowego zadania\u201d, \u201em\u00f3j plan dla Polski\u201d, \u201epomogli mi\u201d, \u201eodrzuci\u0142em wizje\u201d, \u201euda\u0142o mi si\u0119 podnie\u015b\u0107 na bardzo wysoki poziom\u201d, umo\u017cliwi\u0142a mi wynegocjowanie dobrego dla Polski traktatu lizbo\u0144skiego, \u201emusia\u0142em podejmowa\u0107 trudne decyzje\u201d, \u201erobi\u0142em, robi\u0119 i b\u0119d\u0119 robi\u0142\u201d itd. itp. Ostatnie dni i tygodnie to festiwal piaru g\u0142owy pa\u0144stwa \u2013 \u201eNewsweek\u201d, \u201eRzeczposoplita\u201d, TVP \u2013 prezydent dwoi si\u0119 i troi w zabiegach o publicity.<\/p>\n<p>Trzeba przyzna\u0107, \u017ce wychodzi mu to lepiej ni\u017c nies\u0142awny spot telewizyjny w re\u017cyserii Jacka Kurskiego. Cho\u0107 i tym razem zdarzy\u0142a si\u0119 gafa. Mianowicie zawarli\u015bmy porozumienie z rz\u0105dem \u201eStan\u00f3w Zjednoczonych Ameryki\u201d, a nie \u201eAmeryki P\u00f3\u0142nocnej\u201d (jak powiedzia\u0142 L.K.), gdy\u017c takiego kraju nie ma. Warto r\u00f3wnie\u017c popracowa\u0107 nad form\u0105. W czasie or\u0119dzia prezydent by\u0142 spi\u0119ty, sztywny, jak gdyby si\u0119 ba\u0142. Lepiej przemawia\u0142 w Tbilisi, zamiast czyta\u0107 \u2013 improwizowa\u0142, nie ba\u0142 si\u0119, ale tam ma wi\u0119cej przyjaci\u00f3\u0142.<\/p>\n<p>Lech Kaczy\u0144ski jest ju\u017c w pe\u0142ni kampanii wyborczej. Unika kwestii k\u0142opotliwych (dlaczego nie opublikuje aneksu do raportu Macierewicza, skoro autor jest taki znakomity? Komu udaje si\u0119 zepsu\u0107 stosunki z Rosj\u0105?), atakuje Sikorskiego (m\u00f3wi\u0105c, \u017ce mo\u017ce si\u0119 czego\u015b nauczy\u0142 obserwuj\u0105c z bliska eskapad\u0119 do Tbilisi), s\u0142owem &#8211; przesta\u0142 gra\u0107 role prezydenta, zdj\u0105\u0142 r\u0119kawiczki i boksuje. Ostatnio \u201eRzeczpospolita\u201d og\u0142osi\u0142a badania opinii, w kt\u00f3rych pad\u0142o pytanie, czy Donald Tusk powinien zrezygnowa\u0107 z ubiegania si\u0119 o prezydentur\u0119 i skupi\u0107 si\u0119 na obowi\u0105zkach premiera. Na tak sformu\u0142owane pytanie wi\u0119kszo\u015b\u0107 odpowiedzia\u0142a twierdz\u0105co. Czekam na podobne badanie dotycz\u0105ce prezydenta. Mo\u017ce przynajmniej wyniki tych bada\u0144 zostan\u0105 opublikowane.<\/p>\n","protected":false},"excerpt":{"rendered":"<p>Zanim jeszcze prezydent RP, profesor kontraktowy Lech Kaczy\u0144ski wyg\u0142osi\u0142 or\u0119dzie z powodu tarczy, zd\u0105\u017cy\u0142 przypi\u0105\u0107 \u0142atk\u0119 premierowi. \u2013 To wszystko piar, piar, piar \u2013 powiedzia\u0142 o sugestiach, jakoby rz\u0105d Tuska zdo\u0142a\u0142 wynegocjowa\u0107 z Amerykanami lepsze warunki w sprawie tarczy. Jakie warunki osi\u0105gn\u0119li Fotyga i prezydent, a jakie Sikorski i premier \u2013 ka\u017cdy widzi. Jeszcze niedawno [&hellip;]<\/p>\n","protected":false},"author":4,"featured_media":0,"comment_status":"open","ping_status":"open","sticky":false,"template":"","format":"standard","meta":{"footnotes":""},"categories":[1],"tags":[],"_links":{"self":[{"href":"https:\/\/blog.polityka.pl\/passent\/wp-json\/wp\/v2\/posts\/477"}],"collection":[{"href":"https:\/\/blog.polityka.pl\/passent\/wp-json\/wp\/v2\/posts"}],"about":[{"href":"https:\/\/blog.polityka.pl\/passent\/wp-json\/wp\/v2\/types\/post"}],"author":[{"embeddable":true,"href":"https:\/\/blog.polityka.pl\/passent\/wp-json\/wp\/v2\/users\/4"}],"replies":[{"embeddable":true,"href":"https:\/\/blog.polityka.pl\/passent\/wp-json\/wp\/v2\/comments?post=477"}],"version-history":[{"count":0,"href":"https:\/\/blog.polityka.pl\/passent\/wp-json\/wp\/v2\/posts\/477\/revisions"}],"wp:attachment":[{"href":"https:\/\/blog.polityka.pl\/passent\/wp-json\/wp\/v2\/media?parent=477"}],"wp:term":[{"taxonomy":"category","embeddable":true,"href":"https:\/\/blog.polityka.pl\/passent\/wp-json\/wp\/v2\/categories?post=477"},{"taxonomy":"post_tag","embeddable":true,"href":"https:\/\/blog.polityka.pl\/passent\/wp-json\/wp\/v2\/tags?post=477"}],"curies":[{"name":"wp","href":"https:\/\/api.w.org\/{rel}","templated":true}]}}