
{"id":4771,"date":"2018-08-17T23:52:26","date_gmt":"2018-08-17T21:52:26","guid":{"rendered":"https:\/\/passent.blog.polityka.pl\/?p=4771"},"modified":"2018-08-18T02:18:09","modified_gmt":"2018-08-18T00:18:09","slug":"z-fregata-na-dno","status":"publish","type":"post","link":"https:\/\/blog.polityka.pl\/passent\/2018\/08\/17\/z-fregata-na-dno\/","title":{"rendered":"Z fregat\u0105 na dno"},"content":{"rendered":"<p>Polska Marynarka Wojenna wyra\u017anie nie ma szcz\u0119\u015bcia. Jej flota i si\u0142a ra\u017cenia jest por\u00f3wnywalna do Czech i W\u0119gier. Nadaje si\u0119 tylko do muzeum.<br \/>\n<!--more--><br \/>\nOdsiecz mia\u0142a dop\u0142yn\u0105\u0107 z&#8230; Australii i by\u0107 ozdob\u0105 pierwszej w historii (!) wizyty polskiego prezydenta w tym kraju. Andrzej Duda i minister obrony Mariusz B\u0142aszczak (ten od sodomit\u00f3w) mieli przywie\u017a\u0107 z wyprawy list intencyjny dotycz\u0105cy zakupu przez Polsk\u0119 dw\u00f3ch wys\u0142u\u017conych fregat po remoncie i dozbrojeniu. Prezent i jego \u015bwita siedzieli ju\u017c chyba na walizkach lub wr\u0119cz byli w powietrzu, kiedy w Polsce gruchn\u0119\u0142a wie\u015b\u0107, \u017ce premier Morawiecki&#8230; zablokowa\u0142 transakcj\u0119, a prezydent dowiedzia\u0142 si\u0119 o tym od&#8230; osoby trzeciej.<\/p>\n<p>Przed wyjazdem do Australii o spodziewanej transakcji m\u00f3wi\u0142 nawet szef gabinetu prezydenta prof. Szczerski. Kiedy Morawiecki rozkaza\u0142 \u201eca\u0142a wstecz\u201d (chyba s\u0142usznie, bo w\u0142asny przemys\u0142 stoczniowy itd.), otoczenie prezydenta zacz\u0119\u0142o m\u00f3wi\u0107, \u017ce to jest transakcja rz\u0105dowa i to rz\u0105d poniesie odpowiedzialno\u015b\u0107 za jej fiasko.<\/p>\n<p>Z kolei przedstawiciel rz\u0105du wiceminister obrony Wojciech Skurkiewicz w rozmowie z Onetem zacz\u0105\u0142 kr\u0119ci\u0107 jak b\u0105k i wi\u0107 si\u0119 jak piskorz: rz\u0105d nie planowa\u0142 zakupu, owszem, to jest sprz\u0119t warto\u015bciowy, gdyby Australia oferowa\u0142a go za darmo, toby\u015bmy przyj\u0119li, ale gdyby to mia\u0142a by\u0107 transakcja, to inna sprawa itd. itp. Im bardziej sprawa jest dementowana, tym bardziej wida\u0107, \u017ce co\u015b jest na rzeczy, a wi\u0119c mamy do czynienia z kolejn\u0105 kompromitacj\u0105, kt\u00f3ra przypomina \u201ezakup\u201d francuskich \u015bmig\u0142owc\u00f3w Caracal.<\/p>\n<p>By\u0142 to blama\u017c, kt\u00f3ry przyczyni\u0142 si\u0119 pogorszenia stosunk\u00f3w z Francj\u0105. Teraz mamy fiasko jeszcze przed l\u0105dowaniem w Australii. Prezydent o\u015bmieszony, reputacja Polski nadszarpni\u0119ta (a w programie szereg spotka\u0144 z Poloni\u0105), ciekawe, kto p\u00f3jdzie za to na dno. Tam ju\u017c czeka Ministerstwo Obrony, chyba najbardziej zabagniony resort IV RP. Im wi\u0119cej pora\u017cek, tym wi\u0119cej w ministerstwie genera\u0142\u00f3w. Ledwo sko\u0144czy\u0142a si\u0119 defilada, jak nasi przegrali z naszymi.<\/p>\n","protected":false},"excerpt":{"rendered":"<p>Ledwo sko\u0144czy\u0142a si\u0119 defilada, jak nasi przegrali z naszymi.<\/p>\n","protected":false},"author":4,"featured_media":4775,"comment_status":"open","ping_status":"closed","sticky":false,"template":"","format":"standard","meta":{"footnotes":""},"categories":[1],"tags":[],"_links":{"self":[{"href":"https:\/\/blog.polityka.pl\/passent\/wp-json\/wp\/v2\/posts\/4771"}],"collection":[{"href":"https:\/\/blog.polityka.pl\/passent\/wp-json\/wp\/v2\/posts"}],"about":[{"href":"https:\/\/blog.polityka.pl\/passent\/wp-json\/wp\/v2\/types\/post"}],"author":[{"embeddable":true,"href":"https:\/\/blog.polityka.pl\/passent\/wp-json\/wp\/v2\/users\/4"}],"replies":[{"embeddable":true,"href":"https:\/\/blog.polityka.pl\/passent\/wp-json\/wp\/v2\/comments?post=4771"}],"version-history":[{"count":3,"href":"https:\/\/blog.polityka.pl\/passent\/wp-json\/wp\/v2\/posts\/4771\/revisions"}],"predecessor-version":[{"id":4774,"href":"https:\/\/blog.polityka.pl\/passent\/wp-json\/wp\/v2\/posts\/4771\/revisions\/4774"}],"wp:featuredmedia":[{"embeddable":true,"href":"https:\/\/blog.polityka.pl\/passent\/wp-json\/wp\/v2\/media\/4775"}],"wp:attachment":[{"href":"https:\/\/blog.polityka.pl\/passent\/wp-json\/wp\/v2\/media?parent=4771"}],"wp:term":[{"taxonomy":"category","embeddable":true,"href":"https:\/\/blog.polityka.pl\/passent\/wp-json\/wp\/v2\/categories?post=4771"},{"taxonomy":"post_tag","embeddable":true,"href":"https:\/\/blog.polityka.pl\/passent\/wp-json\/wp\/v2\/tags?post=4771"}],"curies":[{"name":"wp","href":"https:\/\/api.w.org\/{rel}","templated":true}]}}