
{"id":4776,"date":"2018-08-21T20:02:45","date_gmt":"2018-08-21T18:02:45","guid":{"rendered":"https:\/\/passent.blog.polityka.pl\/?p=4776"},"modified":"2018-08-21T22:12:15","modified_gmt":"2018-08-21T20:12:15","slug":"pan-redaktor-cywilizuje","status":"publish","type":"post","link":"https:\/\/blog.polityka.pl\/passent\/2018\/08\/21\/pan-redaktor-cywilizuje\/","title":{"rendered":"Pan redaktor cywilizuje"},"content":{"rendered":"<p>Kilka dni temu na stronach Gazety ukaza\u0142 si\u0119 tekst Rafa\u0142a Wosia \u201eLewico, czas na wsp\u00f3\u0142prac\u0119 z PiS. Trzeba budowa\u0107 z Kaczy\u0144skim demokratyczny socjalizm\u201d.<br \/>\n<!--more--><br \/>\nLubi\u0119 i ceni\u0119 autora, tak\u017ce z przyczyn egocentrycznych, ja tak\u017ce zaczyna\u0142em w POLITYCE od tekst\u00f3w ekonomicznych, a konkretnie od artyku\u0142u \u201eCzy ekonometria jest nauk\u0105 bur\u017cuazyjn\u0105\u201d (1958?). Ale wsp\u00f3lnota zainteresowa\u0144 nie oznacza wsp\u00f3lnoty pogl\u0105d\u00f3w.<\/p>\n<p>Na zako\u0144czenie swojego artyku\u0142u red. Wo\u015b pisze o \u201erozs\u0105dnym otwarciu si\u0119 na dialog z PiS\u201d i w og\u00f3le z prawic\u0105 \u2013 od &#8222;Gazety Polskiej&#8221; po Klub Jagiello\u0144ski. Pozwoli\u0142oby to na \u201ewzajemne poznanie si\u0119\u201d, zbli\u017cenie pogl\u0105d\u00f3w (\u201edemokratyczny socjalizm\u201d, rozs\u0105dna krytyka UE), wreszcie ucywilizowanie PiS, kt\u00f3ry mo\u017ce pozosta\u0107 u w\u0142adzy d\u0142u\u017cej.<\/p>\n<p>Je\u017celi chodzi o mnie, to \u201edzi\u0119kuj\u0119, postoj\u0119\u201d. &#8222;Gazet\u0119 Polsk\u0105&#8221; znam, czyta\u0142em nie raz, od Doroty Kani po Marcina Wolskiego, z panem Sakiewiczem na czele. Nie s\u0105dz\u0119, \u017ceby\u015bmy w procesie zbli\u017cenia mogli si\u0119 pozna\u0107 jeszcze lepiej. Wiemy o sobie wystarczaj\u0105co, \u017ceby wykluczy\u0107 owocn\u0105 wsp\u00f3\u0142prac\u0119, np. nad udoskonaleniem \u201eResortowych dzieci\u201d.<\/p>\n<p>Pozostaje \u201eucywilizowanie\u201d Kaczy\u0144skiego i jego wyznawc\u00f3w. Kto tu kogo ma cywilizowa\u0107? Oni ucz\u0105 nas mi\u0142o\u015bci rodzinnej, patriotyzmu, godno\u015bci, historii, praworz\u0105dno\u015bci, cnot rodzinnych \u2013 oni nas cywilizuj\u0105 na ka\u017cdym kroku. Uwa\u017caj\u0105 nas za dzikus\u00f3w i degenerat\u00f3w, jak\u017ce wi\u0119c mog\u0105 si\u0119 otworzy\u0107 na nasz\u0105 misj\u0119 cywilizacyjn\u0105?<\/p>\n<p>I o czym mieliby\u015bmy dyskutowa\u0107? My \u2013 drugi sort? O rozdziale Ko\u015bcio\u0142\u00f3w od Pa\u0144stwa? O rz\u0105dach prawa? O tr\u00f3jpodziale w\u0142adz? O Wa\u0142\u0119sie? O Tusku? O \u017co\u0142nierzach wykl\u0119tych? O Jedwabnem? O antysemityzmie? O usuwaniu s\u0119dzi\u00f3w za pomoc\u0105 metryki? O ksi\u0105\u017ckach Engelking, Grabowskiego, Grossa? O \u017cydowskich wsp\u00f3\u0142sprawcach Holokaustu? O rodzicach i dziadkach w Wehrmachcie lub w PZPR? O zgubnej roli Brukseli? O ma\u0142\u017ce\u0144stwach tej samej p\u0142ci? O aborcji? O szacunku dla opozycji? O respekcie dla S\u0105du Najwy\u017cszego? O mediach publicznych? O uchod\u017acach? O Polsce w ruinie? O stosunku w\u0142adz do organizacji pozarz\u0105dowych? O wyrzucaniu genera\u0142\u00f3w? O finansowaniu przez pa\u0144stwo Radia Maryja? O katechetach-wychowawcach i o rekolekcjach zamiast lekcji? O pigu\u0142ce \u201enazajutrz rano\u201d?<\/p>\n<p>Sorry, Panie Rafale. Ja si\u0119 na to nie pisz\u0119, ale b\u0119d\u0119 pierwszy, kt\u00f3ry Panu pogratuluje sukcesu. Na razie pozwalam sobie wznie\u015b\u0107 gruzi\u0144ski toast: wypijmy za wielki sukces naszej beznadziejnej sprawy.<\/p>\n","protected":false},"excerpt":{"rendered":"<p>Wypijmy za wielki sukces naszej beznadziejnej sprawy.<\/p>\n","protected":false},"author":4,"featured_media":4780,"comment_status":"open","ping_status":"closed","sticky":false,"template":"","format":"standard","meta":{"footnotes":""},"categories":[1],"tags":[],"_links":{"self":[{"href":"https:\/\/blog.polityka.pl\/passent\/wp-json\/wp\/v2\/posts\/4776"}],"collection":[{"href":"https:\/\/blog.polityka.pl\/passent\/wp-json\/wp\/v2\/posts"}],"about":[{"href":"https:\/\/blog.polityka.pl\/passent\/wp-json\/wp\/v2\/types\/post"}],"author":[{"embeddable":true,"href":"https:\/\/blog.polityka.pl\/passent\/wp-json\/wp\/v2\/users\/4"}],"replies":[{"embeddable":true,"href":"https:\/\/blog.polityka.pl\/passent\/wp-json\/wp\/v2\/comments?post=4776"}],"version-history":[{"count":3,"href":"https:\/\/blog.polityka.pl\/passent\/wp-json\/wp\/v2\/posts\/4776\/revisions"}],"predecessor-version":[{"id":4779,"href":"https:\/\/blog.polityka.pl\/passent\/wp-json\/wp\/v2\/posts\/4776\/revisions\/4779"}],"wp:featuredmedia":[{"embeddable":true,"href":"https:\/\/blog.polityka.pl\/passent\/wp-json\/wp\/v2\/media\/4780"}],"wp:attachment":[{"href":"https:\/\/blog.polityka.pl\/passent\/wp-json\/wp\/v2\/media?parent=4776"}],"wp:term":[{"taxonomy":"category","embeddable":true,"href":"https:\/\/blog.polityka.pl\/passent\/wp-json\/wp\/v2\/categories?post=4776"},{"taxonomy":"post_tag","embeddable":true,"href":"https:\/\/blog.polityka.pl\/passent\/wp-json\/wp\/v2\/tags?post=4776"}],"curies":[{"name":"wp","href":"https:\/\/api.w.org\/{rel}","templated":true}]}}