
{"id":4783,"date":"2018-09-04T22:47:24","date_gmt":"2018-09-04T20:47:24","guid":{"rendered":"https:\/\/passent.blog.polityka.pl\/?p=4783"},"modified":"2018-09-04T23:20:58","modified_gmt":"2018-09-04T21:20:58","slug":"lapa-wysiada-na-przystanku-polska-dojna","status":"publish","type":"post","link":"https:\/\/blog.polityka.pl\/passent\/2018\/09\/04\/lapa-wysiada-na-przystanku-polska-dojna\/","title":{"rendered":"\u0141apa wysiada na przystanku Polska Dojna"},"content":{"rendered":"<p>Krzysztof \u0141api\u0144ski odszed\u0142 ze stanowiska rzecznika prezydenta w najgorszym mo\u017cliwym stylu. Niczego lepszego nie mo\u017cna by\u0142o si\u0119 po nim spodziewa\u0107, to inna sprawa, w ko\u0144cu to by\u0142y pose\u0142 PiS, a to nie jest klub d\u017centelmen\u00f3w. Wart Pac pa\u0142aca.<br \/>\n<!--more--><br \/>\nFacet (to s\u0142owo w tym wypadku odpowiednie) opuszcza wa\u017cne stanowisko pa\u0144stwowe, wychodzi z prezydenckiego dworu jak z buduaru. \u017beby to jeszcze s\u0142u\u017cy\u0142o jakiemu\u015b meritum, \u017ceby motywacja by\u0142a pa\u0144stwotw\u00f3rcza, \u017ceby m\u00f3g\u0142 powiedzie\u0107: \u201ewysiad\u0142em z poci\u0105gu prezydenta na przystanku Polska Dojna\u201d albo \u201ezszed\u0142em na brzeg z korwety\u201d, czy co\u015b, w czym by\u0142yby jakie\u015b pozory troski o sprawy pa\u0144stwa. Nie, nic, zero, zero stylu, zero klasy. I taki jegomo\u015b\u0107 by\u0142 twarz\u0105 prezydenta!<\/p>\n<p>Wszystkie wypowiedzi \u0141api\u0144skiego po odej\u015bciu dotycz\u0105 jego i tylko jego, stanowi\u0105 prawdziwy pokaz megalomanii: sko\u0144czy\u0142em 40 lat, postanowi\u0142em si\u0119 sprawdzi\u0107 na innym polu, czas podj\u0105\u0107 nowe wyzwania, otworzy\u0107 nowy rozdzia\u0142 i tym podobny be\u0142kot. Gdyby jeszcze powiedzia\u0142, \u017ce decyduj\u0105c si\u0119 na prac\u0119 u prezydenta Dudy, pope\u0142ni\u0142 \u017cyciowy b\u0142\u0105d (bo pope\u0142ni\u0142) i czas go naprawi\u0107, nie ma sensu tkwi\u0107 w tym uk\u0142adzie, to jeszcze, jak ci\u0119 mog\u0119. Albo gdyby powiedzia\u0142, \u017ce chcia\u0142 \u201ecywilizowa\u0107\u201d Kancelari\u0119 Prezydenta i si\u0119 nie powiod\u0142o&#8230;<\/p>\n<p>Ale wydoi\u0107 Pa\u0142ac Prezydencki (Polska dojna&#8230;), wyrobi\u0107 sobie kontakty, przywileje, pozna\u0107 odpowiednich ludzi w kraju i za granic\u0105, zawrze\u0107 przydatne w biznesie znajomo\u015bci, a na ko\u0144cu pokaza\u0107 swoim wsp\u00f3\u0142pracownikom i pierwszemu obywatelowi RP gest Kozakiewicza \u2013 to si\u0119 w g\u0142owie nie mie\u015bci, to chyba nieprawda, fake news?! Mo\u017ce to tylko plota w stylu \u201eOjciec Rydzyk na NIK\u201d? \u201eJak si\u0119 przychodzi do JAKIEJ\u015a PRACY (podkre\u015blenie \u2013 Pass.), to nie jest powiedziane, na ile lat&#8230;\u201d \u2013 powiedzia\u0142 \u0141api\u0144ski dziennikarzowi. Ot\u00f3\u017c to! Rzekoma s\u0142u\u017cba prezydentowi RP i ojczy\u017anie to tylko \u201ejaka\u015b praca\u201d. Tak niekt\u00f3rzy panowie traktuj\u0105 najwy\u017csze urz\u0119dy, a usta maj\u0105 pe\u0142ne \u201eojczyzny\u201d, \u201ePolski\u201d, \u201epatriotyzmu\u201d.<\/p>\n<p>Je\u017celi nikt nie dementuje, to tylko \u015bwiadczy o tym, \u017ce \u017ale si\u0119 dzieje w Pa\u0142acu Prezydenckim. Najpierw kompromitacja z korwetami, potem skandaliczne przem\u00f3wienia g\u0142owy pa\u0144stwa, a teraz rzecznik\/minister wyskakuje na przystanku Polska Dojna. Co nam to m\u00f3wi o presti\u017cu Pa\u0142acu, z kt\u00f3rego mo\u017cna wyj\u015b\u0107  bez eleganckiego po\u017cegnania, bez wzi\u0119cia pod uwag\u0119, jak to wp\u0142ynie na (i tak ju\u017c podupad\u0142y) presti\u017c urz\u0119du prezydenta i jego kancelarii w kraju i za granic\u0105. Porzuci\u0107 s\u0142u\u017cb\u0119 ni z tego, ni z owego? Czy nie pami\u0119ta s\u0142\u00f3w Beaty Szyd\u0142o: s\u0142u\u017cba, pokora?<\/p>\n<p>Gdyby tak post\u0105pi\u0142 rzecznik kanclerz Merkel czy prezydenta Putina, to media prawicowe szala\u0142yby z przej\u0119cia i satysfakcji, ale \u017ce chodzi o jednego z najbli\u017cszych ludzi Dudy, to nabra\u0142y wody w usta. No bo co mog\u0105 powiedzie\u0107: zdrajca? Pro\u015bciuch? Cynik? Cwaniak? Jaki pan, taki kram \u2013 \u017ale.<\/p>\n<p>Wsp\u00f3lnikom, wsp\u00f3\u0142pracownikom i klientom firmy \u201e\u0141api\u0144ski i Sp\u00f3\u0142ka\u201d sk\u0142adam wyrazy wsp\u00f3\u0142czucia. To kolejny wychowanek partii rz\u0105dz\u0105cej, kt\u00f3ry przechodzi \u201ena swoje\u201d, bo doszed\u0142 do wniosku, \u017ce wi\u0119cej z Ojczyzny (koniecznie przez du\u017ce \u201eO\u201d) nie wydoi.<\/p>\n","protected":false},"excerpt":{"rendered":"<p>Wsp\u00f3lnikom, wsp\u00f3\u0142pracownikom i klientom firmy \u201e\u0141api\u0144ski i Sp\u00f3\u0142ka\u201d sk\u0142adam wyrazy wsp\u00f3\u0142czucia.<\/p>\n","protected":false},"author":4,"featured_media":4788,"comment_status":"open","ping_status":"closed","sticky":false,"template":"","format":"standard","meta":{"footnotes":""},"categories":[1],"tags":[],"_links":{"self":[{"href":"https:\/\/blog.polityka.pl\/passent\/wp-json\/wp\/v2\/posts\/4783"}],"collection":[{"href":"https:\/\/blog.polityka.pl\/passent\/wp-json\/wp\/v2\/posts"}],"about":[{"href":"https:\/\/blog.polityka.pl\/passent\/wp-json\/wp\/v2\/types\/post"}],"author":[{"embeddable":true,"href":"https:\/\/blog.polityka.pl\/passent\/wp-json\/wp\/v2\/users\/4"}],"replies":[{"embeddable":true,"href":"https:\/\/blog.polityka.pl\/passent\/wp-json\/wp\/v2\/comments?post=4783"}],"version-history":[{"count":3,"href":"https:\/\/blog.polityka.pl\/passent\/wp-json\/wp\/v2\/posts\/4783\/revisions"}],"predecessor-version":[{"id":4787,"href":"https:\/\/blog.polityka.pl\/passent\/wp-json\/wp\/v2\/posts\/4783\/revisions\/4787"}],"wp:featuredmedia":[{"embeddable":true,"href":"https:\/\/blog.polityka.pl\/passent\/wp-json\/wp\/v2\/media\/4788"}],"wp:attachment":[{"href":"https:\/\/blog.polityka.pl\/passent\/wp-json\/wp\/v2\/media?parent=4783"}],"wp:term":[{"taxonomy":"category","embeddable":true,"href":"https:\/\/blog.polityka.pl\/passent\/wp-json\/wp\/v2\/categories?post=4783"},{"taxonomy":"post_tag","embeddable":true,"href":"https:\/\/blog.polityka.pl\/passent\/wp-json\/wp\/v2\/tags?post=4783"}],"curies":[{"name":"wp","href":"https:\/\/api.w.org\/{rel}","templated":true}]}}