
{"id":4789,"date":"2018-09-08T17:07:58","date_gmt":"2018-09-08T15:07:58","guid":{"rendered":"https:\/\/passent.blog.polityka.pl\/?p=4789"},"modified":"2018-09-08T19:17:40","modified_gmt":"2018-09-08T17:17:40","slug":"bumerang-w-sieci","status":"publish","type":"post","link":"https:\/\/blog.polityka.pl\/passent\/2018\/09\/08\/bumerang-w-sieci\/","title":{"rendered":"Bumerang w Sieci"},"content":{"rendered":"<p>Dominik Zdort, publicysta tygodnika \u201eSieci\u201d (organ braci Karnowskich), ubolewa nad upadkiem obyczaj\u00f3w. W felietonie \u201eUczy\u0107 si\u0119 szacunku\u201d red. Zdort pisa\u0142 latem: \u201eTo prawda, w Polsce proces czynienia z rz\u0105dz\u0105cych wrog\u00f3w publicznych nr 1 trwa ju\u017c od lat. Ale poziom pogardy do w\u0142adzy, z jakim mamy do czynienia ze strony obecnej opozycji, przekracza wszelkie granice kultury, nie tylko politycznej, ale i osobistej. Ci, kt\u00f3rzy dzi\u015b rzucaj\u0105 nienawistnymi s\u0142owami, powinni pami\u0119ta\u0107, \u017ce one s\u0105 jak bumerang. Wr\u00f3c\u0105 i ze zdwojon\u0105 moc\u0105 uderz\u0105 w tego, kto ich pierwszy u\u017cy\u0142\u201d.<br \/>\n<!--more--><br \/>\n\u015awi\u0119te s\u0142owa, szkoda tylko, \u017ce w tym samym tygodniku i chyba tego samego dnia autor ukryty pod literkami \u201eMP\u201d daje pokaz wyj\u0105tkowego braku kultury &#8211; nie tylko politycznej, ale i osobistej. W \u201esprawozdaniu\u201d z zezna\u0144 by\u0142ego ministra finans\u00f3w Jacka Rostowskiego przed komisj\u0105 do spraw Amber Gold prof. Chmaj (pe\u0142nomocnik Rostowskiego) okre\u015blony zostaje jako \u201ecz\u0142owiek do wynaj\u0119cia\u201d i \u201edamski bokser\u201d, poniewa\u017c nie zgadza si\u0119 z przewodnicz\u0105c\u0105 Ma\u0142gorzat\u0105 Wassermann.<\/p>\n<p>Prof. Chmaj da\u0142 wed\u0142ug \u201eSieci\u201d pokaz buty, amnezji i pi\u0119trowych k\u0142amstw. \u201eBy\u0142y minister finans\u00f3w wszed\u0142 na niespotykany, nawet dla by\u0142ej w\u0142adzy, poziom bezczelno\u015bci, chamskich popis\u00f3w damskiego boksera\u201d, ich (Rostowskiego i Chmaja) strategia sta\u0142a si\u0119 jasna od pierwszych minut: \u201egra\u0107 na zw\u0142ok\u0119 przy ka\u017cdej odpowiedzi, prowokowa\u0107, r\u017cn\u0105\u0107 g\u0142upa\u201d.<\/p>\n<p>Czy to nie s\u0105 nienawistne s\u0142owa, kt\u00f3re przekraczaj\u0105 wszelkie granice kultury i wracaj\u0105 jak bumerang? Kto tu \u201er\u017cnie g\u0142upa\u201d?<\/p>\n<p>PS Kto chce spotka\u0107 si\u0119 z prawdziw\u0105 kultur\u0105 i publicystyk\u0105 na najwy\u017cszym poziomie, powinien przeczyta\u0107 esej prof. Andrzeja Romanowskiego o tym, jak zepsuli\u015bmy polski zegarek (dzisiejszy Magazyn w &#8222;Wyborczej&#8221;). Kapelusze z g\u0142\u00f3w!<\/p>\n","protected":false},"excerpt":{"rendered":"<p>Dominik Zdort, publicysta tygodnika \u201eSieci\u201d (organ braci Karnowskich), ubolewa nad upadkiem obyczaj\u00f3w. W felietonie \u201eUczy\u0107 si\u0119 szacunku\u201d red. Zdort pisa\u0142 latem: \u201eTo prawda, w Polsce proces czynienia z rz\u0105dz\u0105cych wrog\u00f3w publicznych nr 1 trwa ju\u017c od lat. Ale poziom pogardy do w\u0142adzy, z jakim mamy do czynienia ze strony obecnej opozycji, przekracza wszelkie granice kultury, [&hellip;]<\/p>\n","protected":false},"author":4,"featured_media":0,"comment_status":"open","ping_status":"closed","sticky":false,"template":"","format":"standard","meta":{"footnotes":""},"categories":[1],"tags":[],"_links":{"self":[{"href":"https:\/\/blog.polityka.pl\/passent\/wp-json\/wp\/v2\/posts\/4789"}],"collection":[{"href":"https:\/\/blog.polityka.pl\/passent\/wp-json\/wp\/v2\/posts"}],"about":[{"href":"https:\/\/blog.polityka.pl\/passent\/wp-json\/wp\/v2\/types\/post"}],"author":[{"embeddable":true,"href":"https:\/\/blog.polityka.pl\/passent\/wp-json\/wp\/v2\/users\/4"}],"replies":[{"embeddable":true,"href":"https:\/\/blog.polityka.pl\/passent\/wp-json\/wp\/v2\/comments?post=4789"}],"version-history":[{"count":3,"href":"https:\/\/blog.polityka.pl\/passent\/wp-json\/wp\/v2\/posts\/4789\/revisions"}],"predecessor-version":[{"id":4792,"href":"https:\/\/blog.polityka.pl\/passent\/wp-json\/wp\/v2\/posts\/4789\/revisions\/4792"}],"wp:attachment":[{"href":"https:\/\/blog.polityka.pl\/passent\/wp-json\/wp\/v2\/media?parent=4789"}],"wp:term":[{"taxonomy":"category","embeddable":true,"href":"https:\/\/blog.polityka.pl\/passent\/wp-json\/wp\/v2\/categories?post=4789"},{"taxonomy":"post_tag","embeddable":true,"href":"https:\/\/blog.polityka.pl\/passent\/wp-json\/wp\/v2\/tags?post=4789"}],"curies":[{"name":"wp","href":"https:\/\/api.w.org\/{rel}","templated":true}]}}