
{"id":4799,"date":"2018-09-12T23:26:20","date_gmt":"2018-09-12T21:26:20","guid":{"rendered":"https:\/\/passent.blog.polityka.pl\/?p=4799"},"modified":"2018-09-12T23:53:12","modified_gmt":"2018-09-12T21:53:12","slug":"pinochet-krew-i-pieniadze","status":"publish","type":"post","link":"https:\/\/blog.polityka.pl\/passent\/2018\/09\/12\/pinochet-krew-i-pieniadze\/","title":{"rendered":"Pinochet \u2013 krew i pieni\u0105dze"},"content":{"rendered":"<p>\u201eSam Pinochet nale\u017ca\u0142 do ludzi raczej skromnych i stroni\u0105cych od luksus\u00f3w\u201d \u2013 pisze Mateusz Mazzini na portalu POLITYKI w artykule z okazji 45. rocznicy zamachu stanu w Chile. Artyku\u0142 bez zarzutu, gdyby nie to jedno zdanie o skromnym generale.<br \/>\n<!--more--><br \/>\nSam Pinochet i jego zwolennicy, dop\u00f3ki mogli, utrzymywali wizerunek skromnego genera\u0142a, \u017carliwego katolika i patrioty. Ascetyczny s\u0142uga ojczyzny, jej obro\u0144ca przed marksistowsk\u0105 zaraz\u0105. Jednak\u017ce jeszcze za \u017cycia by\u0142ego dyktatora (zmar\u0142 w 2006 r.) zacz\u0119\u0142y wychodzi\u0107 na jaw, najpierw w USA, potem w Chile i Wielkiej Brytanii, rozmaite oszustwa, kradzie\u017ce i afery finansowe \u201eraczej skromnego genera\u0142a\u201d.<\/p>\n<p>Od 2002 r. zacz\u0119\u0142y toczy\u0107 si\u0119 \u015bledztwa i procesy Pinocheta. W 2004 r. komisja Senatu USA opublikowa\u0142a raport dotycz\u0105cy banku Riggs, w kt\u00f3rym genera\u0142 mia\u0142 liczne rachunki (4-8 mln dol.) na fa\u0142szywe nazwiska, co przyspieszy\u0142o dochodzenia w Chile. Tamtejszy urz\u0105d podatkowy oskar\u017cy\u0142 genera\u0142a o zaleg\u0142o\u015bci i uchylanie si\u0119 od zap\u0142acenia podatku (3,6 mln dol.) od nielegalnych rachunk\u00f3w w banku Riggs. Rodzina Pinocheta nie potrafi\u0142a wyja\u015bni\u0107 \u017ar\u00f3de\u0142 pochodzenia 27 mln dol. ze swoich aktyw\u00f3w. Zidentyfikowano ok. 130 rachunk\u00f3w bankowych Pinocheta w USA, potem tak\u017ce w Wielkiej Brytanii. \u017bona genera\u0142a, jego synowa i sekretarka zosta\u0142y oskar\u017cone o przest\u0119pstwa podatkowe. Cz\u0119\u015b\u0107 rodziny przenios\u0142a si\u0119 za granic\u0119.<\/p>\n<p>Mimo \u017ce w\u0142adze chilijskie traktowa\u0142y by\u0142ego dyktatora w aksamitnych r\u0119kawiczkach (od tzw. aksamitnej transformacji), pod koniec \u017cycia by\u0142 on sze\u015bciokrotnie aresztowany, a kara omin\u0119\u0142a go ze wzgl\u0119du na stan zdrowia oraz ze wzgl\u0119d\u00f3w politycznych. Wszystko jest od pewnego czasu wiedz\u0105 powszechn\u0105, wystarczy zajrze\u0107 do internetu. Pieni\u0105dze Pinocheta mia\u0142y pochodzi\u0107 przede wszystkim z handlu broni\u0105 i \u201eprowizji\u201d od du\u017cych transakcji mi\u0119dzynarodowych.<\/p>\n<p>W \u017cadnym wypadku nie by\u0142 to skromny i uczciwy idealista, bo tacy nie dorabiaj\u0105 si\u0119 fortuny ani w wojsku, ani w polityce.<\/p>\n","protected":false},"excerpt":{"rendered":"<p>\u201eSam Pinochet nale\u017ca\u0142 do ludzi raczej skromnych i stroni\u0105cych od luksus\u00f3w\u201d \u2013 pisze Mateusz Mazzini na portalu POLITYKI w artykule z okazji 45. rocznicy zamachu stanu w Chile. Artyku\u0142 bez zarzutu, gdyby nie to jedno zdanie o skromnym generale.<\/p>\n","protected":false},"author":4,"featured_media":0,"comment_status":"open","ping_status":"closed","sticky":false,"template":"","format":"standard","meta":{"footnotes":""},"categories":[1],"tags":[],"_links":{"self":[{"href":"https:\/\/blog.polityka.pl\/passent\/wp-json\/wp\/v2\/posts\/4799"}],"collection":[{"href":"https:\/\/blog.polityka.pl\/passent\/wp-json\/wp\/v2\/posts"}],"about":[{"href":"https:\/\/blog.polityka.pl\/passent\/wp-json\/wp\/v2\/types\/post"}],"author":[{"embeddable":true,"href":"https:\/\/blog.polityka.pl\/passent\/wp-json\/wp\/v2\/users\/4"}],"replies":[{"embeddable":true,"href":"https:\/\/blog.polityka.pl\/passent\/wp-json\/wp\/v2\/comments?post=4799"}],"version-history":[{"count":3,"href":"https:\/\/blog.polityka.pl\/passent\/wp-json\/wp\/v2\/posts\/4799\/revisions"}],"predecessor-version":[{"id":4803,"href":"https:\/\/blog.polityka.pl\/passent\/wp-json\/wp\/v2\/posts\/4799\/revisions\/4803"}],"wp:attachment":[{"href":"https:\/\/blog.polityka.pl\/passent\/wp-json\/wp\/v2\/media?parent=4799"}],"wp:term":[{"taxonomy":"category","embeddable":true,"href":"https:\/\/blog.polityka.pl\/passent\/wp-json\/wp\/v2\/categories?post=4799"},{"taxonomy":"post_tag","embeddable":true,"href":"https:\/\/blog.polityka.pl\/passent\/wp-json\/wp\/v2\/tags?post=4799"}],"curies":[{"name":"wp","href":"https:\/\/api.w.org\/{rel}","templated":true}]}}