
{"id":481,"date":"2008-08-31T22:10:51","date_gmt":"2008-08-31T20:10:51","guid":{"rendered":"http:\/\/passent.blog.polityka.pl\/?p=481"},"modified":"2008-08-31T23:03:24","modified_gmt":"2008-08-31T21:03:24","slug":"wojna-polsko-polska","status":"publish","type":"post","link":"https:\/\/blog.polityka.pl\/passent\/2008\/08\/31\/wojna-polsko-polska\/","title":{"rendered":"Wojna polsko &#8211; polska"},"content":{"rendered":"<p>Prezydent Lech Kaczy\u0144ski odnalaz\u0142 si\u0119 w dziedzinie polityki zagranicznej, wykazuje w tej dziedzinie aktywno\u015b\u0107, kt\u00f3ra ma go doprowadzi\u0107 do reelekcji. Temu celowi podporz\u0105dkowane jest wszystko co robi, w\u0142\u0105cznie z ukryciem w\u0142asnego brata. W tej wojnie prezydent odnosi zar\u00f3wno sukcesy, jak i pora\u017cki. Sukcesem by\u0142o zmobilizowanie prezydent\u00f3w pa\u0144stw ba\u0142tyckich oraz Ukrainy do wyprawy gruzi\u0144skiej, ale b\u0142\u0119dem by\u0142o kreowanie si\u0119 na przyw\u00f3dc\u0119 alternatywnego wobec Brukseli i Sarkozy\u2019ego, a tak\u017ce na Napoleona, kt\u00f3ry zmierza na Moskw\u0119.<\/p>\n<p>Na szcz\u0119\u015bcie L. K. zrozumia\u0142, \u017ce si\u0119 zagalopowa\u0142, i w Tallinie nie uleg\u0142 radykalnym podszeptom prezydent\u00f3w \u0141otwy i Estonii. Ostatecznie Polska nie by\u0142a republik\u0105 radzieck\u0105, nie liczy 2 mln mieszka\u0144c\u00f3w i nie musi si\u0119 tak stawia\u0107. By\u0142 \u015bwiadomy, \u017ce najwa\u017cniejsza nie jest licytacja w radykalizmie, ale \u017ceby w Warszawie i Brukseli zapanowa\u0142a jednomy\u015blno\u015b\u0107, \u017ceby osi\u0105gn\u0105\u0107 porozumienie, \u017ceby Moskwie nie uda\u0142o si\u0119 podzieli\u0107 Polski i Europy.<\/p>\n<p>Moim zdaniem, w Brukseli nie dojdzie do polskiej kompromitacji. Kaczy\u0144ski przem\u00f3wi ostro, b\u0119dzie licytowa\u0142 wysoko, ale nie wy\u0142amie si\u0119 i zaakceptuje wsp\u00f3lne stanowisko. B\u0119dzie s\u0142uchany nie tylko jako g\u0142os Polski, ale tak\u017ce jako rzecznik stanowiska pa\u0144stw ba\u0142tyckich, kt\u00f3re faktycznie uznaj\u0105 t\u0119 jego rol\u0119.<\/p>\n<p>Niestety, w Polsce prezydent radzi sobie gorzej i jest mniej popularny ni\u017c w Tbilisi. Podejmuje decyzje, kt\u00f3re \u015bwiadcz\u0105, \u017ce potrafi by\u0107 ma\u0142ostkowy, pami\u0119tliwy i m\u015bciwy. O Sikorskim powiedzia\u0142, \u017ce skoro by\u0142 z nim w Gruzji, \u201eto mo\u017ce si\u0119 nauczy\u201d. To arogancja, kt\u00f3ra nie przystoi prezydentowi, to bardziej w stylu Jaros\u0142awa Kaczy\u0144skiego czy Jacka Kurskiego.<\/p>\n<p>Odmowa podpisania nominacji Andrzeja Krawczyka na ambasadora \u015bwiadczy o tym, \u017ce prezydent lekce sobie wa\u017cy kwalifikacje kandydata oraz jego dorobek, tak\u017ce w kancelarii prezydenta. O tym \u015bwiadczy tak\u017ce nominacja b. wiceministra Waszczykowskiego na wysokie stanowisko w Kancelarii. Waszczykowski ma swoje zalety, ale nie nadaje si\u0119 do pracy zespo\u0142owej, by\u0142 sk\u0142\u00f3cony z w\u0142asnym szefem w przedstawicielstwie Polski w NATO, za co zosta\u0142 odwo\u0142any, wykaza\u0142 si\u0119 skrajn\u0105 nielojalno\u015bci\u0105 wobec w\u0142asnych prze\u0142o\u017conych i polskiej strony w negocjacjach z USA. Nie powinien zajmowa\u0107 \u017cadnego stanowiska w dyplomacji, tymczasem prezydent &#8211; na z\u0142o\u015b\u0107 Tuskowi i Sikorskiemu, kt\u00f3rzy Waszczykowskiego zwolnili \u2013 nagrodzi\u0142 go we w\u0142asnej kancelarii. Jest to tylko zach\u0119ta i wskaz\u00f3wka dla polskich dyplomat\u00f3w, jak nie nale\u017cy si\u0119 zachowywa\u0107.<\/p>\n<p>No, i wreszcie prezydent wyrazi\u0142 ochot\u0119 wzi\u0119cia udzia\u0142u w nadzwyczajnych obradach Rady Europejskiej, wbrew niepisanej umowie, \u017ce szczyty Unii nale\u017c\u0105 do premiera, a szczyty NATO \u2013 do prezydenta. W tej sprawie otoczenie premiera \u201eda\u0142o plam\u0119\u201d. Ministrowie Nowak i Schetyna \u201enie widzieli takiej opcji\u201d i z uporem powtarzali, \u017ce do Brukseli jad\u0105 Sikorski i Tusk, kt\u00f3ry b\u0119dzie przewodnicz\u0105cym delegacji. Podczas spotkania z prezydentem Tusk jednak musia\u0142 zaakceptowa\u0107 wyjazd prezydenta na czele polskiej ekipy, a prezydent zgodzi\u0142 si\u0119 przedstawi\u0107 stanowisko wypracowane przez MSZ. L.K. sprytnie zaszachowa\u0142 Tuska. Sprzeciwi\u0107 si\u0119 woli prezydenta w sytuacji, gdy ten jest owiany s\u0142aw\u0105 obro\u0144cy Tbilisi, by\u0142oby trudno. Obrazi\u0107 si\u0119 i samemu nie pojecha\u0107 \u2013 \u017ale. Zgodzi\u0107 si\u0119 i uzna\u0107 prymat prezydenta w tej sprawie \u2013 te\u017c niedobrze. Tusk wybra\u0142 mniejsze z\u0142o.<\/p>\n<p>Ministrowie Nowak i Schetyna znale\u017ali si\u0119 w niezr\u0119cznej sytuacji, mo\u017ce to b\u0119dzie dla nich lekcja pokory. Tusk na tym straci niewiele, cho\u0107 by\u0142oby lepiej, gdyby od pocz\u0105tku akceptowa\u0142 udzia\u0142 prezydenta, skoro nie m\u00f3g\u0142 mu zapobiec. Teraz nale\u017cy si\u0119 liczy\u0107 z tym, \u017ce prezydent Kaczy\u0144ski, kt\u00f3ry ma wielkie apetyty w dziedzinie polityki zagranicznej, potraktuje to jako precedens i b\u0119dzie coraz bardziej przejmowa\u0142 ster polityki zagranicznej z r\u0105k Sikorskiego i Tuska. To by\u0142oby fatalne, gdy\u017c merytorycznie stanowisko prezydenta w sprawach zagranicznych jest trudne do obrony.<\/p>\n<p>Znakomicie wy\u0142o\u017cy\u0142 to prof. Roman Ku\u017aniar w najnowszej \u201eEuropie\u201d (dodatek do \u201eDziennika\u201d):<\/p>\n<blockquote><p>Post\u0119powanie prezydenta (w Gruzji) by\u0142o dobr\u0105 ilustracj\u0105 jego politycznego \u015bwiatopogl\u0105du, w tym niech\u0119ci do rzetelnego ogl\u0105du rzeczywisto\u015bci. Nie chodzi ju\u017c tylko o zignorowanie przyczyn konfliktu i pogard\u0119 dla praw narodowo\u015bci mniejszych ni\u017c nar\u00f3d gruzi\u0144ski, ale przede wszystkim o zami\u0142owanie do przegranych powsta\u0144. Gruzja by\u0142a okazj\u0105, by polec z honorem w s\u0142usznej sprawie. Niestety, sprawa by\u0142a raczej z\u0142o\u017cona ni\u017c s\u0142uszna\u2026<\/p><\/blockquote>\n<p>i dalej:<\/p>\n<blockquote><p>Prezydent zdaje si\u0119 ostatnio ch\u0119tniej uwzgl\u0119dnia\u0107 inne ni\u017c polskie interesy i punkty widzenia. W wypadku tarczy by\u0142 po stronie USA, w sprawie traktatu lizbo\u0144skiego solidaryzuje si\u0119 z Irlandi\u0105, a w wojnie o Oseti\u0119 wspar\u0142 prezydenta Saakaszwilego, cho\u0107 w naszym interesie nie by\u0142o odgrywanie roli harcownika. A ju\u017c nikt nie zgadnie, jakie by\u0142o uzasadnienie dla arbitralnego mianowania Gruzji &#8222;strategicznym sojusznikiem&#8221;. W polityce mi\u0119dzynarodowej, gdy nie mo\u017ce si\u0119 poprze\u0107 s\u0142\u00f3w czynem, traci si\u0119 wiarygodno\u015b\u0107.<\/p><\/blockquote>\n<p>\u015awi\u0119te s\u0142owa. By\u0142oby zdecydowanie lepiej, gdyby na zast\u0119pc\u0119 szefa swojej kancelarii prezydent mianowa\u0142 Ku\u017aniara, a nie Waszczykowskiego.<\/p>\n","protected":false},"excerpt":{"rendered":"<p>Prezydent Lech Kaczy\u0144ski odnalaz\u0142 si\u0119 w dziedzinie polityki zagranicznej, wykazuje w tej dziedzinie aktywno\u015b\u0107, kt\u00f3ra ma go doprowadzi\u0107 do reelekcji. Temu celowi podporz\u0105dkowane jest wszystko co robi, w\u0142\u0105cznie z ukryciem w\u0142asnego brata. W tej wojnie prezydent odnosi zar\u00f3wno sukcesy, jak i pora\u017cki. Sukcesem by\u0142o zmobilizowanie prezydent\u00f3w pa\u0144stw ba\u0142tyckich oraz Ukrainy do wyprawy gruzi\u0144skiej, ale b\u0142\u0119dem [&hellip;]<\/p>\n","protected":false},"author":4,"featured_media":0,"comment_status":"open","ping_status":"open","sticky":false,"template":"","format":"standard","meta":{"footnotes":""},"categories":[1],"tags":[],"_links":{"self":[{"href":"https:\/\/blog.polityka.pl\/passent\/wp-json\/wp\/v2\/posts\/481"}],"collection":[{"href":"https:\/\/blog.polityka.pl\/passent\/wp-json\/wp\/v2\/posts"}],"about":[{"href":"https:\/\/blog.polityka.pl\/passent\/wp-json\/wp\/v2\/types\/post"}],"author":[{"embeddable":true,"href":"https:\/\/blog.polityka.pl\/passent\/wp-json\/wp\/v2\/users\/4"}],"replies":[{"embeddable":true,"href":"https:\/\/blog.polityka.pl\/passent\/wp-json\/wp\/v2\/comments?post=481"}],"version-history":[{"count":0,"href":"https:\/\/blog.polityka.pl\/passent\/wp-json\/wp\/v2\/posts\/481\/revisions"}],"wp:attachment":[{"href":"https:\/\/blog.polityka.pl\/passent\/wp-json\/wp\/v2\/media?parent=481"}],"wp:term":[{"taxonomy":"category","embeddable":true,"href":"https:\/\/blog.polityka.pl\/passent\/wp-json\/wp\/v2\/categories?post=481"},{"taxonomy":"post_tag","embeddable":true,"href":"https:\/\/blog.polityka.pl\/passent\/wp-json\/wp\/v2\/tags?post=481"}],"curies":[{"name":"wp","href":"https:\/\/api.w.org\/{rel}","templated":true}]}}