
{"id":4817,"date":"2018-09-20T23:11:10","date_gmt":"2018-09-20T21:11:10","guid":{"rendered":"https:\/\/passent.blog.polityka.pl\/?p=4817"},"modified":"2018-09-21T07:28:02","modified_gmt":"2018-09-21T05:28:02","slug":"przyszla-koza-do-woza","status":"publish","type":"post","link":"https:\/\/blog.polityka.pl\/passent\/2018\/09\/20\/przyszla-koza-do-woza\/","title":{"rendered":"Przysz\u0142a koza do woza"},"content":{"rendered":"<p>Polski rz\u0105d stara si\u0119 wodzi\u0107 Uni\u0119 Europejsk\u0105 za nos. Kolejnym tego przyk\u0142adem jest wizyta premiera Morawieckiego u&#8230; kogo, w\u0142a\u015bnie \u2013 u kogo? U emerytowanej s\u0119dzi, u by\u0142ej I Prezes S\u0105du Najwy\u017cszego w stanie spoczynku, czy mo\u017ce u obecnej I Prezes SN?<br \/>\n<!--more--><br \/>\nCzy Morawiecki zwraca\u0142 si\u0119 do prezes Gersdorf per \u201epani prezes\u201d, \u201epani profesor\u201d, czy mo\u017ce \u201eprosz\u0119 Pani\u201d? Morawiecki, kt\u00f3ry darzy stan s\u0119dziowski w Polsce pogard\u0105 i brakiem zaufania, obnosi si\u0119 z tym po ca\u0142ym \u015bwiecie: a jednak si\u0119 ugi\u0105\u0142, poszed\u0142 do Canossy, bo jak\u017ce inaczej oceni\u0107 wizyt\u0119 o \u015bwicie, \u017ceby jeszcze zd\u0105\u017cy\u0107 pochwali\u0107 si\u0119 ni\u0105 w Brukseli i og\u0142osi\u0107, \u017ce \u201edialog\u201d w Polsce trwa? Niewykluczone, \u017ce tak jak w negocjacjach z Izraelem, i tym razem mu si\u0119 powiedzie, co by wzmocni\u0142o jego pozycj\u0119 w PiS i w og\u00f3le na prawicy, a tak\u017ce za granic\u0105. Kosztem praworz\u0105dno\u015bci w Polsce.<\/p>\n<p>Jeden sukces mo\u017ce sobie ju\u017c przypisa\u0107 \u2013 Komisja Europejska, wbrew oczekiwaniom, nie wyst\u0105pi\u0142a wczoraj z wnioskiem do Europejskiego Trybuna\u0142u Sprawiedliwo\u015bci w sprawie praworz\u0105dno\u015bci w Polsce. Je\u017celi wniosek zostanie mimo wszystko skierowany, to PMM nic nie traci, to tylko znak, \u017ce antypolska kampania trwa. Je\u017celi nast\u0105pi dalsza zw\u0142oka, by\u0107 mo\u017ce w niesko\u0144czono\u015b\u0107 \u2013 to b\u0119dzie kolejny sukces polskiego rz\u0105du. \u201eNasza reforma uczyni aparat sprawiedliwo\u015bci o wiele bardziej transparentnym, efektywnym i niezale\u017cnym\u201d \u2013 m\u00f3wi\u0142 niedawno premier. Jak niezale\u017cni b\u0119d\u0105 s\u0119dziowie, wida\u0107 po post\u0119powaniach dyscyplinarnych przeciwko tym z nich, kt\u00f3rzy o\u015bmielili si\u0119 skrytykowa\u0107 \u201edeform\u0119\u201d. \u201ePolska chce odda\u0107 wymiar sprawiedliwo\u015bci ponownie pod demokratyczny nadz\u00f3r\u201d \u2013 zapewnia PMM. Od kiedy to nadz\u00f3r ministra Ziobry jest to\u017csamy z nadzorem demokracji? \u201ePostkomunizm nie zosta\u0142 w Polsce przezwyci\u0119\u017cony, my z nim walczymy poprzez reform\u0119 wymiaru sprawiedliwo\u015bci\u201d \u2013 zapewnia\u0142 prawie 30 lat po upadku PRL i weryfikacji s\u0119dzi\u00f3w SN (kt\u00f3rych 80 proc. nie przesz\u0142o weryfikacji po 1989 r.), kiedy nie zasiada w nim dzisiaj ani jeden s\u0119dzia powo\u0142any przed 1989 r.<\/p>\n<p>A prof. Gersdorf? Czy zosta\u0142a wykorzystana jako pionek w rozgrywce PiS? Nie mog\u0142a odm\u00f3wi\u0107 przyj\u0119cia premiera i tym samym zaprzeczy\u0107, \u017ce \u201edialog trwa\u201d. Wszystko zale\u017cy od tego, jakie stanowisko zaj\u0119\u0142a. Je\u017celi odm\u00f3wi\u0142a swojego ust\u0105pienia i spowoduje odwo\u0142anie masakry s\u0119dzi\u00f3w SN powy\u017cej 65 lat, a tak\u017ce zniszczenia KRS &#8211; to b\u0119dzie o czym rozmawia\u0107. W przeciwnym razie ulegnie w\u0142adzy wykonawczej, co spowoduje j\u0119k zawodu obozu demokratycznego.<\/p>\n<p>Premier wykonuje kolejny zw\u00f3d, gra na czas, liczy na znu\u017cenie Europy zaj\u0119tej wa\u017cnymi sprawami, takimi jak ratowanie Unii, i nie nale\u017cy oczekiwa\u0107 z jego strony istotnych ust\u0119pstw w zamachu na wymiar sprawiedliwo\u015bci.<\/p>\n","protected":false},"excerpt":{"rendered":"<p>Polski rz\u0105d stara si\u0119 wodzi\u0107 Uni\u0119 Europejsk\u0105 za nos. Kolejnym tego przyk\u0142adem jest wizyta premiera Morawieckiego u&#8230; kogo, w\u0142a\u015bnie \u2013 u kogo? U emerytowanej s\u0119dzi, u by\u0142ej I Prezes S\u0105du Najwy\u017cszego w stanie spoczynku, czy mo\u017ce u obecnej I Prezes SN?<\/p>\n","protected":false},"author":4,"featured_media":0,"comment_status":"open","ping_status":"closed","sticky":false,"template":"","format":"standard","meta":{"footnotes":""},"categories":[1],"tags":[],"_links":{"self":[{"href":"https:\/\/blog.polityka.pl\/passent\/wp-json\/wp\/v2\/posts\/4817"}],"collection":[{"href":"https:\/\/blog.polityka.pl\/passent\/wp-json\/wp\/v2\/posts"}],"about":[{"href":"https:\/\/blog.polityka.pl\/passent\/wp-json\/wp\/v2\/types\/post"}],"author":[{"embeddable":true,"href":"https:\/\/blog.polityka.pl\/passent\/wp-json\/wp\/v2\/users\/4"}],"replies":[{"embeddable":true,"href":"https:\/\/blog.polityka.pl\/passent\/wp-json\/wp\/v2\/comments?post=4817"}],"version-history":[{"count":3,"href":"https:\/\/blog.polityka.pl\/passent\/wp-json\/wp\/v2\/posts\/4817\/revisions"}],"predecessor-version":[{"id":4821,"href":"https:\/\/blog.polityka.pl\/passent\/wp-json\/wp\/v2\/posts\/4817\/revisions\/4821"}],"wp:attachment":[{"href":"https:\/\/blog.polityka.pl\/passent\/wp-json\/wp\/v2\/media?parent=4817"}],"wp:term":[{"taxonomy":"category","embeddable":true,"href":"https:\/\/blog.polityka.pl\/passent\/wp-json\/wp\/v2\/categories?post=4817"},{"taxonomy":"post_tag","embeddable":true,"href":"https:\/\/blog.polityka.pl\/passent\/wp-json\/wp\/v2\/tags?post=4817"}],"curies":[{"name":"wp","href":"https:\/\/api.w.org\/{rel}","templated":true}]}}