
{"id":482,"date":"2008-09-02T11:23:00","date_gmt":"2008-09-02T09:23:00","guid":{"rendered":"http:\/\/passent.blog.polityka.pl\/?p=482"},"modified":"2008-09-02T11:29:23","modified_gmt":"2008-09-02T09:29:23","slug":"grajdol-w-natarciu","status":"publish","type":"post","link":"https:\/\/blog.polityka.pl\/passent\/2008\/09\/02\/grajdol-w-natarciu\/","title":{"rendered":"Grajdo\u0142 w natarciu"},"content":{"rendered":"<p><strong>W Brukseli strona polska uzyska\u0142a wiele, cho\u0107 znacznie poni\u017cej swoich apetyt\u00f3w<\/strong>.<\/p>\n<p>Rada Europejska \u2013 zwo\u0142ana z inicjatywy polskiej \u2013 jednak si\u0119 odby\u0142a, do Moskwy wys\u0142ano sygna\u0142, \u017ce Osetia, Abchazja i Gruzja to nie jest wewn\u0119trzna sprawa Rosji, ponowiono apel o wycofanie wojsk rosyjskich (kt\u00f3ry pozostanie bez echa, jako apel bezsilnych), od\u0142o\u017cono rozmowy Unia \u2013 Rosja do czasu wycofania wojsk, prezydent Kaczy\u0144ski liczy na kolejny szczyt unijny 15 X je\u015bli Rosja nie spe\u0142ni warunk\u00f3w, ale chyba si\u0119 przeliczy.<\/p>\n<p>Dla pe\u0142nego obrazu Rady Europejskiej warto przeczyta\u0107, co na tym blogu pisa\u0142(a) wczoraj <em>NeferNefer<\/em>. W wiadomo\u015bciach telewizji flamandzkiej \u201eeen\u201d w Belgii m\u00f3wiono szeroko o Radzie Europejskiej, pokazano wypowiedzi lub migawki z udzia\u0142em Sarkozy\u2019ego, Barroso, Merkel, premier\u00f3w Belgii i Estonii (!), a o naszych liderach w regionie, autorach licznych inicjatyw &#8211; ani s\u0142owa. Wi\u0119c chocia\u017c nasza dru\u017cyna wyst\u0105pi\u0142a w Brukseli w najmocniejszym sk\u0142adzie, to jednak nie przez wszystkich zosta\u0142a dostrze\u017cona.<\/p>\n<p>Po powrocie do kraju, politycy zn\u00f3w wdepn\u0105 w nasz swojski grajdo\u0142, w kt\u00f3rym najwa\u017cniejsze jest zniszczy\u0107 innych, sypn\u0105\u0107 im piaskiem w oczy. Minister Nowak (prawa r\u0119ka premiera!), m\u00f3wi\u0142, \u017ce prezydent wpycha si\u0119 do polskiej delegacji. Za t\u0119 wypowied\u017a minister powinien zosta\u0107 przywo\u0142any do porz\u0105dku, ale premier tego nie uczyni\u0142, prawdopodobnie dlatego, \u017ce sam powiedzia\u0142, i\u017c Sikorski leci do Tbilisi pilnowa\u0107 prezydenta, a ponadto sam ma wiele siniak\u00f3w od cios\u00f3w ze strony prezydenta, kt\u00f3ry potrafi odezwa\u0107 si\u0119 arogancko, m\u00f3wi\u0105c np. \u017ce Sikorski podczas wyprawy do Lizbony \u201emo\u017ce si\u0119 czego\u015b nauczy\u0142\u201d.<\/p>\n<p>Politycy nasi s\u0105 jednak formatu kieszonkowego. Kto ma w\u0105tpliwo\u015bci \u2013 powinien przeczyta\u0107 przem\u00f3wienie Baracka Obamy w Denver, na konwencji Demokrat\u00f3w. To jest poziom dla naszych polityk\u00f3w (oraz ich ghost-writer\u00f3w) nieosi\u0105galny. Nie brak\u0142o tam z\u0142o\u015bliwo\u015bci pod adresem republika\u0144skiego rywala, ale nie by\u0142o chamstwa, a przede wszystkim by\u0142o co\u015b znacznie wi\u0119cej. Wbrew temu, co s\u0105dzi jedyny amerykanista w Polsce, prof. Zbigniew Lewicki, kandydat demokrat\u00f3w to nie jest tylko zwierze medialne. (Nb. przed polsk\u0105 nauk\u0105 stoi zadanie wykszta\u0142cenie cho\u0107by jeszcze jednego amerykanisty, kt\u00f3ry dla odmiany nie by\u0142by z Partii Republika\u0144skiej i te\u017c m\u00f3g\u0142by wyst\u0119powa\u0107 w mediach). Obama nie jest taki do\u015bwiadczony jak jego rywal, ale to jednak klasa, nie urodzi\u0142 si\u0119 wczoraj i te\u017c ma \u0142adn\u0105 kart\u0119, a nie tylko \u0142adn\u0105 \u017con\u0119.<\/p>\n<p>Po powrocie z europejskich salon\u00f3w, polscy politycy wracaj\u0105 do naszego grajdo\u0142a, a tutaj w najlepsze szaleje polskie piek\u0142o. Niech si\u0119 \u201eGustaw\u201d schowa. Na pogrzebie prof. Geremka \u2013 buczenie i gwizdy. Na obchodach rocznicy Powstania Warszawskiego \u2013 profanacja cmentarza, buczenie i gwizdy pod adresem m.in. W\u0142adys\u0142awa Bartoszewskiego. Na uroczysto\u015bciach 31 sierpnia w Gda\u0144sku, prezydent nie raczy wspomnie\u0107 Lecha Wa\u0142\u0119sy, a publiczno\u015b\u0107 usi\u0142uje wygwizda\u0107 i wybucze\u0107 marsza\u0142ka Borusewicza \u2013 jednego z najwa\u017cniejszych inicjator\u00f3w strajku w stoczni. Dziwna to akademia \u201eku czci\u201d bez udzia\u0142u g\u0142\u00f3wnego autora sukcesu. \u201eS\u0105 w ojczy\u017anie nie rachunki krzywd\u201d, ale w taki dzie\u0144 panowie z prezydentem na czele powinni wznie\u015b\u0107 si\u0119 ponadto.<\/p>\n<p>Niech mi nikt nie m\u00f3wi, \u017ce wart Pac \u2013 pa\u0142aca, \u017ce to z powodu niedoko\u0144czonej rewolucji, przek\u0142amanej historii, \u017ce to mszcz\u0105 si\u0119 grzechy III RP. Dla mnie to chamstwo, ta brutalno\u015b\u0107, ta &#8222;bolszewizacja&#8221;, a ja bym doda\u0142 \u201enazyfikacja&#8221;, to nie margines polityczny, zwieziony autokarami Radia Maryja, to dalszy ci\u0105g wybuczenia Wa\u0142\u0119sy w majestacie prawa z rejestru prze\u015bladowanych i inwigilowanych, to post scriptum do ksi\u0105\u017cki dy\u017curnych historyk\u00f3w, to dalszy ci\u0105g polityki historycznej, wedle kt\u00f3rej Powstanie Warszawskie by\u0142o zwyci\u0119skie, bo poch\u0142on\u0119\u0142o 200 tysi\u0119cy istnie\u0144 ludzkich, a Okr\u0105g\u0142y St\u00f3\u0142 i III RP by\u0142y kl\u0119sk\u0105, bo by\u0142y bezkrwawe i &#8222;liberalne&#8221;. To ofensywa prawicy narodowej i solidarnej po swojemu, kt\u00f3ra chce opanowa\u0107 polski grajdo\u0142.<\/p>\n","protected":false},"excerpt":{"rendered":"<p>W Brukseli strona polska uzyska\u0142a wiele, cho\u0107 znacznie poni\u017cej swoich apetyt\u00f3w. Rada Europejska \u2013 zwo\u0142ana z inicjatywy polskiej \u2013 jednak si\u0119 odby\u0142a, do Moskwy wys\u0142ano sygna\u0142, \u017ce Osetia, Abchazja i Gruzja to nie jest wewn\u0119trzna sprawa Rosji, ponowiono apel o wycofanie wojsk rosyjskich (kt\u00f3ry pozostanie bez echa, jako apel bezsilnych), od\u0142o\u017cono rozmowy Unia \u2013 Rosja [&hellip;]<\/p>\n","protected":false},"author":4,"featured_media":0,"comment_status":"open","ping_status":"open","sticky":false,"template":"","format":"standard","meta":{"footnotes":""},"categories":[1],"tags":[],"_links":{"self":[{"href":"https:\/\/blog.polityka.pl\/passent\/wp-json\/wp\/v2\/posts\/482"}],"collection":[{"href":"https:\/\/blog.polityka.pl\/passent\/wp-json\/wp\/v2\/posts"}],"about":[{"href":"https:\/\/blog.polityka.pl\/passent\/wp-json\/wp\/v2\/types\/post"}],"author":[{"embeddable":true,"href":"https:\/\/blog.polityka.pl\/passent\/wp-json\/wp\/v2\/users\/4"}],"replies":[{"embeddable":true,"href":"https:\/\/blog.polityka.pl\/passent\/wp-json\/wp\/v2\/comments?post=482"}],"version-history":[{"count":0,"href":"https:\/\/blog.polityka.pl\/passent\/wp-json\/wp\/v2\/posts\/482\/revisions"}],"wp:attachment":[{"href":"https:\/\/blog.polityka.pl\/passent\/wp-json\/wp\/v2\/media?parent=482"}],"wp:term":[{"taxonomy":"category","embeddable":true,"href":"https:\/\/blog.polityka.pl\/passent\/wp-json\/wp\/v2\/categories?post=482"},{"taxonomy":"post_tag","embeddable":true,"href":"https:\/\/blog.polityka.pl\/passent\/wp-json\/wp\/v2\/tags?post=482"}],"curies":[{"name":"wp","href":"https:\/\/api.w.org\/{rel}","templated":true}]}}