
{"id":4822,"date":"2018-09-23T16:57:00","date_gmt":"2018-09-23T14:57:00","guid":{"rendered":"https:\/\/passent.blog.polityka.pl\/?p=4822"},"modified":"2018-09-23T20:28:11","modified_gmt":"2018-09-23T18:28:11","slug":"kaczynski-na-prezydenta","status":"publish","type":"post","link":"https:\/\/blog.polityka.pl\/passent\/2018\/09\/23\/kaczynski-na-prezydenta\/","title":{"rendered":"Kaczy\u0144ski na prezydenta?"},"content":{"rendered":"<p>Pe\u0142nia sezonu politycznego, wybory tu\u017c-tu\u017c, politycy kr\u0105\u017c\u0105, premier odwiedza I Prezes S\u0105du Najwy\u017cszego, w Gdyni \u2013 polityczny festiwal film\u00f3w polskich, Kaczy\u0144ski zn\u00f3w obra\u017ca s\u0119dzi\u00f3w, tym razem oskar\u017caj\u0105c ich o ojkofobi\u0119, czyli wrogo\u015b\u0107 wobec w\u0142asnej ojczyzny.<br \/>\n<!--more--><br \/>\nPrezes lubi od czasu do czasu wyst\u0105pi\u0107 w roli erudyty, kt\u00f3ry zna rzadkie wyrazy, nie znaj\u0105c zarazem obcych j\u0119zyk\u00f3w. Ojkofobia przejawia si\u0119 rzekomo w tym, \u017ce cz\u0119\u015b\u0107 s\u0119dzi\u00f3w na Warmii i Mazurach, gdzie trwaj\u0105 sprawy o prawo w\u0142asno\u015bci (g\u0142\u00f3wnie gospodarstw rolnych i nieruchomo\u015bci), orzeka nie po polsku, nie na korzy\u015b\u0107 Polak\u00f3w, tylko by\u0107 mo\u017ce na rzecz Mazur\u00f3w, emigrant\u00f3w, kt\u00f3rzy nie g\u0142osuj\u0105 w nadchodz\u0105cych wyborach.<\/p>\n<p>Wynika z tego, \u017ce dobry s\u0119dzia, dobry Polak z or\u0142em na \u0142a\u0144cuchu nie kieruje si\u0119 prawem, tylko przynale\u017cno\u015bci\u0105 narodow\u0105 lub pa\u0144stwow\u0105. To absurd, z kt\u00f3rym nie warto dyskutowa\u0107. Je\u017celi np. Polak ukradnie zegarek Finowi, to winien jest Fin. Jak na doktora prawa to pogl\u0105d oryginalny, kt\u00f3ry potwierdza stosunek prezesa do prawa (jak gdyby ostatnie lata nie da\u0142y wystarczaj\u0105cych dowod\u00f3w).<\/p>\n<p>Kto\u015b (na pewno nie ja!) rzuci\u0142 ostatnio pomys\u0142: \u201eKaczy\u0144ski na prezydenta\u201d. Na pierwszy rzut oka pomys\u0142 sensowny (acz dla Polski gro\u017any, moim faworytem jest kto\u015b inny, o czym tu pisa\u0142em). Kaczy\u0144ski, do\u015bwiadczony polityk, lider obozu konserwatywnego i rz\u0105dz\u0105cego, cz\u0142owiek o uformowanych pogl\u0105dach, oczytany i dobry rozm\u00f3wca, kt\u00f3rego kierunek ku pa\u0144stwom narodowym i etatystycznym jak najdalszy od liberalizmu, zyskuje w Europie coraz wi\u0119cej zwolennik\u00f3w. Dla jego obozu by\u0142oby to uwie\u0144czenie wieloletniej dzia\u0142alno\u015bci i otwarcie drogi dla nast\u0119pcy w PiS. Pomys\u0142 ten ma jeszcze jedn\u0105 zalet\u0119: to spos\u00f3b na odsuni\u0119cie Andrzeja Dudy.<\/p>\n<p>Kamie\u0144 spad\u0142by z serca niejednej osobie, ale spad\u0142by prosto na nogi. Kaczy\u0144ski jest chyba niewybieralny, ma tyle\u017c przeciwnik\u00f3w, co zwolennik\u00f3w, nie ma najmniejszych zadatk\u00f3w na \u201eprezydenta wszystkich Polak\u00f3w\u201d, lubi dzieli\u0107, j\u0105trzy\u0107, szczu\u0107 jednych na drugich, jest z\u0142o\u015bliwy i pami\u0119tliwy, czasami usi\u0142uje zagra\u0107 dobrego wujka, jak np. w wyst\u0105pieniu \u201edo przyjaci\u00f3\u0142 Rosjan\u201d, czy jako ojciec polityki socjalnej PiS, ale w tej roli czuje si\u0119 \u017ale. Nie zna \u015bwiata, nie zna j\u0119zyk\u00f3w, nie zna si\u0119 na wojsku, na stosunkach mi\u0119dzynarodowych, kt\u00f3re pod jego panowaniem uda\u0142o si\u0119 zrujnowa\u0107. Dobrze czuje, co w trawie piszczy, ale to ma\u0142o. W sumie kandydatura bez sensu, ale na prawicy mo\u017ce znale\u017a\u0107 amator\u00f3w i nie takie rzeczy si\u0119 zdarza\u0142y. (Patrz: prezydent Duda).<\/p>\n<p>Z innej beczki. Ciekawe wie\u015bci z festiwalu w Gdyni. Jury uzna\u0142o, \u017ce \u201eZimna wojna\u201d Pawlikowskiego (sk\u0105din\u0105d film znakomity, brawo!) jako mniej obrazoburczy i konfliktogenny bardziej nadaje si\u0119 do g\u0142\u00f3wnej nagrody ni\u017c \u201eKler\u201d Wojciecha Smarzowskiego, film, kt\u00f3rego jeszcze nie widzia\u0142em, ale &#8211; jak s\u0142ycha\u0107 i czyta\u0107 &#8211; tak\u017ce znakomity, kt\u00f3ry ma szans\u0119 wstrz\u0105sn\u0105\u0107 Ko\u015bcio\u0142em, na co czas najwy\u017cszy. Zw\u0142aszcza dzisiaj, kiedy abp G\u0105decki powiedzia\u0142, \u017ce chrze\u015bcijanin jest najlepszym obywatelem. Jak mam si\u0119 wi\u0119c czu\u0107 jako \u201eobatel\u201d drugiego sortu? Jeszcze przed premier\u0105 wicepremier prof. Gli\u0144ski zapewnia\u0142, \u017ce on na ten film nie przyzna\u0142 ani grosza. Nie w\u0105tpi\u0119. Biedactwo ma stracha. M\u00f3wi si\u0119, \u017ce Radio Gda\u0144sk zlikwidowa\u0142o nagrod\u0119 Z\u0142oty Klakier z obawy, \u017ce mo\u017ce j\u0105 otrzyma\u0107 \u201eKler\u201d.<\/p>\n<p>Na marginesie warto zauwa\u017cy\u0107, \u017ce w ostatnich latach powsta\u0142o wiele znakomitych film\u00f3w, jak \u201eRewers\u201d, \u201eIda\u201d, \u201eZimna wojna\u201d, \u201eKler\u201d czy Cicha noc\u201d. Oby sekciarstwo narodowo-ko\u015bcielne IV RP nie zahamowa\u0142o tej koniunktury. Przy okazji: podobno TVP Kultura wyci\u0119\u0142a z relacji festiwalowej niewinny \u017cart Smarzowskiego, i\u017c w swoim samozadowoleniu spodziewa\u0142 si\u0119, \u017ce nagrod\u0119 wr\u0119czy mu prezes TVP Jacek Kurski. Cenzura nie \u017cartuje. Wiem co\u015b o tym z czas\u00f3w PRL, bo w mojej ksi\u0105\u017cce o sporcie, a dok\u0142adnie o igrzyskach w Monachium, by\u0142o ponad 20 ingerencji cenzorskich.<\/p>\n<p>Dobra zmiana nie wszystko zmienia.<\/p>\n","protected":false},"excerpt":{"rendered":"<p>Dobra zmiana nie wszystko zmienia.<\/p>\n","protected":false},"author":4,"featured_media":4827,"comment_status":"open","ping_status":"closed","sticky":false,"template":"","format":"standard","meta":{"footnotes":""},"categories":[1],"tags":[],"_links":{"self":[{"href":"https:\/\/blog.polityka.pl\/passent\/wp-json\/wp\/v2\/posts\/4822"}],"collection":[{"href":"https:\/\/blog.polityka.pl\/passent\/wp-json\/wp\/v2\/posts"}],"about":[{"href":"https:\/\/blog.polityka.pl\/passent\/wp-json\/wp\/v2\/types\/post"}],"author":[{"embeddable":true,"href":"https:\/\/blog.polityka.pl\/passent\/wp-json\/wp\/v2\/users\/4"}],"replies":[{"embeddable":true,"href":"https:\/\/blog.polityka.pl\/passent\/wp-json\/wp\/v2\/comments?post=4822"}],"version-history":[{"count":4,"href":"https:\/\/blog.polityka.pl\/passent\/wp-json\/wp\/v2\/posts\/4822\/revisions"}],"predecessor-version":[{"id":4826,"href":"https:\/\/blog.polityka.pl\/passent\/wp-json\/wp\/v2\/posts\/4822\/revisions\/4826"}],"wp:featuredmedia":[{"embeddable":true,"href":"https:\/\/blog.polityka.pl\/passent\/wp-json\/wp\/v2\/media\/4827"}],"wp:attachment":[{"href":"https:\/\/blog.polityka.pl\/passent\/wp-json\/wp\/v2\/media?parent=4822"}],"wp:term":[{"taxonomy":"category","embeddable":true,"href":"https:\/\/blog.polityka.pl\/passent\/wp-json\/wp\/v2\/categories?post=4822"},{"taxonomy":"post_tag","embeddable":true,"href":"https:\/\/blog.polityka.pl\/passent\/wp-json\/wp\/v2\/tags?post=4822"}],"curies":[{"name":"wp","href":"https:\/\/api.w.org\/{rel}","templated":true}]}}