
{"id":4828,"date":"2018-09-24T22:30:02","date_gmt":"2018-09-24T20:30:02","guid":{"rendered":"https:\/\/passent.blog.polityka.pl\/?p=4828"},"modified":"2018-09-25T07:48:34","modified_gmt":"2018-09-25T05:48:34","slug":"sa-jeszcze-sedziowie","status":"publish","type":"post","link":"https:\/\/blog.polityka.pl\/passent\/2018\/09\/24\/sa-jeszcze-sedziowie\/","title":{"rendered":"S\u0105 jeszcze s\u0119dziowie\u2026"},"content":{"rendered":"<p>Tak, a nawet nie \u2013 jak m\u00f3wi\u0142 Lech Wa\u0142\u0119sa. Tak, bo dobrze si\u0119 sta\u0142o, \u017ce Komisja Europejska w ko\u0144cu zaskar\u017cy\u0142a Polsk\u0119 do Trybuna\u0142u Sprawiedliwo\u015bci z powodu ustawy o S\u0105dzie Najwy\u017cszym, w kt\u00f3rej znajduj\u0105 si\u0119 horrendalne zapisy, takie jak skr\u00f3cenie wieku emerytalnego ju\u017c obecnych s\u0119dzi\u00f3w (co dotyka 27 os\u00f3b) oraz skr\u00f3cenie kadencji I Prezes SN wbrew konstytucji.<br \/>\n<!--more--><br \/>\n\u017baden niezale\u017cny prawnik nie mo\u017ce tego zaakceptowa\u0107, nic wi\u0119c dziwnego, \u017ce zaskar\u017ceniu nie sprzeciwi\u0142 si\u0119 ani jeden komisarz Unii Europejskiej. Ponadto Komisja zwr\u00f3ci\u0142a si\u0119 o rozpatrzenie jej wniosku w trybie przyspieszonym oraz o zabezpieczenie, zamro\u017cenie wdra\u017cania ustawy do czasu orzeczenia Trybuna\u0142u.<\/p>\n<p>Dla rz\u0105du PiS and Co. to cios, aczkolwiek spodziewany, tym niemniej bolesny. Rz\u0105d zwodzi\u0142 Bruksel\u0119, jak d\u0142ugo m\u00f3g\u0142, m\u00f3wi\u0142 o dialogu, o ust\u0119pstwach, negocjacjach, a jednocze\u015bnie powtarza\u0142, \u017ce nie odst\u0105pi od zasad \u201ereformy\u201d, czyli \u201edialog\u201d mo\u017ce dotyczy\u0107 tylko didaskali\u00f3w, ale nie zasad. Nie pomog\u0142y gor\u0105czkowe zabiegi \u201elast minute\u201d premiera Morawieckiego. Teraz zobaczymy, co dalej \u2013 czy Polska zastosuje si\u0119 do zabezpieczenia, a nast\u0119pnie uzna orzeczenie TSUE, kt\u00f3rego mo\u017cna si\u0119 spodziewa\u0107 za ok. dwa miesi\u0105ce (wed\u0142ug prof. Marcina Matczaka), czy te\u017c je zignoruje? Na to rz\u0105d nie bardzo mo\u017ce sobie pozwoli\u0107, bo gro\u017c\u0105 mu (nam) powa\u017cne konsekwencje finansowe &#8211; nie tylko kara, ale r\u00f3wnie\u017c powi\u0105zanie perspektywy bud\u017cetowej ze stanem demokracji. Decyzja jeszcze nie zapad\u0142a, st\u0105d milczenie PiS.<\/p>\n<p>W czasie gdy wa\u017cy\u0142y si\u0119 losy ustawy w Unii, polskie w\u0142adze kontynuowa\u0142y, a nawet nasila\u0142y kampani\u0119 antyunijn\u0105, prezydent Duda nazwa\u0142 Uni\u0119 \u201ewyimaginowan\u0105 wsp\u00f3lnot\u0105\u201d, kt\u00f3ra nam nic nie daje. Wszystko to widocznie potrzebne jest PiS w kampanii wyborczej do samorz\u0105d\u00f3w, twardy elektorat lubi s\u0142ucha\u0107 o tym, jak Zach\u00f3d okrada Polsk\u0119. Elektorat PiS widocznie nie widzi miliard\u00f3w na nowe drogi, szko\u0142y, teatry, pomniki kultury, perony i linie kolejowe, B\u00f3g wie, na co jeszcze.<\/p>\n<p>Kampania przeciwko Unii oraz przeciwko s\u0119dziom (\u201ekasta\u201d) drogo Polsk\u0119 kosztuje. Rz\u0105d polski jest zdania, \u017ce wymiar sprawiedliwo\u015bci to wewn\u0119trzna sprawa ka\u017cdego pa\u0144stwa unijnego, Bruksela jest raczej odmiennego zdania: s\u0119dzia polski to s\u0119dzia unijny i na pewno nie mo\u017cna go wyrzuca\u0107 w czasie pe\u0142nienia mandatu.<\/p>\n<p>Dla Polski wstyd i w\u0105tpliwa satysfakcja, \u017ce jeste\u015bmy pierwszym krajem, kt\u00f3ry znalaz\u0142 si\u0119 w podobnej sytuacji. Natomiast prawdziwa satysfakcja dla tych, kt\u00f3rzy demonstrowali i demonstruj\u0105 w obronie praworz\u0105dno\u015bci, dla tych, kt\u00f3rym \u201edo twarzy\u201d w koszulkach z napisem \u201eKonstytucja\u201d, to chwila otuchy i nadziei, \u017ce nie wszystko stracone.<\/p>\n<p>Niestety, chwila zepsuta przez kolejny eksces prezesa Kaczy\u0144skiego, kt\u00f3ry pom\u00f3wi\u0142 cz\u0119\u015b\u0107 \u015brodowiska s\u0119dziowskiego o ojkofobi\u0119, czyli niech\u0119\u0107, wrogo\u015b\u0107 do swojego kraju. Prezes zn\u00f3w szczuje, wyodr\u0119bnia kolejn\u0105 grup\u0119 ludzi i wskazuje tych jako wrog\u00f3w, jako kolejne zagro\u017cenie, kolejne mordy zdradzieckie, drugi sort, ZOMO, postkomunist\u00f3w, z\u0142ogi itp. Prof. Marcin Matczak powiedzia\u0142 u Moniki Olejnik w TVN 24, \u017ce takie rozumowanie jest zbli\u017cone do faszystowskiego sposobu my\u015blenia, ja bym doda\u0142, \u017ce do rozumowania totalitarnego, bo komuni\u015bci tak\u017ce wskazywali wrog\u00f3w: \u201ebia\u0142ych\u201d, ku\u0142ak\u00f3w, obszarnik\u00f3w, lekarzy (!), duchownych, syjonist\u00f3w, rewizjonist\u00f3w, kosmopolit\u00f3w itd. Zapewne ka\u017cdy, kto popiera wniosek Komisji Europejskiej do Trybuna\u0142u Sprawiedliwo\u015bci, b\u0119dzie teraz oskar\u017cony o brak patriotyzmu i o zdrad\u0119. Smutna to konstatacja, kt\u00f3ra zak\u0142\u00f3ca dobr\u0105 nowin\u0119 z Europy.<\/p>\n","protected":false},"excerpt":{"rendered":"<p>Tak, a nawet nie \u2013 jak m\u00f3wi\u0142 Lech Wa\u0142\u0119sa.<\/p>\n","protected":false},"author":4,"featured_media":4833,"comment_status":"open","ping_status":"closed","sticky":false,"template":"","format":"standard","meta":{"footnotes":""},"categories":[1],"tags":[],"_links":{"self":[{"href":"https:\/\/blog.polityka.pl\/passent\/wp-json\/wp\/v2\/posts\/4828"}],"collection":[{"href":"https:\/\/blog.polityka.pl\/passent\/wp-json\/wp\/v2\/posts"}],"about":[{"href":"https:\/\/blog.polityka.pl\/passent\/wp-json\/wp\/v2\/types\/post"}],"author":[{"embeddable":true,"href":"https:\/\/blog.polityka.pl\/passent\/wp-json\/wp\/v2\/users\/4"}],"replies":[{"embeddable":true,"href":"https:\/\/blog.polityka.pl\/passent\/wp-json\/wp\/v2\/comments?post=4828"}],"version-history":[{"count":4,"href":"https:\/\/blog.polityka.pl\/passent\/wp-json\/wp\/v2\/posts\/4828\/revisions"}],"predecessor-version":[{"id":4832,"href":"https:\/\/blog.polityka.pl\/passent\/wp-json\/wp\/v2\/posts\/4828\/revisions\/4832"}],"wp:featuredmedia":[{"embeddable":true,"href":"https:\/\/blog.polityka.pl\/passent\/wp-json\/wp\/v2\/media\/4833"}],"wp:attachment":[{"href":"https:\/\/blog.polityka.pl\/passent\/wp-json\/wp\/v2\/media?parent=4828"}],"wp:term":[{"taxonomy":"category","embeddable":true,"href":"https:\/\/blog.polityka.pl\/passent\/wp-json\/wp\/v2\/categories?post=4828"},{"taxonomy":"post_tag","embeddable":true,"href":"https:\/\/blog.polityka.pl\/passent\/wp-json\/wp\/v2\/tags?post=4828"}],"curies":[{"name":"wp","href":"https:\/\/api.w.org\/{rel}","templated":true}]}}