
{"id":483,"date":"2008-09-04T08:01:16","date_gmt":"2008-09-04T06:01:16","guid":{"rendered":"http:\/\/passent.blog.polityka.pl\/?p=483"},"modified":"2008-09-04T00:14:41","modified_gmt":"2008-09-03T22:14:41","slug":"poczatek-sezonu","status":"publish","type":"post","link":"https:\/\/blog.polityka.pl\/passent\/2008\/09\/04\/poczatek-sezonu\/","title":{"rendered":"Pocz\u0105tek sezonu"},"content":{"rendered":"<p>Analitycy i wywiady wszystkich kraj\u00f3w \u0142\u0105cz\u0105 si\u0119 dzi\u015b w dociekaniu, co te\u017c dzieje si\u0119 na Ukrainie i w Gruzji. W O\u015brodku Studi\u00f3w Wschodnich musi panowa\u0107 wielkie o\u017cywienie. Na obrze\u017cach Rosji, kt\u00f3re budz\u0105 takie zainteresowanie Unii Europejskiej i Stan\u00f3w Zjednoczonych, zacz\u0119\u0142o si\u0119 gotowa\u0107. Teraz oka\u017ce si\u0119, ile jest warte Partnerstwo Wschodnie, zainicjowane przez Polsk\u0119 i Szwecj\u0119, z czego oficjalnie Warszawa jest taka dumna. Pierwsz\u0105 ofiar\u0105 kryzysu na Ukrainie i w Gruzji b\u0119dzie poszerzenie Unii i NATO. Jeszcze wczoraj, po niewypowiedzianej wojnie gruzi\u0144sko \u2013 rosyjskiej, m\u00f3wiono, \u017ce trzeba szybciej poszerza\u0107 Uni\u0119 i Sojusz Atlantycki. Tymczasem wydarzenia w obu krajach odsuwaj\u0105 te zamiary. Trudno sobie wyobrazi\u0107, \u017ceby zjednoczona Europa i NATO w najbli\u017cszej przysz\u0142o\u015bci przyjmowa\u0142y do rodziny takie trudne dzieci.<\/p>\n<p>Je\u017celi chodzi o Gruzj\u0119, to Zach\u00f3d b\u0119dzie teraz pompowa\u0142 tam pieni\u0105dze, \u017ceby odbudowa\u0107 zniszczenia, zapewni\u0107 wewn\u0119trzny spok\u00f3j, a przede wszystkim ocali\u0107 Saakaszwilego i wp\u0142ywy w regionie, nie da\u0107 Rosji kolejnego pretekstu do inwazji. Kiedy Saakaszwili przegra wybory na rzecz polityka bardziej obliczalnego \u2013 Bruksela i Waszyngton odetchn\u0105. Moskw\u0119 Gruzja ci\u0105gle b\u0119dzie uwiera\u0107, gdy\u017c \u017caden polityk prorosyjski nie ma tam szans. Ukraina natomiast jest za du\u017ca, \u017ceby Zach\u00f3d (w\u0142\u0105cznie z Polsk\u0105) m\u00f3g\u0142 tam wp\u0142ywa\u0107 na wydarzenia. Sympatie Zachodu (w tym Polski) mog\u0105 by\u0107 po stronie prezydenta Juszczenki, ale sprawy zasz\u0142y tam zbyt daleko i chyba nie pozostaje nic innego, jak czeka\u0107.<\/p>\n<p>Tak\u017ce w Polsce trwa otwarcie sezonu politycznego. Zbigniew Ziobro ma swoje pi\u0119\u0107 minut. Nie wiem, czy zarzuty, jakie wysuwa (i jeszcze wysunie) prokuratura, ostan\u0105 si\u0119 w s\u0105dzie. Na razie mam wra\u017cenie, \u017ce s\u0105 one zbyt przyczynkarskie (przekroczenie uprawnie\u0144 etc.) jak na ogrom szk\u00f3d, jakie ten cz\u0142owiek wyrz\u0105dzi\u0142 \u2013 upolitycznienie prawa, rugi w prokuraturze, s\u0105dy 24-godzinne, pos\u0142anka Blida, dr Garlicki \u2013 od korupcji do \u2018pozbawiania \u017cycia\u2019, aportowanie akt \u015bledztwa do prezesa PiS \u2013 ka\u017cdy z tych zarzut\u00f3w wydaje si\u0119 trudny do udowodnienia, ale w sumie by\u0142a to katastrofa. Megalomania i nadczynno\u015b\u0107 trudne s\u0105 do uchwycenia. Gdyby \u201epostkomunistyczny\u201d minister Sprawiedliwo\u015bci Kalisz zawi\u00f3z\u0142 akta do \u201epostkomunistycznego\u201d przewodnicz\u0105cego SLD, pp. (J.) Kaczy\u0144ski, Gosiewski, Karski i Kurski eksplodowaliby chyba z oburzenia. A skoro zrobi\u0142 to Ziobro, to by\u0142a to decyzja s\u0142uszna, a nawet konieczna (jak m\u00f3wi Artur Zawisza).<\/p>\n<p>Premier Tusk powiedzia\u0142, \u017ce jest mu oboj\u0119tny los Ziobry, ale to chyba opinia nies\u0142uszna. Nie chodzi przecie\u017c o osobiste koleje losu b. ministra, ale o rozliczenie IV RP, kt\u00f3re Donald Tusk zapowiada\u0142, i na kt\u00f3re nie spos\u00f3b si\u0119 doczeka\u0107, a tak\u017ce o los prawa i sprawiedliwo\u015bci w Polsce. Je\u017celi Ziobro ujdzie bezkarnie, to Donald Tusk poczuje, \u017ce to jest tak\u017ce jego sprawa.<\/p>\n<p>Inne sprawy s\u0105 bardziej gorsz\u0105ce. Zapowiadana przez PiS konferencja nt. wolnych zwi\u0105zk\u00f3w zawodowych, jaka ma odby\u0107 si\u0119 w Sejmie bez zaproszenia Wa\u0142\u0119sy, Borusewicza, Lisa, Borowczaka i innych tw\u00f3rc\u00f3w tych zwi\u0105zk\u00f3w, to po prostu farsa znana jako \u201epolityka historyczna\u201d. \u017baden szanuj\u0105cy si\u0119 dzia\u0142acz nie powinien wzi\u0105\u0107 w niej udzia\u0142u. To dalszy ci\u0105g \u201ebuczenia\u201d na Cmentarzu Pow\u0105zkowskim i pod pomnikiem u bram stoczni w Gda\u0144sku.<\/p>\n<p>Nie bez zdziwienia \u015bledz\u0119 te\u017c sp\u00f3r o film nt. Westerplatte. Dobrze by by\u0142o, \u017ceby ten film powsta\u0142, cho\u0107by za pieni\u0105dze prywatne. Wygl\u0105da na to, \u017ce na pieni\u0105dze pa\u0144stwowe m\u00f3g\u0142by liczy\u0107 tylko tw\u00f3rca w stylu Leni Riefenstahl.<\/p>\n<p>***<\/p>\n<p><strong>PS<\/strong>. Kilka s\u0142\u00f3w wdzi\u0119czno\u015bci do naszych blogowicz\u00f3w. Dyskusja na blogu kwitnie, a \u015bledz\u0105 j\u0105 tysi\u0105ce, ba, dziesi\u0105tki tysi\u0119cy internaut\u00f3w. Dorzuc\u0119 kilka s\u0142\u00f3w.<\/p>\n<p>\u2018<strong>Dyzio<\/strong>\u2019 skar\u017cy si\u0119 na tendencyjne media. 1 maja \u2013 pisze \u2013 \u201ewszystkie telewizje pokazuj\u0105 kilku facet\u00f3w, kt\u00f3rzy staraj\u0105 si\u0119 przeszkodzi\u0107 w rachitycznym pochodzie\u201d. Te\u017c mam takie wra\u017cenie. Na obiektywizm medi\u00f3w nie ma co liczy\u0107.<\/p>\n<p>\u2018<strong>Kadett<\/strong>\u2019 pisze, \u017ce blog nie mo\u017ce by\u0107 traktowany jako \u2018spluwaczka ludzi chorych z nienawi\u015bci i zara\u017conych antypolonizmem\u201d. Zgadzam si\u0119. Najlepszym remedium jest, \u017ceby ka\u017cdy zacz\u0105\u0142 od siebie, samemu dawa\u0142 przyk\u0142ad.<\/p>\n<p>\u2018<strong>Absolwent<\/strong>\u2019 insynuuje, \u017ce dy\u017curny amerykanista, prof. Lewicki otrzymuje wynagrodzenie i p\u0142aci podatki zagranic\u0105. To niedopuszczalna insynuacja, zw\u0142aszcza kiedy anonim szkaluje profesora po nazwisku. Krytykuj\u0119 profesora Lewickiego, ale insynuacji i anonim\u00f3w nie popieram.<\/p>\n<p>\u2018<strong>Bywalec 2<\/strong>\u2019 cieszy si\u0119, \u017ce prezydent LK od czasu do czasu deklamuje \u201eLokomotyw\u0119\u201d Tuwima, mimo lewicowej przesz\u0142o\u015bci poety. Ja te\u017c si\u0119 raduj\u0119, ale jak d\u0142ugo potrwa nasza rado\u015b\u0107? Do czasu, kiedy historycy nowej fali dobior\u0105 si\u0119 do autora \u201eKwiat\u00f3w polskich\u201d.<\/p>\n<p>\u2018<strong>Jacek.jjk<\/strong>\u2019 \u2013 dzi\u0119ki za dobre s\u0142owo. Mam nadzieje, \u017ce znajdzie Pan czas i wr\u00f3ci do lektury \u201ePolityki\u201d.<\/p>\n<p>\u2018<strong>Jasny Gwint<\/strong>\u2019 ubolewa, \u017ce kto\u015b na naszym blogu napisa\u0142 &#8222;obelgi pod adresem redaktora\u201d. Niech si\u0119 Pan nie przejmuje. Jak Pan zauwa\u017cy\u0142 \u2013 na zaczepki nie odpowiadam.<\/p>\n<p>\u2018<strong>Iwonie z Sydney<\/strong>\u2019 brak s\u0142\u00f3w na wiadomo\u015b\u0107, \u017ce PiS organizuje konferencj\u0119 zwi\u0105zkow\u0105 bez Wa\u0142esy, Borusewicza i B.Lisa. Podzielam Pani oburzenie, zazdroszcz\u0119 oddalenia od polskiego piek\u0142a.<\/p>\n","protected":false},"excerpt":{"rendered":"<p>Analitycy i wywiady wszystkich kraj\u00f3w \u0142\u0105cz\u0105 si\u0119 dzi\u015b w dociekaniu, co te\u017c dzieje si\u0119 na Ukrainie i w Gruzji. W O\u015brodku Studi\u00f3w Wschodnich musi panowa\u0107 wielkie o\u017cywienie. Na obrze\u017cach Rosji, kt\u00f3re budz\u0105 takie zainteresowanie Unii Europejskiej i Stan\u00f3w Zjednoczonych, zacz\u0119\u0142o si\u0119 gotowa\u0107. Teraz oka\u017ce si\u0119, ile jest warte Partnerstwo Wschodnie, zainicjowane przez Polsk\u0119 i Szwecj\u0119, [&hellip;]<\/p>\n","protected":false},"author":4,"featured_media":0,"comment_status":"open","ping_status":"open","sticky":false,"template":"","format":"standard","meta":{"footnotes":""},"categories":[1],"tags":[],"_links":{"self":[{"href":"https:\/\/blog.polityka.pl\/passent\/wp-json\/wp\/v2\/posts\/483"}],"collection":[{"href":"https:\/\/blog.polityka.pl\/passent\/wp-json\/wp\/v2\/posts"}],"about":[{"href":"https:\/\/blog.polityka.pl\/passent\/wp-json\/wp\/v2\/types\/post"}],"author":[{"embeddable":true,"href":"https:\/\/blog.polityka.pl\/passent\/wp-json\/wp\/v2\/users\/4"}],"replies":[{"embeddable":true,"href":"https:\/\/blog.polityka.pl\/passent\/wp-json\/wp\/v2\/comments?post=483"}],"version-history":[{"count":0,"href":"https:\/\/blog.polityka.pl\/passent\/wp-json\/wp\/v2\/posts\/483\/revisions"}],"wp:attachment":[{"href":"https:\/\/blog.polityka.pl\/passent\/wp-json\/wp\/v2\/media?parent=483"}],"wp:term":[{"taxonomy":"category","embeddable":true,"href":"https:\/\/blog.polityka.pl\/passent\/wp-json\/wp\/v2\/categories?post=483"},{"taxonomy":"post_tag","embeddable":true,"href":"https:\/\/blog.polityka.pl\/passent\/wp-json\/wp\/v2\/tags?post=483"}],"curies":[{"name":"wp","href":"https:\/\/api.w.org\/{rel}","templated":true}]}}